{"id":164189,"date":"2020-06-15T13:56:02","date_gmt":"2020-06-15T16:56:02","guid":{"rendered":"https:\/\/aconteceunovale.com.br\/portal\/?p=164189"},"modified":"2020-06-15T13:58:46","modified_gmt":"2020-06-15T16:58:46","slug":"receita-federal-ja-recebeu-mais-de-19-milhoes-de-declaracoes-do-imposto-de-renda","status":"publish","type":"post","link":"https:\/\/aconteceunovale.com.br\/portal\/?p=164189","title":{"rendered":"Receita Federal j\u00e1 recebeu mais de 19 milh\u00f5es de declara\u00e7\u00f5es do Imposto de Renda"},"content":{"rendered":"\n<p class=\"wp-block-paragraph\">Faltam 15 dias para o fim do prazo de entrega da declara\u00e7\u00e3o do Imposto de Renda da Pessoa F\u00edsica (IRPF) 2020. A Receita recebeu, at\u00e9 as 11h de hoje (15), 19.142.089 declara\u00e7\u00f5es.<\/p>\n\n\n\n<p class=\"wp-block-paragraph\">Esse n\u00famero representa quase 60% da expectativa de entrega, que \u00e9 de 32 milh\u00f5es de documentos.<\/p>\n\n\n\n<p class=\"wp-block-paragraph\">O supervisor nacional do IR, Joaquim Adir alerta para que o contribuinte n\u00e3o deixe a entrega da declara\u00e7\u00e3o para os \u00faltimos dias. \u201c\u00c9 importante que o declarante junte a documenta\u00e7\u00e3o e comece o preenchimento para o envio, a fim de se evitar atropelos de \u00faltima hora, j\u00e1 que muitas d\u00favidas surgem nesse momento\u201d, diz, em nota. Adir destaca ainda que, o quanto antes a declara\u00e7\u00e3o for regularmente enviada, mais r\u00e1pido ser\u00e1 o processamento e a restitui\u00e7\u00e3o.<\/p>\n\n\n\n<p class=\"wp-block-paragraph\">Para quem tiver d\u00favidas ou dificuldades no preenchimento da declara\u00e7\u00e3o, a&nbsp;<a href=\"https:\/\/receita.economia.gov.br\/noticias\/ascom\/2020\/junho\/naf-orienta-sobre-as-declaracoes-do-irpf-e-do-mei\" target=\"_blank\" rel=\"noreferrer noopener\">Receita Federal<\/a>, em parceria com diversas institui\u00e7\u00f5es de ensino, tem o N\u00facleo de Apoio Cont\u00e1bil e Fiscal (NAF). Segundo a Receita, atrav\u00e9s dele, o contribuinte recebe atendimento virtual e gratuito, para esclarecimentos.<\/p>\n\n\n\n<p class=\"wp-block-paragraph\">No<em>\u00a0<a rel=\"noreferrer noopener\" href=\"http:\/\/receita.economia.gov.br\/interface\/cidadao\/irpf\/2020\" target=\"_blank\">site<\/a><\/em>\u00a0da Receita, tamb\u00e9m est\u00e3o dispon\u00edveis orienta\u00e7\u00f5es sobre a Declara\u00e7\u00e3o do IRPF 2020.<\/p>\n\n\n\n<p class=\"has-background has-very-light-gray-background-color wp-block-paragraph\">Quer saber as not\u00edcias do <strong>Aconteceu no Vale<\/strong> em primeira m\u00e3o? Siga-nos no Facebook <a rel=\"noreferrer noopener\" href=\"http:\/\/facebook.com\/aconteceunovale\" target=\"_blank\">@aconteceunovale<\/a>, Twitter <a rel=\"noreferrer noopener\" href=\"https:\/\/twitter.com\/noticiadosvales\" target=\"_blank\">@noticiadosvales<\/a> e Instagram <a rel=\"noreferrer noopener\" href=\"https:\/\/www.instagram.com\/aconteceunovale\" target=\"_blank\">@aconteceunovale<\/a>.<\/p>\n","protected":false},"excerpt":{"rendered":"<p>Faltam 15 dias para o fim do prazo de entrega da declara\u00e7\u00e3o do Imposto de Renda da Pessoa F\u00edsica (IRPF) 2020. A Receita recebeu, at\u00e9 as 11h de hoje (15), 19.142.089 declara\u00e7\u00f5es. Esse n\u00famero representa quase 60% da expectativa de entrega, que \u00e9 de 32 milh\u00f5es de documentos. O supervisor nacional do IR, Joaquim Adir [&hellip;]<\/p>\n","protected":false},"author":1,"featured_media":155874,"comment_status":"open","ping_status":"closed","sticky":false,"template":"","format":"standard","meta":{"amp_status":"","footnotes":""},"categories":[40239],"tags":[5197,216671,1468,216672,1464,223684],"class_list":["post-164189","post","type-post","status-publish","format-standard","has-post-thumbnail","hentry","category-economia-2","tag-declaracao-do-imposto-de-renda","tag-declaracao-do-imposto-de-renda-2020","tag-imposto-de-renda","tag-imposto-de-renda-2020","tag-receita-federal","tag-receita-federal-ja-recebeu-mais-de-19-milhoes-de-declaracoes-do-imposto-de-renda"],"yoast_head":"<!-- This site is optimized with the Yoast SEO plugin v28.3 - https:\/\/yoast.com\/product\/yoast-seo-wordpress\/ -->\n<title>Receita Federal j\u00e1 recebeu mais de 19 milh\u00f5es de declara\u00e7\u00f5es do Imposto de Renda - Aconteceu no Vale<\/title>\n<meta name=\"robots\" content=\"index, follow, max-snippet:-1, max-image-preview:large, max-video-preview:-1\" \/>\n<link rel=\"canonical\" href=\"https:\/\/aconteceunovale.com.br\/portal\/?p=164189\" \/>\n<meta property=\"og:locale\" content=\"pt_BR\" \/>\n<meta property=\"og:type\" content=\"article\" \/>\n<meta property=\"og:title\" content=\"Receita Federal j\u00e1 recebeu mais de 19 milh\u00f5es de declara\u00e7\u00f5es do Imposto de Renda - Aconteceu no Vale\" \/>\n<meta property=\"og:description\" content=\"Faltam 15 dias para o fim do prazo de entrega da declara\u00e7\u00e3o do Imposto de Renda da Pessoa F\u00edsica (IRPF) 2020. A Receita recebeu, at\u00e9 as 11h de hoje (15), 19.142.089 declara\u00e7\u00f5es. Esse n\u00famero representa quase 60% da expectativa de entrega, que \u00e9 de 32 milh\u00f5es de documentos. O supervisor nacional do IR, Joaquim Adir [&hellip;]\" \/>\n<meta property=\"og:url\" content=\"https:\/\/aconteceunovale.com.br\/portal\/?p=164189\" \/>\n<meta property=\"og:site_name\" content=\"Aconteceu no Vale\" \/>\n<meta property=\"article:publisher\" content=\"https:\/\/www.facebook.com\/aconteceunovale\/\" \/>\n<meta property=\"article:published_time\" content=\"2020-06-15T16:56:02+00:00\" \/>\n<meta property=\"article:modified_time\" content=\"2020-06-15T16:58:46+00:00\" \/>\n<meta property=\"og:image\" content=\"https:\/\/aconteceunovale.com.br\/portal\/wp-content\/uploads\/2019\/12\/receita_federal.jpg\" \/>\n\t<meta property=\"og:image:width\" content=\"675\" \/>\n\t<meta property=\"og:image:height\" content=\"450\" \/>\n\t<meta property=\"og:image:type\" content=\"image\/jpeg\" \/>\n<meta name=\"author\" content=\"Aconteceu no Vale\" \/>\n<meta name=\"twitter:card\" content=\"summary_large_image\" \/>\n<meta name=\"twitter:creator\" content=\"@noticiadosvales\" \/>\n<meta name=\"twitter:site\" content=\"@noticiadosvales\" \/>\n<meta name=\"twitter:label1\" content=\"Escrito por\" \/>\n\t<meta name=\"twitter:data1\" content=\"Aconteceu no Vale\" \/>\n\t<meta name=\"twitter:label2\" content=\"Est. tempo de leitura\" \/>\n\t<meta name=\"twitter:data2\" content=\"1 minuto\" \/>\n<script type=\"application\/ld+json\" class=\"yoast-schema-graph\">{\"@context\":\"https:\\\/\\\/schema.org\",\"@graph\":[{\"@type\":\"Article\",\"@id\":\"https:\\\/\\\/aconteceunovale.com.br\\\/portal\\\/?p=164189#article\",\"isPartOf\":{\"@id\":\"https:\\\/\\\/aconteceunovale.com.br\\\/portal\\\/?p=164189\"},\"author\":{\"name\":\"Aconteceu no Vale\",\"@id\":\"https:\\\/\\\/aconteceunovale.com.br\\\/portal\\\/#\\\/schema\\\/person\\\/633529146f2c94272bef50ac2953d589\"},\"headline\":\"Receita Federal j\u00e1 recebeu mais de 19 milh\u00f5es de declara\u00e7\u00f5es do Imposto de Renda\",\"datePublished\":\"2020-06-15T16:56:02+00:00\",\"dateModified\":\"2020-06-15T16:58:46+00:00\",\"mainEntityOfPage\":{\"@id\":\"https:\\\/\\\/aconteceunovale.com.br\\\/portal\\\/?p=164189\"},\"wordCount\":233,\"commentCount\":0,\"image\":{\"@id\":\"https:\\\/\\\/aconteceunovale.com.br\\\/portal\\\/?p=164189#primaryimage\"},\"thumbnailUrl\":\"https:\\\/\\\/aconteceunovale.com.br\\\/portal\\\/wp-content\\\/uploads\\\/2019\\\/12\\\/receita_federal.jpg\",\"keywords\":[\"declara\u00e7\u00e3o do Imposto de Renda\",\"Declara\u00e7\u00e3o do Imposto de Renda 2020\",\"imposto de renda\",\"Imposto de renda 2020\",\"receita federal\",\"Receita Federal j\u00e1 recebeu mais de 19 milh\u00f5es de declara\u00e7\u00f5es do Imposto de Renda\"],\"articleSection\":[\"Economia\"],\"inLanguage\":\"pt-BR\",\"potentialAction\":[{\"@type\":\"CommentAction\",\"name\":\"Comment\",\"target\":[\"https:\\\/\\\/aconteceunovale.com.br\\\/portal\\\/?p=164189#respond\"]}]},{\"@type\":\"WebPage\",\"@id\":\"https:\\\/\\\/aconteceunovale.com.br\\\/portal\\\/?p=164189\",\"url\":\"https:\\\/\\\/aconteceunovale.com.br\\\/portal\\\/?p=164189\",\"name\":\"Receita Federal j\u00e1 recebeu mais de 19 milh\u00f5es de declara\u00e7\u00f5es do Imposto de Renda - Aconteceu no Vale\",\"isPartOf\":{\"@id\":\"https:\\\/\\\/aconteceunovale.com.br\\\/portal\\\/#website\"},\"primaryImageOfPage\":{\"@id\":\"https:\\\/\\\/aconteceunovale.com.br\\\/portal\\\/?p=164189#primaryimage\"},\"image\":{\"@id\":\"https:\\\/\\\/aconteceunovale.com.br\\\/portal\\\/?p=164189#primaryimage\"},\"thumbnailUrl\":\"https:\\\/\\\/aconteceunovale.com.br\\\/portal\\\/wp-content\\\/uploads\\\/2019\\\/12\\\/receita_federal.jpg\",\"datePublished\":\"2020-06-15T16:56:02+00:00\",\"dateModified\":\"2020-06-15T16:58:46+00:00\",\"author\":{\"@id\":\"https:\\\/\\\/aconteceunovale.com.br\\\/portal\\\/#\\\/schema\\\/person\\\/633529146f2c94272bef50ac2953d589\"},\"breadcrumb\":{\"@id\":\"https:\\\/\\\/aconteceunovale.com.br\\\/portal\\\/?p=164189#breadcrumb\"},\"inLanguage\":\"pt-BR\",\"potentialAction\":[{\"@type\":\"ReadAction\",\"target\":[\"https:\\\/\\\/aconteceunovale.com.br\\\/portal\\\/?p=164189\"]}]},{\"@type\":\"ImageObject\",\"inLanguage\":\"pt-BR\",\"@id\":\"https:\\\/\\\/aconteceunovale.com.br\\\/portal\\\/?p=164189#primaryimage\",\"url\":\"https:\\\/\\\/aconteceunovale.com.br\\\/portal\\\/wp-content\\\/uploads\\\/2019\\\/12\\\/receita_federal.jpg\",\"contentUrl\":\"https:\\\/\\\/aconteceunovale.com.br\\\/portal\\\/wp-content\\\/uploads\\\/2019\\\/12\\\/receita_federal.jpg\",\"width\":675,\"height\":450},{\"@type\":\"BreadcrumbList\",\"@id\":\"https:\\\/\\\/aconteceunovale.com.br\\\/portal\\\/?p=164189#breadcrumb\",\"itemListElement\":[{\"@type\":\"ListItem\",\"position\":1,\"name\":\"In\u00edcio\",\"item\":\"https:\\\/\\\/aconteceunovale.com.br\\\/portal\\\/\"},{\"@type\":\"ListItem\",\"position\":2,\"name\":\"Receita Federal j\u00e1 recebeu mais de 19 milh\u00f5es de declara\u00e7\u00f5es do Imposto de Renda\"}]},{\"@type\":\"WebSite\",\"@id\":\"https:\\\/\\\/aconteceunovale.com.br\\\/portal\\\/#website\",\"url\":\"https:\\\/\\\/aconteceunovale.com.br\\\/portal\\\/\",\"name\":\"Aconteceu no Vale\",\"description\":\"Portal de Not\u00edcias\",\"potentialAction\":[{\"@type\":\"SearchAction\",\"target\":{\"@type\":\"EntryPoint\",\"urlTemplate\":\"https:\\\/\\\/aconteceunovale.com.br\\\/portal\\\/?s={search_term_string}\"},\"query-input\":{\"@type\":\"PropertyValueSpecification\",\"valueRequired\":true,\"valueName\":\"search_term_string\"}}],\"inLanguage\":\"pt-BR\"},{\"@type\":\"Person\",\"@id\":\"https:\\\/\\\/aconteceunovale.com.br\\\/portal\\\/#\\\/schema\\\/person\\\/633529146f2c94272bef50ac2953d589\",\"name\":\"Aconteceu no Vale\",\"description\":\"Equipe de reportagem do Aconteceu no Vale, portal de not\u00edcias do Vale do Jequitinhonha, em Minas Gerais. Cobrimos as 51 cidades do Vale desde 2013. Sugest\u00f5es de pauta e pedidos de corre\u00e7\u00e3o: contato@aconteceunovale.com.br\",\"sameAs\":[\"http:\\\/\\\/www.aconteceunovale.com.br\"],\"url\":\"https:\\\/\\\/aconteceunovale.com.br\\\/portal\\\/?author=1\"}]}<\/script>\n<!-- \/ Yoast SEO plugin. -->","yoast_head_json":{"title":"Receita Federal j\u00e1 recebeu mais de 19 milh\u00f5es de declara\u00e7\u00f5es do Imposto de Renda - Aconteceu no Vale","robots":{"index":"index","follow":"follow","max-snippet":"max-snippet:-1","max-image-preview":"max-image-preview:large","max-video-preview":"max-video-preview:-1"},"canonical":"https:\/\/aconteceunovale.com.br\/portal\/?p=164189","og_locale":"pt_BR","og_type":"article","og_title":"Receita Federal j\u00e1 recebeu mais de 19 milh\u00f5es de declara\u00e7\u00f5es do Imposto de Renda - Aconteceu no Vale","og_description":"Faltam 15 dias para o fim do prazo de entrega da declara\u00e7\u00e3o do Imposto de Renda da Pessoa F\u00edsica (IRPF) 2020. A Receita recebeu, at\u00e9 as 11h de hoje (15), 19.142.089 declara\u00e7\u00f5es. Esse n\u00famero representa quase 60% da expectativa de entrega, que \u00e9 de 32 milh\u00f5es de documentos. O supervisor nacional do IR, Joaquim Adir [&hellip;]","og_url":"https:\/\/aconteceunovale.com.br\/portal\/?p=164189","og_site_name":"Aconteceu no Vale","article_publisher":"https:\/\/www.facebook.com\/aconteceunovale\/","article_published_time":"2020-06-15T16:56:02+00:00","article_modified_time":"2020-06-15T16:58:46+00:00","og_image":[{"width":675,"height":450,"url":"https:\/\/aconteceunovale.com.br\/portal\/wp-content\/uploads\/2019\/12\/receita_federal.jpg","type":"image\/jpeg"}],"author":"Aconteceu no Vale","twitter_card":"summary_large_image","twitter_creator":"@noticiadosvales","twitter_site":"@noticiadosvales","twitter_misc":{"Escrito por":"Aconteceu no Vale","Est. tempo de leitura":"1 minuto"},"schema":{"@context":"https:\/\/schema.org","@graph":[{"@type":"Article","@id":"https:\/\/aconteceunovale.com.br\/portal\/?p=164189#article","isPartOf":{"@id":"https:\/\/aconteceunovale.com.br\/portal\/?p=164189"},"author":{"name":"Aconteceu no Vale","@id":"https:\/\/aconteceunovale.com.br\/portal\/#\/schema\/person\/633529146f2c94272bef50ac2953d589"},"headline":"Receita Federal j\u00e1 recebeu mais de 19 milh\u00f5es de declara\u00e7\u00f5es do Imposto de Renda","datePublished":"2020-06-15T16:56:02+00:00","dateModified":"2020-06-15T16:58:46+00:00","mainEntityOfPage":{"@id":"https:\/\/aconteceunovale.com.br\/portal\/?p=164189"},"wordCount":233,"commentCount":0,"image":{"@id":"https:\/\/aconteceunovale.com.br\/portal\/?p=164189#primaryimage"},"thumbnailUrl":"https:\/\/aconteceunovale.com.br\/portal\/wp-content\/uploads\/2019\/12\/receita_federal.jpg","keywords":["declara\u00e7\u00e3o do Imposto de Renda","Declara\u00e7\u00e3o do Imposto de Renda 2020","imposto de renda","Imposto de renda 2020","receita federal","Receita Federal j\u00e1 recebeu mais de 19 milh\u00f5es de declara\u00e7\u00f5es do Imposto de Renda"],"articleSection":["Economia"],"inLanguage":"pt-BR","potentialAction":[{"@type":"CommentAction","name":"Comment","target":["https:\/\/aconteceunovale.com.br\/portal\/?p=164189#respond"]}]},{"@type":"WebPage","@id":"https:\/\/aconteceunovale.com.br\/portal\/?p=164189","url":"https:\/\/aconteceunovale.com.br\/portal\/?p=164189","name":"Receita Federal j\u00e1 recebeu mais de 19 milh\u00f5es de declara\u00e7\u00f5es do Imposto de Renda - Aconteceu no Vale","isPartOf":{"@id":"https:\/\/aconteceunovale.com.br\/portal\/#website"},"primaryImageOfPage":{"@id":"https:\/\/aconteceunovale.com.br\/portal\/?p=164189#primaryimage"},"image":{"@id":"https:\/\/aconteceunovale.com.br\/portal\/?p=164189#primaryimage"},"thumbnailUrl":"https:\/\/aconteceunovale.com.br\/portal\/wp-content\/uploads\/2019\/12\/receita_federal.jpg","datePublished":"2020-06-15T16:56:02+00:00","dateModified":"2020-06-15T16:58:46+00:00","author":{"@id":"https:\/\/aconteceunovale.com.br\/portal\/#\/schema\/person\/633529146f2c94272bef50ac2953d589"},"breadcrumb":{"@id":"https:\/\/aconteceunovale.com.br\/portal\/?p=164189#breadcrumb"},"inLanguage":"pt-BR","potentialAction":[{"@type":"ReadAction","target":["https:\/\/aconteceunovale.com.br\/portal\/?p=164189"]}]},{"@type":"ImageObject","inLanguage":"pt-BR","@id":"https:\/\/aconteceunovale.com.br\/portal\/?p=164189#primaryimage","url":"https:\/\/aconteceunovale.com.br\/portal\/wp-content\/uploads\/2019\/12\/receita_federal.jpg","contentUrl":"https:\/\/aconteceunovale.com.br\/portal\/wp-content\/uploads\/2019\/12\/receita_federal.jpg","width":675,"height":450},{"@type":"BreadcrumbList","@id":"https:\/\/aconteceunovale.com.br\/portal\/?p=164189#breadcrumb","itemListElement":[{"@type":"ListItem","position":1,"name":"In\u00edcio","item":"https:\/\/aconteceunovale.com.br\/portal\/"},{"@type":"ListItem","position":2,"name":"Receita Federal j\u00e1 recebeu mais de 19 milh\u00f5es de declara\u00e7\u00f5es do Imposto de Renda"}]},{"@type":"WebSite","@id":"https:\/\/aconteceunovale.com.br\/portal\/#website","url":"https:\/\/aconteceunovale.com.br\/portal\/","name":"Aconteceu no Vale","description":"Portal de Not\u00edcias","potentialAction":[{"@type":"SearchAction","target":{"@type":"EntryPoint","urlTemplate":"https:\/\/aconteceunovale.com.br\/portal\/?s={search_term_string}"},"query-input":{"@type":"PropertyValueSpecification","valueRequired":true,"valueName":"search_term_string"}}],"inLanguage":"pt-BR"},{"@type":"Person","@id":"https:\/\/aconteceunovale.com.br\/portal\/#\/schema\/person\/633529146f2c94272bef50ac2953d589","name":"Aconteceu no Vale","description":"Equipe de reportagem do Aconteceu no Vale, portal de not\u00edcias do Vale do Jequitinhonha, em Minas Gerais. Cobrimos as 51 cidades do Vale desde 2013. Sugest\u00f5es de pauta e pedidos de corre\u00e7\u00e3o: contato@aconteceunovale.com.br","sameAs":["http:\/\/www.aconteceunovale.com.br"],"url":"https:\/\/aconteceunovale.com.br\/portal\/?author=1"}]}},"_links":{"self":[{"href":"https:\/\/aconteceunovale.com.br\/portal\/index.php?rest_route=\/wp\/v2\/posts\/164189","targetHints":{"allow":["GET"]}}],"collection":[{"href":"https:\/\/aconteceunovale.com.br\/portal\/index.php?rest_route=\/wp\/v2\/posts"}],"about":[{"href":"https:\/\/aconteceunovale.com.br\/portal\/index.php?rest_route=\/wp\/v2\/types\/post"}],"author":[{"embeddable":true,"href":"https:\/\/aconteceunovale.com.br\/portal\/index.php?rest_route=\/wp\/v2\/users\/1"}],"replies":[{"embeddable":true,"href":"https:\/\/aconteceunovale.com.br\/portal\/index.php?rest_route=%2Fwp%2Fv2%2Fcomments&post=164189"}],"version-history":[{"count":1,"href":"https:\/\/aconteceunovale.com.br\/portal\/index.php?rest_route=\/wp\/v2\/posts\/164189\/revisions"}],"predecessor-version":[{"id":164190,"href":"https:\/\/aconteceunovale.com.br\/portal\/index.php?rest_route=\/wp\/v2\/posts\/164189\/revisions\/164190"}],"wp:featuredmedia":[{"embeddable":true,"href":"https:\/\/aconteceunovale.com.br\/portal\/index.php?rest_route=\/wp\/v2\/media\/155874"}],"wp:attachment":[{"href":"https:\/\/aconteceunovale.com.br\/portal\/index.php?rest_route=%2Fwp%2Fv2%2Fmedia&parent=164189"}],"wp:term":[{"taxonomy":"category","embeddable":true,"href":"https:\/\/aconteceunovale.com.br\/portal\/index.php?rest_route=%2Fwp%2Fv2%2Fcategories&post=164189"},{"taxonomy":"post_tag","embeddable":true,"href":"https:\/\/aconteceunovale.com.br\/portal\/index.php?rest_route=%2Fwp%2Fv2%2Ftags&post=164189"}],"curies":[{"name":"wp","href":"https:\/\/api.w.org\/{rel}","templated":true}]}}