{"id":164186,"date":"2020-06-15T13:52:18","date_gmt":"2020-06-15T16:52:18","guid":{"rendered":"https:\/\/aconteceunovale.com.br\/portal\/?p=164186"},"modified":"2020-06-15T13:52:28","modified_gmt":"2020-06-15T16:52:28","slug":"ha-um-mes-sem-registro-de-obito-por-covid-19-paraguai-avanca-na-reabertura","status":"publish","type":"post","link":"https:\/\/aconteceunovale.com.br\/portal\/?p=164186","title":{"rendered":"H\u00e1 um m\u00eas sem registro de \u00f3bito por Covid-19, Paraguai avan\u00e7a na reabertura"},"content":{"rendered":"\n<p class=\"wp-block-paragraph\">O Paraguai \u00e9 um dos pa\u00edses que, at\u00e9 o momento, est\u00e3o vencendo a batalha contra o novo coronav\u00edrus (covid-19). Com 1.289 casos registrados e apenas 11 mortos, o pa\u00eds n\u00e3o registra nenhum \u00f3bito h\u00e1 mais de um m\u00eas. Hoje (15\/6\/2020), os paraguaios entram na fase 3 da \u201cquarentena inteligente\u201d, processo gradual de reabertura das atividades, definido pelo governo.<\/p>\n\n\n\n<p class=\"wp-block-paragraph\">Nessa nova etapa, os restaurantes est\u00e3o autorizados a abrir, desde que com agendamento pr\u00e9vio, reserva de mesa e registro individualizado de cada cliente, com nome, sobrenome, endere\u00e7o, n\u00famero de documento de identidade e telefone.<\/p>\n\n\n\n<p class=\"wp-block-paragraph\">Em nota, o Minist\u00e9rio da Sa\u00fade disse que as informa\u00e7\u00f5es coletadas &#8220;ser\u00e3o usadas exclusivamente pelo \u00f3rg\u00e3o para rastreamento de contatos no caso de um caso da covid-19 positivo ser identificado&#8221;.<\/p>\n\n\n\n<h2 class=\"wp-block-heading\">Atividades ao ar livre<\/h2>\n\n\n\n<p class=\"wp-block-paragraph\">As atividades ao ar livre tamb\u00e9m est\u00e3o autorizadas, desde que em grupos de at\u00e9 duas pessoas. A pr\u00e1tica de esportes em academias e gin\u00e1sios tamb\u00e9m est\u00e1 liberada &#8211; exceto as atividades com contato f\u00edsico -, desde que seja feito o registro das pessoas, com nome, sobrenome, endere\u00e7o, n\u00famero de documento de identidade e telefone. Atividades esportivas e recreativas ao ar livre para crian\u00e7as e adolescentes devem ser acompanhadas de um adulto, evitando o contato f\u00edsico com outras crian\u00e7as que n\u00e3o sejam do mesmo c\u00edrculo familiar.<\/p>\n\n\n\n<p class=\"wp-block-paragraph\">Algumas atividades culturais, como cinemas drive-in, tamb\u00e9m s\u00e3o autorizadas a partir de hoje (15), desde que respeitem o distanciamento f\u00edsico. Eventos religiosos e cultos tamb\u00e9m est\u00e3o liberados desde que sejam garantidos 15 metros quadrados por pessoa e um m\u00e1ximo de 20 pessoas. Essas atividades tamb\u00e9m devem ter agendamento pr\u00e9vio e registro dos participantes, como no caso de restaurantes e atividades f\u00edsicas em locais fechados.<\/p>\n\n\n\n<p class=\"wp-block-paragraph\">As aulas presenciais seguem suspensas, em todos os n\u00edveis educacionais. Est\u00e3o autorizadas tamb\u00e9m pr\u00e1ticas laboratoriais em universidades, assim como a realiza\u00e7\u00e3o de exames finais e defesas de teses para a conclus\u00e3o de per\u00edodos letivos.<\/p>\n\n\n\n<p class=\"wp-block-paragraph\">De domingo a quinta-feira, a circula\u00e7\u00e3o est\u00e1 autorizada de 5h da manh\u00e3 \u00e0s 23h. Sextas-feiras e s\u00e1bados, a popula\u00e7\u00e3o pode circular de 5h \u00e0 meia noite.<\/p>\n\n\n\n<p class=\"wp-block-paragraph\">Apesar das novas flexibiliza\u00e7\u00f5es da quarentena, o governo paraguaio insiste para que a popula\u00e7\u00e3o siga adotando as medidas sanit\u00e1rias, como o uso de m\u00e1scaras, a constante lavagem das m\u00e3os e o distanciamento f\u00edsico de 2 metros.<\/p>\n\n\n\n<h2 class=\"wp-block-heading\">N\u00fameros<\/h2>\n\n\n\n<p class=\"wp-block-paragraph\">Entre os 1.289 casos registrados no Paraguai, 410 foram mulheres (32%) e 879, homens (68%). O pa\u00eds tem 650 pessoas curadas e 628 com sintomas da doen\u00e7a. H\u00e1 nove pessoas internadas, sendo que duas delas est\u00e3o em unidades de terapia intensiva (UTI).<\/p>\n\n\n\n<p class=\"wp-block-paragraph\">O pa\u00eds tem uma popula\u00e7\u00e3o de 6,9 milh\u00f5es de habitantes e realizou, at\u00e9 o momento, mais de 48 mil testes. O primeiro caso confirmado de contamina\u00e7\u00e3o pela covid-19 foi no dia 7 de mar\u00e7o. A \u00faltima morte registrada no pa\u00eds foi h\u00e1 um m\u00eas.<\/p>\n\n\n\n<p class=\"wp-block-paragraph\">O Paraguai, que n\u00e3o tem sa\u00eddas para o mar e faz fronteira com Bol\u00edvia, Argentina e Brasil, ainda n\u00e3o anunciou previs\u00e3o para reabertura das fronteiras.<\/p>\n\n\n\n<p class=\"has-background has-very-light-gray-background-color wp-block-paragraph\">Quer saber as not\u00edcias do <strong>Aconteceu no Vale<\/strong> em primeira m\u00e3o? Siga-nos no Facebook <a rel=\"noreferrer noopener\" href=\"http:\/\/facebook.com\/aconteceunovale\" target=\"_blank\">@aconteceunovale<\/a>, Twitter <a rel=\"noreferrer noopener\" href=\"https:\/\/twitter.com\/noticiadosvales\" target=\"_blank\">@noticiadosvales<\/a> e Instagram <a rel=\"noreferrer noopener\" href=\"https:\/\/www.instagram.com\/aconteceunovale\" target=\"_blank\">@aconteceunovale<\/a>.<\/p>\n","protected":false},"excerpt":{"rendered":"<p>O Paraguai \u00e9 um dos pa\u00edses que, at\u00e9 o momento, est\u00e3o vencendo a batalha contra o novo coronav\u00edrus (covid-19). Com 1.289 casos registrados e apenas 11 mortos, o pa\u00eds n\u00e3o registra nenhum \u00f3bito h\u00e1 mais de um m\u00eas. Hoje (15\/6\/2020), os paraguaios entram na fase 3 da \u201cquarentena inteligente\u201d, processo gradual de reabertura das atividades, [&hellip;]<\/p>\n","protected":false},"author":1,"featured_media":164187,"comment_status":"open","ping_status":"closed","sticky":false,"template":"","format":"standard","meta":{"amp_status":"","footnotes":""},"categories":[28848,40242],"tags":[223682,223681,223680,223678,223683,16735,223679],"class_list":["post-164186","post","type-post","status-publish","format-standard","has-post-thumbnail","hentry","category-mundo","category-saude-2","tag-casos-de-coronavirus-no-paraguai","tag-coronavirus-no-paraguai","tag-covid-19-no-paraguai","tag-ha-um-mes-sem-registro-de-obito-por-covid-19","tag-obitos-por-coronavirus-no-paraguai","tag-paraguai","tag-paraguai-avanca-na-reabertura"],"yoast_head":"<!-- This site is optimized with the Yoast SEO plugin v28.3 - https:\/\/yoast.com\/product\/yoast-seo-wordpress\/ -->\n<title>H\u00e1 um m\u00eas sem registro de \u00f3bito por Covid-19, Paraguai avan\u00e7a na reabertura - Aconteceu no Vale<\/title>\n<meta name=\"robots\" content=\"index, follow, max-snippet:-1, max-image-preview:large, max-video-preview:-1\" \/>\n<link rel=\"canonical\" href=\"https:\/\/aconteceunovale.com.br\/portal\/?p=164186\" \/>\n<meta property=\"og:locale\" content=\"pt_BR\" \/>\n<meta property=\"og:type\" content=\"article\" \/>\n<meta property=\"og:title\" content=\"H\u00e1 um m\u00eas sem registro de \u00f3bito por Covid-19, Paraguai avan\u00e7a na reabertura - Aconteceu no Vale\" \/>\n<meta property=\"og:description\" content=\"O Paraguai \u00e9 um dos pa\u00edses que, at\u00e9 o momento, est\u00e3o vencendo a batalha contra o novo coronav\u00edrus (covid-19). Com 1.289 casos registrados e apenas 11 mortos, o pa\u00eds n\u00e3o registra nenhum \u00f3bito h\u00e1 mais de um m\u00eas. Hoje (15\/6\/2020), os paraguaios entram na fase 3 da \u201cquarentena inteligente\u201d, processo gradual de reabertura das atividades, [&hellip;]\" \/>\n<meta property=\"og:url\" content=\"https:\/\/aconteceunovale.com.br\/portal\/?p=164186\" \/>\n<meta property=\"og:site_name\" content=\"Aconteceu no Vale\" \/>\n<meta property=\"article:publisher\" content=\"https:\/\/www.facebook.com\/aconteceunovale\/\" \/>\n<meta property=\"article:published_time\" content=\"2020-06-15T16:52:18+00:00\" \/>\n<meta property=\"article:modified_time\" content=\"2020-06-15T16:52:28+00:00\" \/>\n<meta property=\"og:image\" content=\"https:\/\/aconteceunovale.com.br\/portal\/wp-content\/uploads\/2020\/06\/paraguai.jpg\" \/>\n\t<meta property=\"og:image:width\" content=\"960\" \/>\n\t<meta property=\"og:image:height\" content=\"608\" \/>\n\t<meta property=\"og:image:type\" content=\"image\/jpeg\" \/>\n<meta name=\"author\" content=\"Aconteceu no Vale\" \/>\n<meta name=\"twitter:card\" content=\"summary_large_image\" \/>\n<meta name=\"twitter:creator\" content=\"@noticiadosvales\" \/>\n<meta name=\"twitter:site\" content=\"@noticiadosvales\" \/>\n<meta name=\"twitter:label1\" content=\"Escrito por\" \/>\n\t<meta name=\"twitter:data1\" content=\"Aconteceu no Vale\" \/>\n\t<meta name=\"twitter:label2\" content=\"Est. tempo de leitura\" \/>\n\t<meta name=\"twitter:data2\" content=\"3 minutos\" \/>\n<script type=\"application\/ld+json\" class=\"yoast-schema-graph\">{\"@context\":\"https:\\\/\\\/schema.org\",\"@graph\":[{\"@type\":\"Article\",\"@id\":\"https:\\\/\\\/aconteceunovale.com.br\\\/portal\\\/?p=164186#article\",\"isPartOf\":{\"@id\":\"https:\\\/\\\/aconteceunovale.com.br\\\/portal\\\/?p=164186\"},\"author\":{\"name\":\"Aconteceu no Vale\",\"@id\":\"https:\\\/\\\/aconteceunovale.com.br\\\/portal\\\/#\\\/schema\\\/person\\\/633529146f2c94272bef50ac2953d589\"},\"headline\":\"H\u00e1 um m\u00eas sem registro de \u00f3bito por Covid-19, Paraguai avan\u00e7a na reabertura\",\"datePublished\":\"2020-06-15T16:52:18+00:00\",\"dateModified\":\"2020-06-15T16:52:28+00:00\",\"mainEntityOfPage\":{\"@id\":\"https:\\\/\\\/aconteceunovale.com.br\\\/portal\\\/?p=164186\"},\"wordCount\":569,\"commentCount\":0,\"image\":{\"@id\":\"https:\\\/\\\/aconteceunovale.com.br\\\/portal\\\/?p=164186#primaryimage\"},\"thumbnailUrl\":\"https:\\\/\\\/aconteceunovale.com.br\\\/portal\\\/wp-content\\\/uploads\\\/2020\\\/06\\\/paraguai.jpg\",\"keywords\":[\"Casos de coronav\u00edrus no Paraguai\",\"Coronav\u00edrus no Paraguai\",\"Covid-19 no Paraguai\",\"H\u00e1 um m\u00eas sem registro de \u00f3bito por Covid-19\",\"\u00d3bitos por coronav\u00edrus no Paraguai\",\"Paraguai\",\"Paraguai avan\u00e7a na reabertura\"],\"articleSection\":[\"Mundo\",\"Sa\u00fade\"],\"inLanguage\":\"pt-BR\",\"potentialAction\":[{\"@type\":\"CommentAction\",\"name\":\"Comment\",\"target\":[\"https:\\\/\\\/aconteceunovale.com.br\\\/portal\\\/?p=164186#respond\"]}]},{\"@type\":\"WebPage\",\"@id\":\"https:\\\/\\\/aconteceunovale.com.br\\\/portal\\\/?p=164186\",\"url\":\"https:\\\/\\\/aconteceunovale.com.br\\\/portal\\\/?p=164186\",\"name\":\"H\u00e1 um m\u00eas sem registro de \u00f3bito por Covid-19, Paraguai avan\u00e7a na reabertura - Aconteceu no Vale\",\"isPartOf\":{\"@id\":\"https:\\\/\\\/aconteceunovale.com.br\\\/portal\\\/#website\"},\"primaryImageOfPage\":{\"@id\":\"https:\\\/\\\/aconteceunovale.com.br\\\/portal\\\/?p=164186#primaryimage\"},\"image\":{\"@id\":\"https:\\\/\\\/aconteceunovale.com.br\\\/portal\\\/?p=164186#primaryimage\"},\"thumbnailUrl\":\"https:\\\/\\\/aconteceunovale.com.br\\\/portal\\\/wp-content\\\/uploads\\\/2020\\\/06\\\/paraguai.jpg\",\"datePublished\":\"2020-06-15T16:52:18+00:00\",\"dateModified\":\"2020-06-15T16:52:28+00:00\",\"author\":{\"@id\":\"https:\\\/\\\/aconteceunovale.com.br\\\/portal\\\/#\\\/schema\\\/person\\\/633529146f2c94272bef50ac2953d589\"},\"breadcrumb\":{\"@id\":\"https:\\\/\\\/aconteceunovale.com.br\\\/portal\\\/?p=164186#breadcrumb\"},\"inLanguage\":\"pt-BR\",\"potentialAction\":[{\"@type\":\"ReadAction\",\"target\":[\"https:\\\/\\\/aconteceunovale.com.br\\\/portal\\\/?p=164186\"]}]},{\"@type\":\"ImageObject\",\"inLanguage\":\"pt-BR\",\"@id\":\"https:\\\/\\\/aconteceunovale.com.br\\\/portal\\\/?p=164186#primaryimage\",\"url\":\"https:\\\/\\\/aconteceunovale.com.br\\\/portal\\\/wp-content\\\/uploads\\\/2020\\\/06\\\/paraguai.jpg\",\"contentUrl\":\"https:\\\/\\\/aconteceunovale.com.br\\\/portal\\\/wp-content\\\/uploads\\\/2020\\\/06\\\/paraguai.jpg\",\"width\":960,\"height\":608},{\"@type\":\"BreadcrumbList\",\"@id\":\"https:\\\/\\\/aconteceunovale.com.br\\\/portal\\\/?p=164186#breadcrumb\",\"itemListElement\":[{\"@type\":\"ListItem\",\"position\":1,\"name\":\"In\u00edcio\",\"item\":\"https:\\\/\\\/aconteceunovale.com.br\\\/portal\\\/\"},{\"@type\":\"ListItem\",\"position\":2,\"name\":\"H\u00e1 um m\u00eas sem registro de \u00f3bito por Covid-19, Paraguai avan\u00e7a na reabertura\"}]},{\"@type\":\"WebSite\",\"@id\":\"https:\\\/\\\/aconteceunovale.com.br\\\/portal\\\/#website\",\"url\":\"https:\\\/\\\/aconteceunovale.com.br\\\/portal\\\/\",\"name\":\"Aconteceu no Vale\",\"description\":\"Portal de Not\u00edcias\",\"potentialAction\":[{\"@type\":\"SearchAction\",\"target\":{\"@type\":\"EntryPoint\",\"urlTemplate\":\"https:\\\/\\\/aconteceunovale.com.br\\\/portal\\\/?s={search_term_string}\"},\"query-input\":{\"@type\":\"PropertyValueSpecification\",\"valueRequired\":true,\"valueName\":\"search_term_string\"}}],\"inLanguage\":\"pt-BR\"},{\"@type\":\"Person\",\"@id\":\"https:\\\/\\\/aconteceunovale.com.br\\\/portal\\\/#\\\/schema\\\/person\\\/633529146f2c94272bef50ac2953d589\",\"name\":\"Aconteceu no Vale\",\"description\":\"Equipe de reportagem do Aconteceu no Vale, portal de not\u00edcias do Vale do Jequitinhonha, em Minas Gerais. Cobrimos as 51 cidades do Vale desde 2013. Sugest\u00f5es de pauta e pedidos de corre\u00e7\u00e3o: contato@aconteceunovale.com.br\",\"sameAs\":[\"http:\\\/\\\/www.aconteceunovale.com.br\"],\"url\":\"https:\\\/\\\/aconteceunovale.com.br\\\/portal\\\/?author=1\"}]}<\/script>\n<!-- \/ Yoast SEO plugin. -->","yoast_head_json":{"title":"H\u00e1 um m\u00eas sem registro de \u00f3bito por Covid-19, Paraguai avan\u00e7a na reabertura - Aconteceu no Vale","robots":{"index":"index","follow":"follow","max-snippet":"max-snippet:-1","max-image-preview":"max-image-preview:large","max-video-preview":"max-video-preview:-1"},"canonical":"https:\/\/aconteceunovale.com.br\/portal\/?p=164186","og_locale":"pt_BR","og_type":"article","og_title":"H\u00e1 um m\u00eas sem registro de \u00f3bito por Covid-19, Paraguai avan\u00e7a na reabertura - Aconteceu no Vale","og_description":"O Paraguai \u00e9 um dos pa\u00edses que, at\u00e9 o momento, est\u00e3o vencendo a batalha contra o novo coronav\u00edrus (covid-19). Com 1.289 casos registrados e apenas 11 mortos, o pa\u00eds n\u00e3o registra nenhum \u00f3bito h\u00e1 mais de um m\u00eas. Hoje (15\/6\/2020), os paraguaios entram na fase 3 da \u201cquarentena inteligente\u201d, processo gradual de reabertura das atividades, [&hellip;]","og_url":"https:\/\/aconteceunovale.com.br\/portal\/?p=164186","og_site_name":"Aconteceu no Vale","article_publisher":"https:\/\/www.facebook.com\/aconteceunovale\/","article_published_time":"2020-06-15T16:52:18+00:00","article_modified_time":"2020-06-15T16:52:28+00:00","og_image":[{"width":960,"height":608,"url":"https:\/\/aconteceunovale.com.br\/portal\/wp-content\/uploads\/2020\/06\/paraguai.jpg","type":"image\/jpeg"}],"author":"Aconteceu no Vale","twitter_card":"summary_large_image","twitter_creator":"@noticiadosvales","twitter_site":"@noticiadosvales","twitter_misc":{"Escrito por":"Aconteceu no Vale","Est. tempo de leitura":"3 minutos"},"schema":{"@context":"https:\/\/schema.org","@graph":[{"@type":"Article","@id":"https:\/\/aconteceunovale.com.br\/portal\/?p=164186#article","isPartOf":{"@id":"https:\/\/aconteceunovale.com.br\/portal\/?p=164186"},"author":{"name":"Aconteceu no Vale","@id":"https:\/\/aconteceunovale.com.br\/portal\/#\/schema\/person\/633529146f2c94272bef50ac2953d589"},"headline":"H\u00e1 um m\u00eas sem registro de \u00f3bito por Covid-19, Paraguai avan\u00e7a na reabertura","datePublished":"2020-06-15T16:52:18+00:00","dateModified":"2020-06-15T16:52:28+00:00","mainEntityOfPage":{"@id":"https:\/\/aconteceunovale.com.br\/portal\/?p=164186"},"wordCount":569,"commentCount":0,"image":{"@id":"https:\/\/aconteceunovale.com.br\/portal\/?p=164186#primaryimage"},"thumbnailUrl":"https:\/\/aconteceunovale.com.br\/portal\/wp-content\/uploads\/2020\/06\/paraguai.jpg","keywords":["Casos de coronav\u00edrus no Paraguai","Coronav\u00edrus no Paraguai","Covid-19 no Paraguai","H\u00e1 um m\u00eas sem registro de \u00f3bito por Covid-19","\u00d3bitos por coronav\u00edrus no Paraguai","Paraguai","Paraguai avan\u00e7a na reabertura"],"articleSection":["Mundo","Sa\u00fade"],"inLanguage":"pt-BR","potentialAction":[{"@type":"CommentAction","name":"Comment","target":["https:\/\/aconteceunovale.com.br\/portal\/?p=164186#respond"]}]},{"@type":"WebPage","@id":"https:\/\/aconteceunovale.com.br\/portal\/?p=164186","url":"https:\/\/aconteceunovale.com.br\/portal\/?p=164186","name":"H\u00e1 um m\u00eas sem registro de \u00f3bito por Covid-19, Paraguai avan\u00e7a na reabertura - Aconteceu no Vale","isPartOf":{"@id":"https:\/\/aconteceunovale.com.br\/portal\/#website"},"primaryImageOfPage":{"@id":"https:\/\/aconteceunovale.com.br\/portal\/?p=164186#primaryimage"},"image":{"@id":"https:\/\/aconteceunovale.com.br\/portal\/?p=164186#primaryimage"},"thumbnailUrl":"https:\/\/aconteceunovale.com.br\/portal\/wp-content\/uploads\/2020\/06\/paraguai.jpg","datePublished":"2020-06-15T16:52:18+00:00","dateModified":"2020-06-15T16:52:28+00:00","author":{"@id":"https:\/\/aconteceunovale.com.br\/portal\/#\/schema\/person\/633529146f2c94272bef50ac2953d589"},"breadcrumb":{"@id":"https:\/\/aconteceunovale.com.br\/portal\/?p=164186#breadcrumb"},"inLanguage":"pt-BR","potentialAction":[{"@type":"ReadAction","target":["https:\/\/aconteceunovale.com.br\/portal\/?p=164186"]}]},{"@type":"ImageObject","inLanguage":"pt-BR","@id":"https:\/\/aconteceunovale.com.br\/portal\/?p=164186#primaryimage","url":"https:\/\/aconteceunovale.com.br\/portal\/wp-content\/uploads\/2020\/06\/paraguai.jpg","contentUrl":"https:\/\/aconteceunovale.com.br\/portal\/wp-content\/uploads\/2020\/06\/paraguai.jpg","width":960,"height":608},{"@type":"BreadcrumbList","@id":"https:\/\/aconteceunovale.com.br\/portal\/?p=164186#breadcrumb","itemListElement":[{"@type":"ListItem","position":1,"name":"In\u00edcio","item":"https:\/\/aconteceunovale.com.br\/portal\/"},{"@type":"ListItem","position":2,"name":"H\u00e1 um m\u00eas sem registro de \u00f3bito por Covid-19, Paraguai avan\u00e7a na reabertura"}]},{"@type":"WebSite","@id":"https:\/\/aconteceunovale.com.br\/portal\/#website","url":"https:\/\/aconteceunovale.com.br\/portal\/","name":"Aconteceu no Vale","description":"Portal de Not\u00edcias","potentialAction":[{"@type":"SearchAction","target":{"@type":"EntryPoint","urlTemplate":"https:\/\/aconteceunovale.com.br\/portal\/?s={search_term_string}"},"query-input":{"@type":"PropertyValueSpecification","valueRequired":true,"valueName":"search_term_string"}}],"inLanguage":"pt-BR"},{"@type":"Person","@id":"https:\/\/aconteceunovale.com.br\/portal\/#\/schema\/person\/633529146f2c94272bef50ac2953d589","name":"Aconteceu no Vale","description":"Equipe de reportagem do Aconteceu no Vale, portal de not\u00edcias do Vale do Jequitinhonha, em Minas Gerais. Cobrimos as 51 cidades do Vale desde 2013. Sugest\u00f5es de pauta e pedidos de corre\u00e7\u00e3o: contato@aconteceunovale.com.br","sameAs":["http:\/\/www.aconteceunovale.com.br"],"url":"https:\/\/aconteceunovale.com.br\/portal\/?author=1"}]}},"_links":{"self":[{"href":"https:\/\/aconteceunovale.com.br\/portal\/index.php?rest_route=\/wp\/v2\/posts\/164186","targetHints":{"allow":["GET"]}}],"collection":[{"href":"https:\/\/aconteceunovale.com.br\/portal\/index.php?rest_route=\/wp\/v2\/posts"}],"about":[{"href":"https:\/\/aconteceunovale.com.br\/portal\/index.php?rest_route=\/wp\/v2\/types\/post"}],"author":[{"embeddable":true,"href":"https:\/\/aconteceunovale.com.br\/portal\/index.php?rest_route=\/wp\/v2\/users\/1"}],"replies":[{"embeddable":true,"href":"https:\/\/aconteceunovale.com.br\/portal\/index.php?rest_route=%2Fwp%2Fv2%2Fcomments&post=164186"}],"version-history":[{"count":1,"href":"https:\/\/aconteceunovale.com.br\/portal\/index.php?rest_route=\/wp\/v2\/posts\/164186\/revisions"}],"predecessor-version":[{"id":164188,"href":"https:\/\/aconteceunovale.com.br\/portal\/index.php?rest_route=\/wp\/v2\/posts\/164186\/revisions\/164188"}],"wp:featuredmedia":[{"embeddable":true,"href":"https:\/\/aconteceunovale.com.br\/portal\/index.php?rest_route=\/wp\/v2\/media\/164187"}],"wp:attachment":[{"href":"https:\/\/aconteceunovale.com.br\/portal\/index.php?rest_route=%2Fwp%2Fv2%2Fmedia&parent=164186"}],"wp:term":[{"taxonomy":"category","embeddable":true,"href":"https:\/\/aconteceunovale.com.br\/portal\/index.php?rest_route=%2Fwp%2Fv2%2Fcategories&post=164186"},{"taxonomy":"post_tag","embeddable":true,"href":"https:\/\/aconteceunovale.com.br\/portal\/index.php?rest_route=%2Fwp%2Fv2%2Ftags&post=164186"}],"curies":[{"name":"wp","href":"https:\/\/api.w.org\/{rel}","templated":true}]}}