{"id":164183,"date":"2020-06-15T13:43:43","date_gmt":"2020-06-15T16:43:43","guid":{"rendered":"https:\/\/aconteceunovale.com.br\/portal\/?p=164183"},"modified":"2020-06-15T13:43:59","modified_gmt":"2020-06-15T16:43:59","slug":"procuradoria-geral-da-republica-abre-investigacao-sobre-ataque-com-fogos-contra-a-sede-do-stf","status":"publish","type":"post","link":"https:\/\/aconteceunovale.com.br\/portal\/?p=164183","title":{"rendered":"Procuradoria Geral da Rep\u00fablica abre investiga\u00e7\u00e3o sobre ataque com fogos contra a sede do STF"},"content":{"rendered":"\n<p class=\"wp-block-paragraph\">A Procuradoria Geral da Rep\u00fablica (PGR) instaurou uma investiga\u00e7\u00e3o preliminar pr\u00f3pria sobre o ato na noite de s\u00e1bado (13) em que foram lan\u00e7adas rajadas de fogos de artif\u00edcio contra a sede do Supremo Tribunal Federal (STF), conforme v\u00eddeo que circulou nas redes sociais e na imprensa.<\/p>\n\n\n\n<p class=\"wp-block-paragraph\">A PGR atendeu a uma solicita\u00e7\u00e3o do presidente do Supremo, ministro Dias Toffoli, que, em of\u00edcio enviado no domingo (14), havia pedido &#8220;a responsabiliza\u00e7\u00e3o penal daquele(s) que deu\/deram causa direta ou indiretamente, inclusive por meio de financiamento, dos ataques e amea\u00e7as dirigidas ao Supremo Tribunal Federal e ao Estado Democr\u00e1tico de Direito, na noite de ontem (13), inclusive com a utiliza\u00e7\u00e3o de artefatos explosivos (fogos de artif\u00edcio)&#8221;.<\/p>\n\n\n\n<p class=\"wp-block-paragraph\">O procurador-geral da Rep\u00fablica, Augusto Aras, determinou a abertura de uma not\u00edcia de fato criminal, procedimento que precede uma investiga\u00e7\u00e3o formal. Ele oficiou a Procuradoria da Rep\u00fablica do Distrito Federal (PRDF) para que informe ao vice-procurador-geral, Humberto Jacques, sobre qualquer procedimento ou provid\u00eancia adotados em rela\u00e7\u00e3o ao epis\u00f3dio.<\/p>\n\n\n\n<p class=\"wp-block-paragraph\">Jacques atualmente supervisiona um inqu\u00e9rito aberto em abril no Supremo para investigar manifesta\u00e7\u00f5es que pedem o fechamento de institui\u00e7\u00f5es democr\u00e1ticas, como o Congresso e o STF. O relator \u00e9 o ministro Alexandre de Moraes, o mesmo do chamado inqu\u00e9rito das&nbsp;<em>fake news<\/em>.<\/p>\n\n\n\n<p class=\"wp-block-paragraph\">Nesta&nbsp;segunda-feira (15), seis&nbsp;pessoas foram presas no \u00e2mbito desse inqu\u00e9rito sobre atos antidemocr\u00e1ticos, incluindo a ativista Sara Winter, l\u00edder do grupo 300 do Brasil, que se encontrava&nbsp;acampado h\u00e1 mais de um m\u00eas nos arredores da Esplanada dos Minist\u00e9rios e foi retirado da \u00e1rea no&nbsp;s\u00e1bado&nbsp;(13) pelo Governo do Distrito Federal (GDF).<\/p>\n\n\n\n<h2 class=\"wp-block-heading\">\u201cOrganiza\u00e7\u00e3o criminosa\u201d<\/h2>\n\n\n\n<p class=\"wp-block-paragraph\">A portaria assinada na noite de domingo (14) pelo procurador Jo\u00e3o Paulo Lordelo Tavares, que \u00e9 auxiliar de Aras, a PGR determina ainda que sejam encaminhadas pela PRDF todas as informa\u00e7\u00f5es a respeito de investiga\u00e7\u00e3o aberta em maio contra Renan da Silva Sena.<\/p>\n\n\n\n<p class=\"wp-block-paragraph\">\u00c0 PGR, Toffoli pediu que Sena seja responsabilizado \u201cpor ataques e amea\u00e7as \u00e0 institui\u00e7\u00e3o deste Supremo Tribunal Federal e ao Estado Democr\u00e1tico de Direito, inclusive por postagens em redes sociais\u201d.<\/p>\n\n\n\n<p class=\"wp-block-paragraph\">No mesmo of\u00edcio, o presidente do Supremo havia pedido tamb\u00e9m a responsabiliza\u00e7\u00e3o de \u201ctodos os demais participantes e financiadores, inclusive por eventual organiza\u00e7\u00e3o criminosa, os quais ficam desde logo representados, devendo-se ser adotadas as necess\u00e1rias provid\u00eancias para a investiga\u00e7\u00e3o e persecu\u00e7\u00e3o penal\u201d.<\/p>\n\n\n\n<p class=\"has-background has-very-light-gray-background-color wp-block-paragraph\">Quer saber as not\u00edcias do <strong>Aconteceu no Vale<\/strong> em primeira m\u00e3o? Siga-nos no Facebook <a rel=\"noreferrer noopener\" href=\"http:\/\/facebook.com\/aconteceunovale\" target=\"_blank\">@aconteceunovale<\/a>, Twitter <a rel=\"noreferrer noopener\" href=\"https:\/\/twitter.com\/noticiadosvales\" target=\"_blank\">@noticiadosvales<\/a> e Instagram <a rel=\"noreferrer noopener\" href=\"https:\/\/www.instagram.com\/aconteceunovale\" target=\"_blank\">@aconteceunovale<\/a>.<\/p>\n","protected":false},"excerpt":{"rendered":"<p>A Procuradoria Geral da Rep\u00fablica (PGR) instaurou uma investiga\u00e7\u00e3o preliminar pr\u00f3pria sobre o ato na noite de s\u00e1bado (13) em que foram lan\u00e7adas rajadas de fogos de artif\u00edcio contra a sede do Supremo Tribunal Federal (STF), conforme v\u00eddeo que circulou nas redes sociais e na imprensa. A PGR atendeu a uma solicita\u00e7\u00e3o do presidente do [&hellip;]<\/p>\n","protected":false},"author":1,"featured_media":164184,"comment_status":"open","ping_status":"closed","sticky":false,"template":"","format":"standard","meta":{"amp_status":"","footnotes":""},"categories":[6],"tags":[223579,223581,220887,223580,223582,223610,1018,20274,223586,223584,223585,184282,223609,190867,189979,100912,223677,223676,223583,28511,28510],"class_list":["post-164183","post","type-post","status-publish","format-standard","has-post-thumbnail","hentry","category-br","tag-ameacas-ao-stf","tag-ameacas-ao-supremo","tag-andre-mendonca","tag-ataques-ao-stf","tag-ataques-ao-supremo","tag-democracia-pressupoe-o-respeito-as-suas-instituicoes-democraticas","tag-destaque","tag-dias-toffoli","tag-dias-toffoli-diz-que-stf-jamais-se-sujeitara-a-nenhum-tipo-de-ameaca","tag-fogos-stf","tag-fogos-supremo","tag-ibaneis-rocha","tag-ministro-da-justica-diz-que-democracia-pressupoe-respeito-as-instituicoes","tag-ministro-da-justica-e-seguranca-publica","tag-ministro-dias-toffoli","tag-presidente-do-supremo","tag-procuradoria-geral-da-republica-abre-investigacao-sobre-ataque-com-fogos-contra-a-sede-do-stf","tag-procuradoria-geral-da-republica-abre-investigacao-sobre-ataque-com-fogos-contra-stf","tag-sergio-luiz-ferreira-de-souza","tag-stf","tag-supremo-tribunal-federal"],"yoast_head":"<!-- This site is optimized with the Yoast SEO plugin v28.3 - https:\/\/yoast.com\/product\/yoast-seo-wordpress\/ -->\n<title>Procuradoria Geral da Rep\u00fablica abre investiga\u00e7\u00e3o sobre ataque com fogos contra a sede do STF - Aconteceu no Vale<\/title>\n<meta name=\"robots\" content=\"index, follow, max-snippet:-1, max-image-preview:large, max-video-preview:-1\" \/>\n<link rel=\"canonical\" href=\"https:\/\/aconteceunovale.com.br\/portal\/?p=164183\" \/>\n<meta property=\"og:locale\" content=\"pt_BR\" \/>\n<meta property=\"og:type\" content=\"article\" \/>\n<meta property=\"og:title\" content=\"Procuradoria Geral da Rep\u00fablica abre investiga\u00e7\u00e3o sobre ataque com fogos contra a sede do STF - Aconteceu no Vale\" \/>\n<meta property=\"og:description\" content=\"A Procuradoria Geral da Rep\u00fablica (PGR) instaurou uma investiga\u00e7\u00e3o preliminar pr\u00f3pria sobre o ato na noite de s\u00e1bado (13) em que foram lan\u00e7adas rajadas de fogos de artif\u00edcio contra a sede do Supremo Tribunal Federal (STF), conforme v\u00eddeo que circulou nas redes sociais e na imprensa. A PGR atendeu a uma solicita\u00e7\u00e3o do presidente do [&hellip;]\" \/>\n<meta property=\"og:url\" content=\"https:\/\/aconteceunovale.com.br\/portal\/?p=164183\" \/>\n<meta property=\"og:site_name\" content=\"Aconteceu no Vale\" \/>\n<meta property=\"article:publisher\" content=\"https:\/\/www.facebook.com\/aconteceunovale\/\" \/>\n<meta property=\"article:published_time\" content=\"2020-06-15T16:43:43+00:00\" \/>\n<meta property=\"article:modified_time\" content=\"2020-06-15T16:43:59+00:00\" \/>\n<meta property=\"og:image\" content=\"https:\/\/aconteceunovale.com.br\/portal\/wp-content\/uploads\/2020\/06\/pgr.jpg\" \/>\n\t<meta property=\"og:image:width\" content=\"678\" \/>\n\t<meta property=\"og:image:height\" content=\"406\" \/>\n\t<meta property=\"og:image:type\" content=\"image\/jpeg\" \/>\n<meta name=\"author\" content=\"Aconteceu no Vale\" \/>\n<meta name=\"twitter:card\" content=\"summary_large_image\" \/>\n<meta name=\"twitter:creator\" content=\"@noticiadosvales\" \/>\n<meta name=\"twitter:site\" content=\"@noticiadosvales\" \/>\n<meta name=\"twitter:label1\" content=\"Escrito por\" \/>\n\t<meta name=\"twitter:data1\" content=\"Aconteceu no Vale\" \/>\n\t<meta name=\"twitter:label2\" content=\"Est. tempo de leitura\" \/>\n\t<meta name=\"twitter:data2\" content=\"2 minutos\" \/>\n<script type=\"application\/ld+json\" class=\"yoast-schema-graph\">{\"@context\":\"https:\\\/\\\/schema.org\",\"@graph\":[{\"@type\":\"Article\",\"@id\":\"https:\\\/\\\/aconteceunovale.com.br\\\/portal\\\/?p=164183#article\",\"isPartOf\":{\"@id\":\"https:\\\/\\\/aconteceunovale.com.br\\\/portal\\\/?p=164183\"},\"author\":{\"name\":\"Aconteceu no Vale\",\"@id\":\"https:\\\/\\\/aconteceunovale.com.br\\\/portal\\\/#\\\/schema\\\/person\\\/633529146f2c94272bef50ac2953d589\"},\"headline\":\"Procuradoria Geral da Rep\u00fablica abre investiga\u00e7\u00e3o sobre ataque com fogos contra a sede do STF\",\"datePublished\":\"2020-06-15T16:43:43+00:00\",\"dateModified\":\"2020-06-15T16:43:59+00:00\",\"mainEntityOfPage\":{\"@id\":\"https:\\\/\\\/aconteceunovale.com.br\\\/portal\\\/?p=164183\"},\"wordCount\":457,\"commentCount\":0,\"image\":{\"@id\":\"https:\\\/\\\/aconteceunovale.com.br\\\/portal\\\/?p=164183#primaryimage\"},\"thumbnailUrl\":\"https:\\\/\\\/aconteceunovale.com.br\\\/portal\\\/wp-content\\\/uploads\\\/2020\\\/06\\\/pgr.jpg\",\"keywords\":[\"Amea\u00e7as ao STF\",\"Amea\u00e7as ao Supremo\",\"Andre Mendon\u00e7a\",\"Ataques ao STF\",\"Ataques ao Supremo\",\"Democracia pressup\u00f5e o respeito \u00e0s suas institui\u00e7\u00f5es democr\u00e1ticas\",\"destaque\",\"Dias Toffoli\",\"Dias Toffoli diz que STF jamais se sujeitar\u00e1 a nenhum tipo de amea\u00e7a\",\"Fogos STF\",\"Fogos Supremo\",\"Ibaneis Rocha\",\"Ministro da Justi\u00e7a diz que democracia pressup\u00f5e respeito \u00e0s institui\u00e7\u00f5es\",\"ministro da Justi\u00e7a e Seguran\u00e7a P\u00fablica\",\"ministro Dias Toffoli\",\"presidente do Supremo\",\"Procuradoria Geral da Rep\u00fablica abre investiga\u00e7\u00e3o sobre ataque com fogos contra a sede do STF\",\"Procuradoria Geral da Rep\u00fablica abre investiga\u00e7\u00e3o sobre ataque com fogos contra STF\",\"S\u00e9rgio Luiz Ferreira de Souza\",\"STF\",\"Supremo Tribunal Federal\"],\"articleSection\":[\"Brasil\"],\"inLanguage\":\"pt-BR\",\"potentialAction\":[{\"@type\":\"CommentAction\",\"name\":\"Comment\",\"target\":[\"https:\\\/\\\/aconteceunovale.com.br\\\/portal\\\/?p=164183#respond\"]}]},{\"@type\":\"WebPage\",\"@id\":\"https:\\\/\\\/aconteceunovale.com.br\\\/portal\\\/?p=164183\",\"url\":\"https:\\\/\\\/aconteceunovale.com.br\\\/portal\\\/?p=164183\",\"name\":\"Procuradoria Geral da Rep\u00fablica abre investiga\u00e7\u00e3o sobre ataque com fogos contra a sede do STF - Aconteceu no Vale\",\"isPartOf\":{\"@id\":\"https:\\\/\\\/aconteceunovale.com.br\\\/portal\\\/#website\"},\"primaryImageOfPage\":{\"@id\":\"https:\\\/\\\/aconteceunovale.com.br\\\/portal\\\/?p=164183#primaryimage\"},\"image\":{\"@id\":\"https:\\\/\\\/aconteceunovale.com.br\\\/portal\\\/?p=164183#primaryimage\"},\"thumbnailUrl\":\"https:\\\/\\\/aconteceunovale.com.br\\\/portal\\\/wp-content\\\/uploads\\\/2020\\\/06\\\/pgr.jpg\",\"datePublished\":\"2020-06-15T16:43:43+00:00\",\"dateModified\":\"2020-06-15T16:43:59+00:00\",\"author\":{\"@id\":\"https:\\\/\\\/aconteceunovale.com.br\\\/portal\\\/#\\\/schema\\\/person\\\/633529146f2c94272bef50ac2953d589\"},\"breadcrumb\":{\"@id\":\"https:\\\/\\\/aconteceunovale.com.br\\\/portal\\\/?p=164183#breadcrumb\"},\"inLanguage\":\"pt-BR\",\"potentialAction\":[{\"@type\":\"ReadAction\",\"target\":[\"https:\\\/\\\/aconteceunovale.com.br\\\/portal\\\/?p=164183\"]}]},{\"@type\":\"ImageObject\",\"inLanguage\":\"pt-BR\",\"@id\":\"https:\\\/\\\/aconteceunovale.com.br\\\/portal\\\/?p=164183#primaryimage\",\"url\":\"https:\\\/\\\/aconteceunovale.com.br\\\/portal\\\/wp-content\\\/uploads\\\/2020\\\/06\\\/pgr.jpg\",\"contentUrl\":\"https:\\\/\\\/aconteceunovale.com.br\\\/portal\\\/wp-content\\\/uploads\\\/2020\\\/06\\\/pgr.jpg\",\"width\":678,\"height\":406,\"caption\":\"Bras\u00edlia - O Conselho Superior do Minist\u00e9rio P\u00fablico Federal autorizou hoje a prorroga\u00e7\u00e3o dos trabalhos da Opera\u00e7\u00e3o Lava Jato, no Rio de Janeiro (Jos\u00e9 Cruz\\\/Ag\u00eancia Brasil)\"},{\"@type\":\"BreadcrumbList\",\"@id\":\"https:\\\/\\\/aconteceunovale.com.br\\\/portal\\\/?p=164183#breadcrumb\",\"itemListElement\":[{\"@type\":\"ListItem\",\"position\":1,\"name\":\"In\u00edcio\",\"item\":\"https:\\\/\\\/aconteceunovale.com.br\\\/portal\\\/\"},{\"@type\":\"ListItem\",\"position\":2,\"name\":\"Procuradoria Geral da Rep\u00fablica abre investiga\u00e7\u00e3o sobre ataque com fogos contra a sede do STF\"}]},{\"@type\":\"WebSite\",\"@id\":\"https:\\\/\\\/aconteceunovale.com.br\\\/portal\\\/#website\",\"url\":\"https:\\\/\\\/aconteceunovale.com.br\\\/portal\\\/\",\"name\":\"Aconteceu no Vale\",\"description\":\"Portal de Not\u00edcias\",\"potentialAction\":[{\"@type\":\"SearchAction\",\"target\":{\"@type\":\"EntryPoint\",\"urlTemplate\":\"https:\\\/\\\/aconteceunovale.com.br\\\/portal\\\/?s={search_term_string}\"},\"query-input\":{\"@type\":\"PropertyValueSpecification\",\"valueRequired\":true,\"valueName\":\"search_term_string\"}}],\"inLanguage\":\"pt-BR\"},{\"@type\":\"Person\",\"@id\":\"https:\\\/\\\/aconteceunovale.com.br\\\/portal\\\/#\\\/schema\\\/person\\\/633529146f2c94272bef50ac2953d589\",\"name\":\"Aconteceu no Vale\",\"description\":\"Equipe de reportagem do Aconteceu no Vale, portal de not\u00edcias do Vale do Jequitinhonha, em Minas Gerais. Cobrimos as 51 cidades do Vale desde 2013. Sugest\u00f5es de pauta e pedidos de corre\u00e7\u00e3o: contato@aconteceunovale.com.br\",\"sameAs\":[\"http:\\\/\\\/www.aconteceunovale.com.br\"],\"url\":\"https:\\\/\\\/aconteceunovale.com.br\\\/portal\\\/?author=1\"}]}<\/script>\n<!-- \/ Yoast SEO plugin. -->","yoast_head_json":{"title":"Procuradoria Geral da Rep\u00fablica abre investiga\u00e7\u00e3o sobre ataque com fogos contra a sede do STF - Aconteceu no Vale","robots":{"index":"index","follow":"follow","max-snippet":"max-snippet:-1","max-image-preview":"max-image-preview:large","max-video-preview":"max-video-preview:-1"},"canonical":"https:\/\/aconteceunovale.com.br\/portal\/?p=164183","og_locale":"pt_BR","og_type":"article","og_title":"Procuradoria Geral da Rep\u00fablica abre investiga\u00e7\u00e3o sobre ataque com fogos contra a sede do STF - Aconteceu no Vale","og_description":"A Procuradoria Geral da Rep\u00fablica (PGR) instaurou uma investiga\u00e7\u00e3o preliminar pr\u00f3pria sobre o ato na noite de s\u00e1bado (13) em que foram lan\u00e7adas rajadas de fogos de artif\u00edcio contra a sede do Supremo Tribunal Federal (STF), conforme v\u00eddeo que circulou nas redes sociais e na imprensa. A PGR atendeu a uma solicita\u00e7\u00e3o do presidente do [&hellip;]","og_url":"https:\/\/aconteceunovale.com.br\/portal\/?p=164183","og_site_name":"Aconteceu no Vale","article_publisher":"https:\/\/www.facebook.com\/aconteceunovale\/","article_published_time":"2020-06-15T16:43:43+00:00","article_modified_time":"2020-06-15T16:43:59+00:00","og_image":[{"width":678,"height":406,"url":"https:\/\/aconteceunovale.com.br\/portal\/wp-content\/uploads\/2020\/06\/pgr.jpg","type":"image\/jpeg"}],"author":"Aconteceu no Vale","twitter_card":"summary_large_image","twitter_creator":"@noticiadosvales","twitter_site":"@noticiadosvales","twitter_misc":{"Escrito por":"Aconteceu no Vale","Est. tempo de leitura":"2 minutos"},"schema":{"@context":"https:\/\/schema.org","@graph":[{"@type":"Article","@id":"https:\/\/aconteceunovale.com.br\/portal\/?p=164183#article","isPartOf":{"@id":"https:\/\/aconteceunovale.com.br\/portal\/?p=164183"},"author":{"name":"Aconteceu no Vale","@id":"https:\/\/aconteceunovale.com.br\/portal\/#\/schema\/person\/633529146f2c94272bef50ac2953d589"},"headline":"Procuradoria Geral da Rep\u00fablica abre investiga\u00e7\u00e3o sobre ataque com fogos contra a sede do STF","datePublished":"2020-06-15T16:43:43+00:00","dateModified":"2020-06-15T16:43:59+00:00","mainEntityOfPage":{"@id":"https:\/\/aconteceunovale.com.br\/portal\/?p=164183"},"wordCount":457,"commentCount":0,"image":{"@id":"https:\/\/aconteceunovale.com.br\/portal\/?p=164183#primaryimage"},"thumbnailUrl":"https:\/\/aconteceunovale.com.br\/portal\/wp-content\/uploads\/2020\/06\/pgr.jpg","keywords":["Amea\u00e7as ao STF","Amea\u00e7as ao Supremo","Andre Mendon\u00e7a","Ataques ao STF","Ataques ao Supremo","Democracia pressup\u00f5e o respeito \u00e0s suas institui\u00e7\u00f5es democr\u00e1ticas","destaque","Dias Toffoli","Dias Toffoli diz que STF jamais se sujeitar\u00e1 a nenhum tipo de amea\u00e7a","Fogos STF","Fogos Supremo","Ibaneis Rocha","Ministro da Justi\u00e7a diz que democracia pressup\u00f5e respeito \u00e0s institui\u00e7\u00f5es","ministro da Justi\u00e7a e Seguran\u00e7a P\u00fablica","ministro Dias Toffoli","presidente do Supremo","Procuradoria Geral da Rep\u00fablica abre investiga\u00e7\u00e3o sobre ataque com fogos contra a sede do STF","Procuradoria Geral da Rep\u00fablica abre investiga\u00e7\u00e3o sobre ataque com fogos contra STF","S\u00e9rgio Luiz Ferreira de Souza","STF","Supremo Tribunal Federal"],"articleSection":["Brasil"],"inLanguage":"pt-BR","potentialAction":[{"@type":"CommentAction","name":"Comment","target":["https:\/\/aconteceunovale.com.br\/portal\/?p=164183#respond"]}]},{"@type":"WebPage","@id":"https:\/\/aconteceunovale.com.br\/portal\/?p=164183","url":"https:\/\/aconteceunovale.com.br\/portal\/?p=164183","name":"Procuradoria Geral da Rep\u00fablica abre investiga\u00e7\u00e3o sobre ataque com fogos contra a sede do STF - Aconteceu no Vale","isPartOf":{"@id":"https:\/\/aconteceunovale.com.br\/portal\/#website"},"primaryImageOfPage":{"@id":"https:\/\/aconteceunovale.com.br\/portal\/?p=164183#primaryimage"},"image":{"@id":"https:\/\/aconteceunovale.com.br\/portal\/?p=164183#primaryimage"},"thumbnailUrl":"https:\/\/aconteceunovale.com.br\/portal\/wp-content\/uploads\/2020\/06\/pgr.jpg","datePublished":"2020-06-15T16:43:43+00:00","dateModified":"2020-06-15T16:43:59+00:00","author":{"@id":"https:\/\/aconteceunovale.com.br\/portal\/#\/schema\/person\/633529146f2c94272bef50ac2953d589"},"breadcrumb":{"@id":"https:\/\/aconteceunovale.com.br\/portal\/?p=164183#breadcrumb"},"inLanguage":"pt-BR","potentialAction":[{"@type":"ReadAction","target":["https:\/\/aconteceunovale.com.br\/portal\/?p=164183"]}]},{"@type":"ImageObject","inLanguage":"pt-BR","@id":"https:\/\/aconteceunovale.com.br\/portal\/?p=164183#primaryimage","url":"https:\/\/aconteceunovale.com.br\/portal\/wp-content\/uploads\/2020\/06\/pgr.jpg","contentUrl":"https:\/\/aconteceunovale.com.br\/portal\/wp-content\/uploads\/2020\/06\/pgr.jpg","width":678,"height":406,"caption":"Bras\u00edlia - O Conselho Superior do Minist\u00e9rio P\u00fablico Federal autorizou hoje a prorroga\u00e7\u00e3o dos trabalhos da Opera\u00e7\u00e3o Lava Jato, no Rio de Janeiro (Jos\u00e9 Cruz\/Ag\u00eancia Brasil)"},{"@type":"BreadcrumbList","@id":"https:\/\/aconteceunovale.com.br\/portal\/?p=164183#breadcrumb","itemListElement":[{"@type":"ListItem","position":1,"name":"In\u00edcio","item":"https:\/\/aconteceunovale.com.br\/portal\/"},{"@type":"ListItem","position":2,"name":"Procuradoria Geral da Rep\u00fablica abre investiga\u00e7\u00e3o sobre ataque com fogos contra a sede do STF"}]},{"@type":"WebSite","@id":"https:\/\/aconteceunovale.com.br\/portal\/#website","url":"https:\/\/aconteceunovale.com.br\/portal\/","name":"Aconteceu no Vale","description":"Portal de Not\u00edcias","potentialAction":[{"@type":"SearchAction","target":{"@type":"EntryPoint","urlTemplate":"https:\/\/aconteceunovale.com.br\/portal\/?s={search_term_string}"},"query-input":{"@type":"PropertyValueSpecification","valueRequired":true,"valueName":"search_term_string"}}],"inLanguage":"pt-BR"},{"@type":"Person","@id":"https:\/\/aconteceunovale.com.br\/portal\/#\/schema\/person\/633529146f2c94272bef50ac2953d589","name":"Aconteceu no Vale","description":"Equipe de reportagem do Aconteceu no Vale, portal de not\u00edcias do Vale do Jequitinhonha, em Minas Gerais. Cobrimos as 51 cidades do Vale desde 2013. Sugest\u00f5es de pauta e pedidos de corre\u00e7\u00e3o: contato@aconteceunovale.com.br","sameAs":["http:\/\/www.aconteceunovale.com.br"],"url":"https:\/\/aconteceunovale.com.br\/portal\/?author=1"}]}},"_links":{"self":[{"href":"https:\/\/aconteceunovale.com.br\/portal\/index.php?rest_route=\/wp\/v2\/posts\/164183","targetHints":{"allow":["GET"]}}],"collection":[{"href":"https:\/\/aconteceunovale.com.br\/portal\/index.php?rest_route=\/wp\/v2\/posts"}],"about":[{"href":"https:\/\/aconteceunovale.com.br\/portal\/index.php?rest_route=\/wp\/v2\/types\/post"}],"author":[{"embeddable":true,"href":"https:\/\/aconteceunovale.com.br\/portal\/index.php?rest_route=\/wp\/v2\/users\/1"}],"replies":[{"embeddable":true,"href":"https:\/\/aconteceunovale.com.br\/portal\/index.php?rest_route=%2Fwp%2Fv2%2Fcomments&post=164183"}],"version-history":[{"count":1,"href":"https:\/\/aconteceunovale.com.br\/portal\/index.php?rest_route=\/wp\/v2\/posts\/164183\/revisions"}],"predecessor-version":[{"id":164185,"href":"https:\/\/aconteceunovale.com.br\/portal\/index.php?rest_route=\/wp\/v2\/posts\/164183\/revisions\/164185"}],"wp:featuredmedia":[{"embeddable":true,"href":"https:\/\/aconteceunovale.com.br\/portal\/index.php?rest_route=\/wp\/v2\/media\/164184"}],"wp:attachment":[{"href":"https:\/\/aconteceunovale.com.br\/portal\/index.php?rest_route=%2Fwp%2Fv2%2Fmedia&parent=164183"}],"wp:term":[{"taxonomy":"category","embeddable":true,"href":"https:\/\/aconteceunovale.com.br\/portal\/index.php?rest_route=%2Fwp%2Fv2%2Fcategories&post=164183"},{"taxonomy":"post_tag","embeddable":true,"href":"https:\/\/aconteceunovale.com.br\/portal\/index.php?rest_route=%2Fwp%2Fv2%2Ftags&post=164183"}],"curies":[{"name":"wp","href":"https:\/\/api.w.org\/{rel}","templated":true}]}}