{"id":164159,"date":"2020-06-15T09:59:38","date_gmt":"2020-06-15T12:59:38","guid":{"rendered":"https:\/\/aconteceunovale.com.br\/portal\/?p=164159"},"modified":"2020-06-15T09:59:59","modified_gmt":"2020-06-15T12:59:59","slug":"assembleia-do-rio-de-janeiro-publica-abertura-de-impeachment-contra-wilson-witzel","status":"publish","type":"post","link":"https:\/\/aconteceunovale.com.br\/portal\/?p=164159","title":{"rendered":"Assembleia do Rio de Janeiro publica abertura de impeachment contra Wilson Witzel"},"content":{"rendered":"\n<p class=\"wp-block-paragraph\">Foi publicado na edi\u00e7\u00e3o de hoje (15\/6\/2020) do\u00a0<em>Di\u00e1rio Oficial do Rio de Janeiro<\/em>\u00a0o Ato n\u00famero 41\/2020 do presidente da Assembleia Legislativa do Estado (Alerj), deputado Andr\u00e9 Ceciliano, que abre o processo de\u00a0<em>impeachment\u00a0<\/em>contra o governador Wilson Witzel, por crime de responsabilidade.<img decoding=\"async\" src=\"https:\/\/agenciabrasil.ebc.com.br\/ebc.png?id=1309547&amp;o=node\"><\/p>\n\n\n\n<p class=\"wp-block-paragraph\">A\u00a0abertura do processo\u00a0n\u00famero 5.328\/2020 foi aprovada na quarta-feira (10), em sess\u00e3o virtual devido \u00e0 pandemia da covid-19, com 69 votos a favor, nenhum contra e uma aus\u00eancia. O governador \u00e9 suspeito de envolvimento em compras fraudulentas e superfaturadas de equipamentos e insumos para o combate \u00e0 pandemia do novo coronav\u00edrus.<\/p>\n\n\n\n<p class=\"wp-block-paragraph\">O ato abre prazo de 48 horas para que os l\u00edderes indiquem um membro do partido para compor a Comiss\u00e3o Especial respons\u00e1vel por elaborar o parecer da den\u00fancia contra Witzel. Ap\u00f3s a indica\u00e7\u00e3o, os membros t\u00eam mais 48 horas para eleger o presidente e o relator da comiss\u00e3o.<\/p>\n\n\n\n<p class=\"wp-block-paragraph\">O governador ter\u00e1 prazo de dez sess\u00f5es para apresentar sua defesa \u00e0 Comiss\u00e3o Especial. Ap\u00f3s a apresenta\u00e7\u00e3o da defesa, o parecer pela admissibilidade ou n\u00e3o da den\u00fancia deve ser apresentado no prazo de cinco sess\u00f5es.<\/p>\n\n\n\n<h2 class=\"wp-block-heading\">Governador<\/h2>\n\n\n\n<p class=\"wp-block-paragraph\">Wilson Witzel se posicionou em nota na pr\u00f3pria quarta-feira, dizendo que recebeu \u201ccom esp\u00edrito democr\u00e1tico e resili\u00eancia\u201d a not\u00edcia do in\u00edcio da tramita\u00e7\u00e3o do processo de&nbsp;<em>impeachment<\/em>&nbsp;pela Alerj.<\/p>\n\n\n\n<p class=\"wp-block-paragraph\">\u201cEstou absolutamente tranquilo sobre a minha inoc\u00eancia. Fui eleito tendo como pilar o combate \u00e0 corrup\u00e7\u00e3o e n\u00e3o abandonei em nenhum momento essa bandeira. E \u00e9 isso que, humildemente, irei demonstrar para as senhoras deputadas e senhores deputados\u201d.<\/p>\n\n\n\n<p class=\"wp-block-paragraph\">Ele informou que vai apresentar defesa e diz ter \u201ccerteza absoluta\u201d de que ir\u00e1 demonstrar que seu governo \u201cn\u00e3o teve toler\u00e2ncia com as irregularidades elencadas no processo que ser\u00e1 julgado\u201d.<\/p>\n\n\n\n<p class=\"wp-block-paragraph\">\u201cVou seguir nas minhas fun\u00e7\u00f5es como governador e me preparar para a minha defesa. Tenho certeza que os parlamentares julgar\u00e3o os fatos como eles verdadeiramente s\u00e3o\u201d.<\/p>\n\n\n\n<p class=\"wp-block-paragraph\">A reportagem solicitou nova posi\u00e7\u00e3o do governador e aguarda resposta.<\/p>\n\n\n\n<p class=\"wp-block-paragraph\">Witzel foi alvo, no dia 26 de maio, da Opera\u00e7\u00e3o Placebo, autorizada pelo Superior Tribunal de Justi\u00e7a, que investiga corrup\u00e7\u00e3o na compra de equipamentos e insumos para o combate \u00e0 pandemia no estado.<\/p>\n\n\n\n<p class=\"wp-block-paragraph\">Tamb\u00e9m foram alvos a primeira dama, Helena Witzel, a empresa Iabas, contratada para montar e gerir hospitais de campanha, entre outros. Os policiais federais fizeram buscas no Pal\u00e1cio Laranjeiras, resid\u00eancia oficial do governador, e na casa da fam\u00edlia Witzel, no bairro do Graja\u00fa.<\/p>\n\n\n\n<p class=\"has-background has-very-light-gray-background-color wp-block-paragraph\">Quer saber as not\u00edcias do <strong>Aconteceu no Vale<\/strong> em primeira m\u00e3o? Siga-nos no Facebook <a rel=\"noreferrer noopener\" href=\"http:\/\/facebook.com\/aconteceunovale\" target=\"_blank\">@aconteceunovale<\/a>, Twitter <a rel=\"noreferrer noopener\" href=\"https:\/\/twitter.com\/noticiadosvales\" target=\"_blank\">@noticiadosvales<\/a> e Instagram <a rel=\"noreferrer noopener\" href=\"https:\/\/www.instagram.com\/aconteceunovale\" target=\"_blank\">@aconteceunovale<\/a>.<\/p>\n","protected":false},"excerpt":{"rendered":"<p>Foi publicado na edi\u00e7\u00e3o de hoje (15\/6\/2020) do\u00a0Di\u00e1rio Oficial do Rio de Janeiro\u00a0o Ato n\u00famero 41\/2020 do presidente da Assembleia Legislativa do Estado (Alerj), deputado Andr\u00e9 Ceciliano, que abre o processo de\u00a0impeachment\u00a0contra o governador Wilson Witzel, por crime de responsabilidade. A\u00a0abertura do processo\u00a0n\u00famero 5.328\/2020 foi aprovada na quarta-feira (10), em sess\u00e3o virtual devido \u00e0 pandemia [&hellip;]<\/p>\n","protected":false},"author":1,"featured_media":161014,"comment_status":"open","ping_status":"closed","sticky":false,"template":"","format":"standard","meta":{"amp_status":"","footnotes":""},"categories":[6,40240],"tags":[96519,223639,223635,223638,223636,223637,188011],"class_list":["post-164159","post","type-post","status-publish","format-standard","has-post-thumbnail","hentry","category-br","category-politica","tag-alerj","tag-andre-ceciliano","tag-assembleia-do-rio-de-janeiro-publica-abertura-de-impeachment-contra-wilson-witzel","tag-assembleia-legislativa-do-estado","tag-impeachment-de-wilson-witzel","tag-processo-de-impeachment-contra-wilson-witzel","tag-wilson-witzel"],"yoast_head":"<!-- This site is optimized with the Yoast SEO plugin v28.3 - https:\/\/yoast.com\/product\/yoast-seo-wordpress\/ -->\n<title>Assembleia do Rio de Janeiro publica abertura de impeachment contra Wilson Witzel - Aconteceu no Vale<\/title>\n<meta name=\"robots\" content=\"index, follow, max-snippet:-1, max-image-preview:large, max-video-preview:-1\" \/>\n<link rel=\"canonical\" href=\"https:\/\/aconteceunovale.com.br\/portal\/?p=164159\" \/>\n<meta property=\"og:locale\" content=\"pt_BR\" \/>\n<meta property=\"og:type\" content=\"article\" \/>\n<meta property=\"og:title\" content=\"Assembleia do Rio de Janeiro publica abertura de impeachment contra Wilson Witzel - Aconteceu no Vale\" \/>\n<meta property=\"og:description\" content=\"Foi publicado na edi\u00e7\u00e3o de hoje (15\/6\/2020) do\u00a0Di\u00e1rio Oficial do Rio de Janeiro\u00a0o Ato n\u00famero 41\/2020 do presidente da Assembleia Legislativa do Estado (Alerj), deputado Andr\u00e9 Ceciliano, que abre o processo de\u00a0impeachment\u00a0contra o governador Wilson Witzel, por crime de responsabilidade. A\u00a0abertura do processo\u00a0n\u00famero 5.328\/2020 foi aprovada na quarta-feira (10), em sess\u00e3o virtual devido \u00e0 pandemia [&hellip;]\" \/>\n<meta property=\"og:url\" content=\"https:\/\/aconteceunovale.com.br\/portal\/?p=164159\" \/>\n<meta property=\"og:site_name\" content=\"Aconteceu no Vale\" \/>\n<meta property=\"article:publisher\" content=\"https:\/\/www.facebook.com\/aconteceunovale\/\" \/>\n<meta property=\"article:published_time\" content=\"2020-06-15T12:59:38+00:00\" \/>\n<meta property=\"article:modified_time\" content=\"2020-06-15T12:59:59+00:00\" \/>\n<meta property=\"og:image\" content=\"https:\/\/aconteceunovale.com.br\/portal\/wp-content\/uploads\/2020\/04\/governador_rio.png\" \/>\n\t<meta property=\"og:image:width\" content=\"678\" \/>\n\t<meta property=\"og:image:height\" content=\"431\" \/>\n\t<meta property=\"og:image:type\" content=\"image\/png\" \/>\n<meta name=\"author\" content=\"Aconteceu no Vale\" \/>\n<meta name=\"twitter:card\" content=\"summary_large_image\" \/>\n<meta name=\"twitter:creator\" content=\"@noticiadosvales\" \/>\n<meta name=\"twitter:site\" content=\"@noticiadosvales\" \/>\n<meta name=\"twitter:label1\" content=\"Escrito por\" \/>\n\t<meta name=\"twitter:data1\" content=\"Aconteceu no Vale\" \/>\n\t<meta name=\"twitter:label2\" content=\"Est. tempo de leitura\" \/>\n\t<meta name=\"twitter:data2\" content=\"2 minutos\" \/>\n<script type=\"application\/ld+json\" class=\"yoast-schema-graph\">{\"@context\":\"https:\\\/\\\/schema.org\",\"@graph\":[{\"@type\":\"Article\",\"@id\":\"https:\\\/\\\/aconteceunovale.com.br\\\/portal\\\/?p=164159#article\",\"isPartOf\":{\"@id\":\"https:\\\/\\\/aconteceunovale.com.br\\\/portal\\\/?p=164159\"},\"author\":{\"name\":\"Aconteceu no Vale\",\"@id\":\"https:\\\/\\\/aconteceunovale.com.br\\\/portal\\\/#\\\/schema\\\/person\\\/633529146f2c94272bef50ac2953d589\"},\"headline\":\"Assembleia do Rio de Janeiro publica abertura de impeachment contra Wilson Witzel\",\"datePublished\":\"2020-06-15T12:59:38+00:00\",\"dateModified\":\"2020-06-15T12:59:59+00:00\",\"mainEntityOfPage\":{\"@id\":\"https:\\\/\\\/aconteceunovale.com.br\\\/portal\\\/?p=164159\"},\"wordCount\":455,\"commentCount\":0,\"image\":{\"@id\":\"https:\\\/\\\/aconteceunovale.com.br\\\/portal\\\/?p=164159#primaryimage\"},\"thumbnailUrl\":\"https:\\\/\\\/aconteceunovale.com.br\\\/portal\\\/wp-content\\\/uploads\\\/2020\\\/04\\\/governador_rio.png\",\"keywords\":[\"Alerj\",\"Andr\u00e9 Ceciliano\",\"Assembleia do Rio de Janeiro publica abertura de impeachment contra Wilson Witzel\",\"Assembleia Legislativa do Estado\",\"Impeachment de Wilson Witzel\",\"Processo de impeachment contra Wilson Witzel\",\"Wilson Witzel\"],\"articleSection\":[\"Brasil\",\"Pol\u00edtica\"],\"inLanguage\":\"pt-BR\",\"potentialAction\":[{\"@type\":\"CommentAction\",\"name\":\"Comment\",\"target\":[\"https:\\\/\\\/aconteceunovale.com.br\\\/portal\\\/?p=164159#respond\"]}]},{\"@type\":\"WebPage\",\"@id\":\"https:\\\/\\\/aconteceunovale.com.br\\\/portal\\\/?p=164159\",\"url\":\"https:\\\/\\\/aconteceunovale.com.br\\\/portal\\\/?p=164159\",\"name\":\"Assembleia do Rio de Janeiro publica abertura de impeachment contra Wilson Witzel - Aconteceu no Vale\",\"isPartOf\":{\"@id\":\"https:\\\/\\\/aconteceunovale.com.br\\\/portal\\\/#website\"},\"primaryImageOfPage\":{\"@id\":\"https:\\\/\\\/aconteceunovale.com.br\\\/portal\\\/?p=164159#primaryimage\"},\"image\":{\"@id\":\"https:\\\/\\\/aconteceunovale.com.br\\\/portal\\\/?p=164159#primaryimage\"},\"thumbnailUrl\":\"https:\\\/\\\/aconteceunovale.com.br\\\/portal\\\/wp-content\\\/uploads\\\/2020\\\/04\\\/governador_rio.png\",\"datePublished\":\"2020-06-15T12:59:38+00:00\",\"dateModified\":\"2020-06-15T12:59:59+00:00\",\"author\":{\"@id\":\"https:\\\/\\\/aconteceunovale.com.br\\\/portal\\\/#\\\/schema\\\/person\\\/633529146f2c94272bef50ac2953d589\"},\"breadcrumb\":{\"@id\":\"https:\\\/\\\/aconteceunovale.com.br\\\/portal\\\/?p=164159#breadcrumb\"},\"inLanguage\":\"pt-BR\",\"potentialAction\":[{\"@type\":\"ReadAction\",\"target\":[\"https:\\\/\\\/aconteceunovale.com.br\\\/portal\\\/?p=164159\"]}]},{\"@type\":\"ImageObject\",\"inLanguage\":\"pt-BR\",\"@id\":\"https:\\\/\\\/aconteceunovale.com.br\\\/portal\\\/?p=164159#primaryimage\",\"url\":\"https:\\\/\\\/aconteceunovale.com.br\\\/portal\\\/wp-content\\\/uploads\\\/2020\\\/04\\\/governador_rio.png\",\"contentUrl\":\"https:\\\/\\\/aconteceunovale.com.br\\\/portal\\\/wp-content\\\/uploads\\\/2020\\\/04\\\/governador_rio.png\",\"width\":678,\"height\":431},{\"@type\":\"BreadcrumbList\",\"@id\":\"https:\\\/\\\/aconteceunovale.com.br\\\/portal\\\/?p=164159#breadcrumb\",\"itemListElement\":[{\"@type\":\"ListItem\",\"position\":1,\"name\":\"In\u00edcio\",\"item\":\"https:\\\/\\\/aconteceunovale.com.br\\\/portal\\\/\"},{\"@type\":\"ListItem\",\"position\":2,\"name\":\"Assembleia do Rio de Janeiro publica abertura de impeachment contra Wilson Witzel\"}]},{\"@type\":\"WebSite\",\"@id\":\"https:\\\/\\\/aconteceunovale.com.br\\\/portal\\\/#website\",\"url\":\"https:\\\/\\\/aconteceunovale.com.br\\\/portal\\\/\",\"name\":\"Aconteceu no Vale\",\"description\":\"Portal de Not\u00edcias\",\"potentialAction\":[{\"@type\":\"SearchAction\",\"target\":{\"@type\":\"EntryPoint\",\"urlTemplate\":\"https:\\\/\\\/aconteceunovale.com.br\\\/portal\\\/?s={search_term_string}\"},\"query-input\":{\"@type\":\"PropertyValueSpecification\",\"valueRequired\":true,\"valueName\":\"search_term_string\"}}],\"inLanguage\":\"pt-BR\"},{\"@type\":\"Person\",\"@id\":\"https:\\\/\\\/aconteceunovale.com.br\\\/portal\\\/#\\\/schema\\\/person\\\/633529146f2c94272bef50ac2953d589\",\"name\":\"Aconteceu no Vale\",\"description\":\"Equipe de reportagem do Aconteceu no Vale, portal de not\u00edcias do Vale do Jequitinhonha, em Minas Gerais. Cobrimos as 51 cidades do Vale desde 2013. Sugest\u00f5es de pauta e pedidos de corre\u00e7\u00e3o: contato@aconteceunovale.com.br\",\"sameAs\":[\"http:\\\/\\\/www.aconteceunovale.com.br\"],\"url\":\"https:\\\/\\\/aconteceunovale.com.br\\\/portal\\\/?author=1\"}]}<\/script>\n<!-- \/ Yoast SEO plugin. -->","yoast_head_json":{"title":"Assembleia do Rio de Janeiro publica abertura de impeachment contra Wilson Witzel - Aconteceu no Vale","robots":{"index":"index","follow":"follow","max-snippet":"max-snippet:-1","max-image-preview":"max-image-preview:large","max-video-preview":"max-video-preview:-1"},"canonical":"https:\/\/aconteceunovale.com.br\/portal\/?p=164159","og_locale":"pt_BR","og_type":"article","og_title":"Assembleia do Rio de Janeiro publica abertura de impeachment contra Wilson Witzel - Aconteceu no Vale","og_description":"Foi publicado na edi\u00e7\u00e3o de hoje (15\/6\/2020) do\u00a0Di\u00e1rio Oficial do Rio de Janeiro\u00a0o Ato n\u00famero 41\/2020 do presidente da Assembleia Legislativa do Estado (Alerj), deputado Andr\u00e9 Ceciliano, que abre o processo de\u00a0impeachment\u00a0contra o governador Wilson Witzel, por crime de responsabilidade. A\u00a0abertura do processo\u00a0n\u00famero 5.328\/2020 foi aprovada na quarta-feira (10), em sess\u00e3o virtual devido \u00e0 pandemia [&hellip;]","og_url":"https:\/\/aconteceunovale.com.br\/portal\/?p=164159","og_site_name":"Aconteceu no Vale","article_publisher":"https:\/\/www.facebook.com\/aconteceunovale\/","article_published_time":"2020-06-15T12:59:38+00:00","article_modified_time":"2020-06-15T12:59:59+00:00","og_image":[{"width":678,"height":431,"url":"https:\/\/aconteceunovale.com.br\/portal\/wp-content\/uploads\/2020\/04\/governador_rio.png","type":"image\/png"}],"author":"Aconteceu no Vale","twitter_card":"summary_large_image","twitter_creator":"@noticiadosvales","twitter_site":"@noticiadosvales","twitter_misc":{"Escrito por":"Aconteceu no Vale","Est. tempo de leitura":"2 minutos"},"schema":{"@context":"https:\/\/schema.org","@graph":[{"@type":"Article","@id":"https:\/\/aconteceunovale.com.br\/portal\/?p=164159#article","isPartOf":{"@id":"https:\/\/aconteceunovale.com.br\/portal\/?p=164159"},"author":{"name":"Aconteceu no Vale","@id":"https:\/\/aconteceunovale.com.br\/portal\/#\/schema\/person\/633529146f2c94272bef50ac2953d589"},"headline":"Assembleia do Rio de Janeiro publica abertura de impeachment contra Wilson Witzel","datePublished":"2020-06-15T12:59:38+00:00","dateModified":"2020-06-15T12:59:59+00:00","mainEntityOfPage":{"@id":"https:\/\/aconteceunovale.com.br\/portal\/?p=164159"},"wordCount":455,"commentCount":0,"image":{"@id":"https:\/\/aconteceunovale.com.br\/portal\/?p=164159#primaryimage"},"thumbnailUrl":"https:\/\/aconteceunovale.com.br\/portal\/wp-content\/uploads\/2020\/04\/governador_rio.png","keywords":["Alerj","Andr\u00e9 Ceciliano","Assembleia do Rio de Janeiro publica abertura de impeachment contra Wilson Witzel","Assembleia Legislativa do Estado","Impeachment de Wilson Witzel","Processo de impeachment contra Wilson Witzel","Wilson Witzel"],"articleSection":["Brasil","Pol\u00edtica"],"inLanguage":"pt-BR","potentialAction":[{"@type":"CommentAction","name":"Comment","target":["https:\/\/aconteceunovale.com.br\/portal\/?p=164159#respond"]}]},{"@type":"WebPage","@id":"https:\/\/aconteceunovale.com.br\/portal\/?p=164159","url":"https:\/\/aconteceunovale.com.br\/portal\/?p=164159","name":"Assembleia do Rio de Janeiro publica abertura de impeachment contra Wilson Witzel - Aconteceu no Vale","isPartOf":{"@id":"https:\/\/aconteceunovale.com.br\/portal\/#website"},"primaryImageOfPage":{"@id":"https:\/\/aconteceunovale.com.br\/portal\/?p=164159#primaryimage"},"image":{"@id":"https:\/\/aconteceunovale.com.br\/portal\/?p=164159#primaryimage"},"thumbnailUrl":"https:\/\/aconteceunovale.com.br\/portal\/wp-content\/uploads\/2020\/04\/governador_rio.png","datePublished":"2020-06-15T12:59:38+00:00","dateModified":"2020-06-15T12:59:59+00:00","author":{"@id":"https:\/\/aconteceunovale.com.br\/portal\/#\/schema\/person\/633529146f2c94272bef50ac2953d589"},"breadcrumb":{"@id":"https:\/\/aconteceunovale.com.br\/portal\/?p=164159#breadcrumb"},"inLanguage":"pt-BR","potentialAction":[{"@type":"ReadAction","target":["https:\/\/aconteceunovale.com.br\/portal\/?p=164159"]}]},{"@type":"ImageObject","inLanguage":"pt-BR","@id":"https:\/\/aconteceunovale.com.br\/portal\/?p=164159#primaryimage","url":"https:\/\/aconteceunovale.com.br\/portal\/wp-content\/uploads\/2020\/04\/governador_rio.png","contentUrl":"https:\/\/aconteceunovale.com.br\/portal\/wp-content\/uploads\/2020\/04\/governador_rio.png","width":678,"height":431},{"@type":"BreadcrumbList","@id":"https:\/\/aconteceunovale.com.br\/portal\/?p=164159#breadcrumb","itemListElement":[{"@type":"ListItem","position":1,"name":"In\u00edcio","item":"https:\/\/aconteceunovale.com.br\/portal\/"},{"@type":"ListItem","position":2,"name":"Assembleia do Rio de Janeiro publica abertura de impeachment contra Wilson Witzel"}]},{"@type":"WebSite","@id":"https:\/\/aconteceunovale.com.br\/portal\/#website","url":"https:\/\/aconteceunovale.com.br\/portal\/","name":"Aconteceu no Vale","description":"Portal de Not\u00edcias","potentialAction":[{"@type":"SearchAction","target":{"@type":"EntryPoint","urlTemplate":"https:\/\/aconteceunovale.com.br\/portal\/?s={search_term_string}"},"query-input":{"@type":"PropertyValueSpecification","valueRequired":true,"valueName":"search_term_string"}}],"inLanguage":"pt-BR"},{"@type":"Person","@id":"https:\/\/aconteceunovale.com.br\/portal\/#\/schema\/person\/633529146f2c94272bef50ac2953d589","name":"Aconteceu no Vale","description":"Equipe de reportagem do Aconteceu no Vale, portal de not\u00edcias do Vale do Jequitinhonha, em Minas Gerais. Cobrimos as 51 cidades do Vale desde 2013. Sugest\u00f5es de pauta e pedidos de corre\u00e7\u00e3o: contato@aconteceunovale.com.br","sameAs":["http:\/\/www.aconteceunovale.com.br"],"url":"https:\/\/aconteceunovale.com.br\/portal\/?author=1"}]}},"_links":{"self":[{"href":"https:\/\/aconteceunovale.com.br\/portal\/index.php?rest_route=\/wp\/v2\/posts\/164159","targetHints":{"allow":["GET"]}}],"collection":[{"href":"https:\/\/aconteceunovale.com.br\/portal\/index.php?rest_route=\/wp\/v2\/posts"}],"about":[{"href":"https:\/\/aconteceunovale.com.br\/portal\/index.php?rest_route=\/wp\/v2\/types\/post"}],"author":[{"embeddable":true,"href":"https:\/\/aconteceunovale.com.br\/portal\/index.php?rest_route=\/wp\/v2\/users\/1"}],"replies":[{"embeddable":true,"href":"https:\/\/aconteceunovale.com.br\/portal\/index.php?rest_route=%2Fwp%2Fv2%2Fcomments&post=164159"}],"version-history":[{"count":1,"href":"https:\/\/aconteceunovale.com.br\/portal\/index.php?rest_route=\/wp\/v2\/posts\/164159\/revisions"}],"predecessor-version":[{"id":164160,"href":"https:\/\/aconteceunovale.com.br\/portal\/index.php?rest_route=\/wp\/v2\/posts\/164159\/revisions\/164160"}],"wp:featuredmedia":[{"embeddable":true,"href":"https:\/\/aconteceunovale.com.br\/portal\/index.php?rest_route=\/wp\/v2\/media\/161014"}],"wp:attachment":[{"href":"https:\/\/aconteceunovale.com.br\/portal\/index.php?rest_route=%2Fwp%2Fv2%2Fmedia&parent=164159"}],"wp:term":[{"taxonomy":"category","embeddable":true,"href":"https:\/\/aconteceunovale.com.br\/portal\/index.php?rest_route=%2Fwp%2Fv2%2Fcategories&post=164159"},{"taxonomy":"post_tag","embeddable":true,"href":"https:\/\/aconteceunovale.com.br\/portal\/index.php?rest_route=%2Fwp%2Fv2%2Ftags&post=164159"}],"curies":[{"name":"wp","href":"https:\/\/api.w.org\/{rel}","templated":true}]}}