{"id":164156,"date":"2020-06-15T09:48:40","date_gmt":"2020-06-15T12:48:40","guid":{"rendered":"https:\/\/aconteceunovale.com.br\/portal\/?p=164156"},"modified":"2020-06-15T09:49:40","modified_gmt":"2020-06-15T12:49:40","slug":"japao-alerta-para-riscos-da-segunda-onda-da-covid-19","status":"publish","type":"post","link":"https:\/\/aconteceunovale.com.br\/portal\/?p=164156","title":{"rendered":"Jap\u00e3o alerta para riscos da segunda onda da Covid-19"},"content":{"rendered":"\n<p class=\"wp-block-paragraph\">O premi\u00ea japon\u00eas Shinz\u014d Abe alertou a popula\u00e7\u00e3o para uma segunda onda de surto do coronav\u00edrus no pa\u00eds. Ele pediu para que as pessoas n\u00e3o contem com um enfraquecimento do v\u00edrus com a chegada dos meses quentes do ver\u00e3o.<\/p>\n\n\n\n<p class=\"wp-block-paragraph\">Abe fez a declara\u00e7\u00e3o durante um programa transmitido ao vivo pela televis\u00e3o. Ele disse que as pessoas n\u00e3o devem ser complacentes neste ver\u00e3o, j\u00e1 que o v\u00edrus est\u00e1 se espalhando mesmo em pa\u00edses do Oriente M\u00e9dio, que sofrem com temperaturas extremamente altas.<\/p>\n\n\n\n<p class=\"wp-block-paragraph\">O primeiro-ministro refor\u00e7ou a necessidade de se preparar para a segunda onda do surto, aumentando o sistema de sa\u00fade e aumentando o n\u00famero de testes.<\/p>\n\n\n\n<p class=\"wp-block-paragraph\">Abe disse ainda que restri\u00e7\u00f5es a viagens internacionais ser\u00e3o gradualmente suspensas, ao mesmo tempo em que medidas de conten\u00e7\u00e3o ao v\u00edrus ser\u00e3o implementadas.<\/p>\n\n\n\n<p class=\"wp-block-paragraph\">Segundo o premi\u00ea, o governo ir\u00e1 analisar minuciosamente a possibilidade de afrouxamento das restri\u00e7\u00f5es, levando em considera\u00e7\u00e3o a situa\u00e7\u00e3o do v\u00edrus em cada pa\u00eds separadamente.<\/p>\n\n\n\n<p class=\"wp-block-paragraph\">Abe disse que continuam em andamento no Jap\u00e3o pesquisas para o desenvolvimento de uma vacina contra o coronav\u00edrus, ao mesmo tempo em que os Estados Unidos e Reino Unido tamb\u00e9m mant\u00eam seus esfor\u00e7os para o desenvolvimento de uma vacina.<\/p>\n\n\n\n<p class=\"wp-block-paragraph\">Ele disse ainda que o Jap\u00e3o j\u00e1 est\u00e1 realizando conversa\u00e7\u00f5es com fabricantes de vacinas para garantir o acesso ao produto assim que as pesquisas sejam finalizadas.<\/p>\n\n\n\n<p class=\"has-background has-very-light-gray-background-color wp-block-paragraph\">Quer saber as not\u00edcias do <strong>Aconteceu no Vale<\/strong> em primeira m\u00e3o? Siga-nos no Facebook <a rel=\"noreferrer noopener\" href=\"http:\/\/facebook.com\/aconteceunovale\" target=\"_blank\">@aconteceunovale<\/a>, Twitter <a rel=\"noreferrer noopener\" href=\"https:\/\/twitter.com\/noticiadosvales\" target=\"_blank\">@noticiadosvales<\/a> e Instagram <a rel=\"noreferrer noopener\" href=\"https:\/\/www.instagram.com\/aconteceunovale\" target=\"_blank\">@aconteceunovale<\/a>.<\/p>\n","protected":false},"excerpt":{"rendered":"<p>O premi\u00ea japon\u00eas Shinz\u014d Abe alertou a popula\u00e7\u00e3o para uma segunda onda de surto do coronav\u00edrus no pa\u00eds. Ele pediu para que as pessoas n\u00e3o contem com um enfraquecimento do v\u00edrus com a chegada dos meses quentes do ver\u00e3o. Abe fez a declara\u00e7\u00e3o durante um programa transmitido ao vivo pela televis\u00e3o. Ele disse que as [&hellip;]<\/p>\n","protected":false},"author":1,"featured_media":164157,"comment_status":"open","ping_status":"closed","sticky":false,"template":"","format":"standard","meta":{"amp_status":"","footnotes":""},"categories":[28848,40242],"tags":[216498,18645,223634,215653,140166,219687,218156,223263,223262,198943],"class_list":["post-164156","post","type-post","status-publish","format-standard","has-post-thumbnail","hentry","category-mundo","category-saude-2","tag-covid-19","tag-japao","tag-japao-alerta-para-riscos-da-segunda-onda-da-covid-19","tag-novo-coronavirus","tag-pandemia","tag-pandemia-da-covid-19","tag-pandemia-do-novo-coronavirus","tag-segunda-onda-da-covid-19","tag-segunda-onda-do-coronavirus","tag-shinzo-abe"],"yoast_head":"<!-- This site is optimized with the Yoast SEO plugin v28.3 - https:\/\/yoast.com\/product\/yoast-seo-wordpress\/ -->\n<title>Jap\u00e3o alerta para riscos da segunda onda da Covid-19 - Aconteceu no Vale<\/title>\n<meta name=\"robots\" content=\"index, follow, max-snippet:-1, max-image-preview:large, max-video-preview:-1\" \/>\n<link rel=\"canonical\" href=\"https:\/\/aconteceunovale.com.br\/portal\/?p=164156\" \/>\n<meta property=\"og:locale\" content=\"pt_BR\" \/>\n<meta property=\"og:type\" content=\"article\" \/>\n<meta property=\"og:title\" content=\"Jap\u00e3o alerta para riscos da segunda onda da Covid-19 - Aconteceu no Vale\" \/>\n<meta property=\"og:description\" content=\"O premi\u00ea japon\u00eas Shinz\u014d Abe alertou a popula\u00e7\u00e3o para uma segunda onda de surto do coronav\u00edrus no pa\u00eds. Ele pediu para que as pessoas n\u00e3o contem com um enfraquecimento do v\u00edrus com a chegada dos meses quentes do ver\u00e3o. Abe fez a declara\u00e7\u00e3o durante um programa transmitido ao vivo pela televis\u00e3o. Ele disse que as [&hellip;]\" \/>\n<meta property=\"og:url\" content=\"https:\/\/aconteceunovale.com.br\/portal\/?p=164156\" \/>\n<meta property=\"og:site_name\" content=\"Aconteceu no Vale\" \/>\n<meta property=\"article:publisher\" content=\"https:\/\/www.facebook.com\/aconteceunovale\/\" \/>\n<meta property=\"article:published_time\" content=\"2020-06-15T12:48:40+00:00\" \/>\n<meta property=\"article:modified_time\" content=\"2020-06-15T12:49:40+00:00\" \/>\n<meta property=\"og:image\" content=\"https:\/\/aconteceunovale.com.br\/portal\/wp-content\/uploads\/2020\/06\/primeiro_ministro_japao.jpg\" \/>\n\t<meta property=\"og:image:width\" content=\"600\" \/>\n\t<meta property=\"og:image:height\" content=\"450\" \/>\n\t<meta property=\"og:image:type\" content=\"image\/jpeg\" \/>\n<meta name=\"author\" content=\"Aconteceu no Vale\" \/>\n<meta name=\"twitter:card\" content=\"summary_large_image\" \/>\n<meta name=\"twitter:creator\" content=\"@noticiadosvales\" \/>\n<meta name=\"twitter:site\" content=\"@noticiadosvales\" \/>\n<meta name=\"twitter:label1\" content=\"Escrito por\" \/>\n\t<meta name=\"twitter:data1\" content=\"Aconteceu no Vale\" \/>\n\t<meta name=\"twitter:label2\" content=\"Est. tempo de leitura\" \/>\n\t<meta name=\"twitter:data2\" content=\"1 minuto\" \/>\n<script type=\"application\/ld+json\" class=\"yoast-schema-graph\">{\"@context\":\"https:\\\/\\\/schema.org\",\"@graph\":[{\"@type\":\"Article\",\"@id\":\"https:\\\/\\\/aconteceunovale.com.br\\\/portal\\\/?p=164156#article\",\"isPartOf\":{\"@id\":\"https:\\\/\\\/aconteceunovale.com.br\\\/portal\\\/?p=164156\"},\"author\":{\"name\":\"Aconteceu no Vale\",\"@id\":\"https:\\\/\\\/aconteceunovale.com.br\\\/portal\\\/#\\\/schema\\\/person\\\/633529146f2c94272bef50ac2953d589\"},\"headline\":\"Jap\u00e3o alerta para riscos da segunda onda da Covid-19\",\"datePublished\":\"2020-06-15T12:48:40+00:00\",\"dateModified\":\"2020-06-15T12:49:40+00:00\",\"mainEntityOfPage\":{\"@id\":\"https:\\\/\\\/aconteceunovale.com.br\\\/portal\\\/?p=164156\"},\"wordCount\":285,\"commentCount\":0,\"image\":{\"@id\":\"https:\\\/\\\/aconteceunovale.com.br\\\/portal\\\/?p=164156#primaryimage\"},\"thumbnailUrl\":\"https:\\\/\\\/aconteceunovale.com.br\\\/portal\\\/wp-content\\\/uploads\\\/2020\\\/06\\\/primeiro_ministro_japao.jpg\",\"keywords\":[\"COVID-19\",\"Jap\u00e3o\",\"Jap\u00e3o alerta para riscos da segunda onda da Covid-19\",\"Novo coronav\u00edrus\",\"pandemia\",\"Pandemia da covid-19\",\"Pandemia do novo coronav\u00edrus\",\"Segunda onda da Covid-19\",\"Segunda onda do coronav\u00edrus\",\"Shinzo Abe\"],\"articleSection\":[\"Mundo\",\"Sa\u00fade\"],\"inLanguage\":\"pt-BR\",\"potentialAction\":[{\"@type\":\"CommentAction\",\"name\":\"Comment\",\"target\":[\"https:\\\/\\\/aconteceunovale.com.br\\\/portal\\\/?p=164156#respond\"]}]},{\"@type\":\"WebPage\",\"@id\":\"https:\\\/\\\/aconteceunovale.com.br\\\/portal\\\/?p=164156\",\"url\":\"https:\\\/\\\/aconteceunovale.com.br\\\/portal\\\/?p=164156\",\"name\":\"Jap\u00e3o alerta para riscos da segunda onda da Covid-19 - Aconteceu no Vale\",\"isPartOf\":{\"@id\":\"https:\\\/\\\/aconteceunovale.com.br\\\/portal\\\/#website\"},\"primaryImageOfPage\":{\"@id\":\"https:\\\/\\\/aconteceunovale.com.br\\\/portal\\\/?p=164156#primaryimage\"},\"image\":{\"@id\":\"https:\\\/\\\/aconteceunovale.com.br\\\/portal\\\/?p=164156#primaryimage\"},\"thumbnailUrl\":\"https:\\\/\\\/aconteceunovale.com.br\\\/portal\\\/wp-content\\\/uploads\\\/2020\\\/06\\\/primeiro_ministro_japao.jpg\",\"datePublished\":\"2020-06-15T12:48:40+00:00\",\"dateModified\":\"2020-06-15T12:49:40+00:00\",\"author\":{\"@id\":\"https:\\\/\\\/aconteceunovale.com.br\\\/portal\\\/#\\\/schema\\\/person\\\/633529146f2c94272bef50ac2953d589\"},\"breadcrumb\":{\"@id\":\"https:\\\/\\\/aconteceunovale.com.br\\\/portal\\\/?p=164156#breadcrumb\"},\"inLanguage\":\"pt-BR\",\"potentialAction\":[{\"@type\":\"ReadAction\",\"target\":[\"https:\\\/\\\/aconteceunovale.com.br\\\/portal\\\/?p=164156\"]}]},{\"@type\":\"ImageObject\",\"inLanguage\":\"pt-BR\",\"@id\":\"https:\\\/\\\/aconteceunovale.com.br\\\/portal\\\/?p=164156#primaryimage\",\"url\":\"https:\\\/\\\/aconteceunovale.com.br\\\/portal\\\/wp-content\\\/uploads\\\/2020\\\/06\\\/primeiro_ministro_japao.jpg\",\"contentUrl\":\"https:\\\/\\\/aconteceunovale.com.br\\\/portal\\\/wp-content\\\/uploads\\\/2020\\\/06\\\/primeiro_ministro_japao.jpg\",\"width\":600,\"height\":450},{\"@type\":\"BreadcrumbList\",\"@id\":\"https:\\\/\\\/aconteceunovale.com.br\\\/portal\\\/?p=164156#breadcrumb\",\"itemListElement\":[{\"@type\":\"ListItem\",\"position\":1,\"name\":\"In\u00edcio\",\"item\":\"https:\\\/\\\/aconteceunovale.com.br\\\/portal\\\/\"},{\"@type\":\"ListItem\",\"position\":2,\"name\":\"Jap\u00e3o alerta para riscos da segunda onda da Covid-19\"}]},{\"@type\":\"WebSite\",\"@id\":\"https:\\\/\\\/aconteceunovale.com.br\\\/portal\\\/#website\",\"url\":\"https:\\\/\\\/aconteceunovale.com.br\\\/portal\\\/\",\"name\":\"Aconteceu no Vale\",\"description\":\"Portal de Not\u00edcias\",\"potentialAction\":[{\"@type\":\"SearchAction\",\"target\":{\"@type\":\"EntryPoint\",\"urlTemplate\":\"https:\\\/\\\/aconteceunovale.com.br\\\/portal\\\/?s={search_term_string}\"},\"query-input\":{\"@type\":\"PropertyValueSpecification\",\"valueRequired\":true,\"valueName\":\"search_term_string\"}}],\"inLanguage\":\"pt-BR\"},{\"@type\":\"Person\",\"@id\":\"https:\\\/\\\/aconteceunovale.com.br\\\/portal\\\/#\\\/schema\\\/person\\\/633529146f2c94272bef50ac2953d589\",\"name\":\"Aconteceu no Vale\",\"description\":\"Equipe de reportagem do Aconteceu no Vale, portal de not\u00edcias do Vale do Jequitinhonha, em Minas Gerais. Cobrimos as 51 cidades do Vale desde 2013. Sugest\u00f5es de pauta e pedidos de corre\u00e7\u00e3o: contato@aconteceunovale.com.br\",\"sameAs\":[\"http:\\\/\\\/www.aconteceunovale.com.br\"],\"url\":\"https:\\\/\\\/aconteceunovale.com.br\\\/portal\\\/?author=1\"}]}<\/script>\n<!-- \/ Yoast SEO plugin. -->","yoast_head_json":{"title":"Jap\u00e3o alerta para riscos da segunda onda da Covid-19 - Aconteceu no Vale","robots":{"index":"index","follow":"follow","max-snippet":"max-snippet:-1","max-image-preview":"max-image-preview:large","max-video-preview":"max-video-preview:-1"},"canonical":"https:\/\/aconteceunovale.com.br\/portal\/?p=164156","og_locale":"pt_BR","og_type":"article","og_title":"Jap\u00e3o alerta para riscos da segunda onda da Covid-19 - Aconteceu no Vale","og_description":"O premi\u00ea japon\u00eas Shinz\u014d Abe alertou a popula\u00e7\u00e3o para uma segunda onda de surto do coronav\u00edrus no pa\u00eds. Ele pediu para que as pessoas n\u00e3o contem com um enfraquecimento do v\u00edrus com a chegada dos meses quentes do ver\u00e3o. Abe fez a declara\u00e7\u00e3o durante um programa transmitido ao vivo pela televis\u00e3o. Ele disse que as [&hellip;]","og_url":"https:\/\/aconteceunovale.com.br\/portal\/?p=164156","og_site_name":"Aconteceu no Vale","article_publisher":"https:\/\/www.facebook.com\/aconteceunovale\/","article_published_time":"2020-06-15T12:48:40+00:00","article_modified_time":"2020-06-15T12:49:40+00:00","og_image":[{"width":600,"height":450,"url":"https:\/\/aconteceunovale.com.br\/portal\/wp-content\/uploads\/2020\/06\/primeiro_ministro_japao.jpg","type":"image\/jpeg"}],"author":"Aconteceu no Vale","twitter_card":"summary_large_image","twitter_creator":"@noticiadosvales","twitter_site":"@noticiadosvales","twitter_misc":{"Escrito por":"Aconteceu no Vale","Est. tempo de leitura":"1 minuto"},"schema":{"@context":"https:\/\/schema.org","@graph":[{"@type":"Article","@id":"https:\/\/aconteceunovale.com.br\/portal\/?p=164156#article","isPartOf":{"@id":"https:\/\/aconteceunovale.com.br\/portal\/?p=164156"},"author":{"name":"Aconteceu no Vale","@id":"https:\/\/aconteceunovale.com.br\/portal\/#\/schema\/person\/633529146f2c94272bef50ac2953d589"},"headline":"Jap\u00e3o alerta para riscos da segunda onda da Covid-19","datePublished":"2020-06-15T12:48:40+00:00","dateModified":"2020-06-15T12:49:40+00:00","mainEntityOfPage":{"@id":"https:\/\/aconteceunovale.com.br\/portal\/?p=164156"},"wordCount":285,"commentCount":0,"image":{"@id":"https:\/\/aconteceunovale.com.br\/portal\/?p=164156#primaryimage"},"thumbnailUrl":"https:\/\/aconteceunovale.com.br\/portal\/wp-content\/uploads\/2020\/06\/primeiro_ministro_japao.jpg","keywords":["COVID-19","Jap\u00e3o","Jap\u00e3o alerta para riscos da segunda onda da Covid-19","Novo coronav\u00edrus","pandemia","Pandemia da covid-19","Pandemia do novo coronav\u00edrus","Segunda onda da Covid-19","Segunda onda do coronav\u00edrus","Shinzo Abe"],"articleSection":["Mundo","Sa\u00fade"],"inLanguage":"pt-BR","potentialAction":[{"@type":"CommentAction","name":"Comment","target":["https:\/\/aconteceunovale.com.br\/portal\/?p=164156#respond"]}]},{"@type":"WebPage","@id":"https:\/\/aconteceunovale.com.br\/portal\/?p=164156","url":"https:\/\/aconteceunovale.com.br\/portal\/?p=164156","name":"Jap\u00e3o alerta para riscos da segunda onda da Covid-19 - Aconteceu no Vale","isPartOf":{"@id":"https:\/\/aconteceunovale.com.br\/portal\/#website"},"primaryImageOfPage":{"@id":"https:\/\/aconteceunovale.com.br\/portal\/?p=164156#primaryimage"},"image":{"@id":"https:\/\/aconteceunovale.com.br\/portal\/?p=164156#primaryimage"},"thumbnailUrl":"https:\/\/aconteceunovale.com.br\/portal\/wp-content\/uploads\/2020\/06\/primeiro_ministro_japao.jpg","datePublished":"2020-06-15T12:48:40+00:00","dateModified":"2020-06-15T12:49:40+00:00","author":{"@id":"https:\/\/aconteceunovale.com.br\/portal\/#\/schema\/person\/633529146f2c94272bef50ac2953d589"},"breadcrumb":{"@id":"https:\/\/aconteceunovale.com.br\/portal\/?p=164156#breadcrumb"},"inLanguage":"pt-BR","potentialAction":[{"@type":"ReadAction","target":["https:\/\/aconteceunovale.com.br\/portal\/?p=164156"]}]},{"@type":"ImageObject","inLanguage":"pt-BR","@id":"https:\/\/aconteceunovale.com.br\/portal\/?p=164156#primaryimage","url":"https:\/\/aconteceunovale.com.br\/portal\/wp-content\/uploads\/2020\/06\/primeiro_ministro_japao.jpg","contentUrl":"https:\/\/aconteceunovale.com.br\/portal\/wp-content\/uploads\/2020\/06\/primeiro_ministro_japao.jpg","width":600,"height":450},{"@type":"BreadcrumbList","@id":"https:\/\/aconteceunovale.com.br\/portal\/?p=164156#breadcrumb","itemListElement":[{"@type":"ListItem","position":1,"name":"In\u00edcio","item":"https:\/\/aconteceunovale.com.br\/portal\/"},{"@type":"ListItem","position":2,"name":"Jap\u00e3o alerta para riscos da segunda onda da Covid-19"}]},{"@type":"WebSite","@id":"https:\/\/aconteceunovale.com.br\/portal\/#website","url":"https:\/\/aconteceunovale.com.br\/portal\/","name":"Aconteceu no Vale","description":"Portal de Not\u00edcias","potentialAction":[{"@type":"SearchAction","target":{"@type":"EntryPoint","urlTemplate":"https:\/\/aconteceunovale.com.br\/portal\/?s={search_term_string}"},"query-input":{"@type":"PropertyValueSpecification","valueRequired":true,"valueName":"search_term_string"}}],"inLanguage":"pt-BR"},{"@type":"Person","@id":"https:\/\/aconteceunovale.com.br\/portal\/#\/schema\/person\/633529146f2c94272bef50ac2953d589","name":"Aconteceu no Vale","description":"Equipe de reportagem do Aconteceu no Vale, portal de not\u00edcias do Vale do Jequitinhonha, em Minas Gerais. Cobrimos as 51 cidades do Vale desde 2013. Sugest\u00f5es de pauta e pedidos de corre\u00e7\u00e3o: contato@aconteceunovale.com.br","sameAs":["http:\/\/www.aconteceunovale.com.br"],"url":"https:\/\/aconteceunovale.com.br\/portal\/?author=1"}]}},"_links":{"self":[{"href":"https:\/\/aconteceunovale.com.br\/portal\/index.php?rest_route=\/wp\/v2\/posts\/164156","targetHints":{"allow":["GET"]}}],"collection":[{"href":"https:\/\/aconteceunovale.com.br\/portal\/index.php?rest_route=\/wp\/v2\/posts"}],"about":[{"href":"https:\/\/aconteceunovale.com.br\/portal\/index.php?rest_route=\/wp\/v2\/types\/post"}],"author":[{"embeddable":true,"href":"https:\/\/aconteceunovale.com.br\/portal\/index.php?rest_route=\/wp\/v2\/users\/1"}],"replies":[{"embeddable":true,"href":"https:\/\/aconteceunovale.com.br\/portal\/index.php?rest_route=%2Fwp%2Fv2%2Fcomments&post=164156"}],"version-history":[{"count":1,"href":"https:\/\/aconteceunovale.com.br\/portal\/index.php?rest_route=\/wp\/v2\/posts\/164156\/revisions"}],"predecessor-version":[{"id":164158,"href":"https:\/\/aconteceunovale.com.br\/portal\/index.php?rest_route=\/wp\/v2\/posts\/164156\/revisions\/164158"}],"wp:featuredmedia":[{"embeddable":true,"href":"https:\/\/aconteceunovale.com.br\/portal\/index.php?rest_route=\/wp\/v2\/media\/164157"}],"wp:attachment":[{"href":"https:\/\/aconteceunovale.com.br\/portal\/index.php?rest_route=%2Fwp%2Fv2%2Fmedia&parent=164156"}],"wp:term":[{"taxonomy":"category","embeddable":true,"href":"https:\/\/aconteceunovale.com.br\/portal\/index.php?rest_route=%2Fwp%2Fv2%2Fcategories&post=164156"},{"taxonomy":"post_tag","embeddable":true,"href":"https:\/\/aconteceunovale.com.br\/portal\/index.php?rest_route=%2Fwp%2Fv2%2Ftags&post=164156"}],"curies":[{"name":"wp","href":"https:\/\/api.w.org\/{rel}","templated":true}]}}