{"id":164153,"date":"2020-06-15T09:41:14","date_gmt":"2020-06-15T12:41:14","guid":{"rendered":"https:\/\/aconteceunovale.com.br\/portal\/?p=164153"},"modified":"2020-06-15T13:31:43","modified_gmt":"2020-06-15T16:31:43","slug":"sara-winter-e-presa-pela-pf","status":"publish","type":"post","link":"https:\/\/aconteceunovale.com.br\/portal\/?p=164153","title":{"rendered":"Sara Winter \u00e9 presa pela PF"},"content":{"rendered":"\n<p class=\"wp-block-paragraph\">Investigada por amea\u00e7as contra ministros do Supremo Tribunal Federal (STF), a ativista conhecida como Sara Winter foi presa temporariamente pela Pol\u00edcia Federal (PF) na manh\u00e3 desta segunda-feira (15), em Bras\u00edlia. O mandado de pris\u00e3o foi expedido pelo ministro do STF, Alexandre de Moraes, a pedido da Procuradoria-Geral da Rep\u00fablica (PGR) no inqu\u00e9rito que apura ataques a\u00a0institui\u00e7\u00f5es nas redes sociais. Ao todo, seis pessoas foram presas hoje.<\/p>\n\n\n\n<figure class=\"wp-block-gallery columns-1 is-cropped wp-block-gallery-1 is-layout-flex wp-block-gallery-is-layout-flex\"><ul class=\"blocks-gallery-grid\"><li class=\"blocks-gallery-item\"><figure><img loading=\"lazy\" decoding=\"async\" width=\"799\" height=\"532\" src=\"https:\/\/aconteceunovale.com.br\/portal\/wp-content\/uploads\/2020\/06\/sara_winter.jpg\" alt=\"\" data-id=\"164154\" data-full-url=\"https:\/\/aconteceunovale.com.br\/portal\/wp-content\/uploads\/2020\/06\/sara_winter.jpg\" data-link=\"https:\/\/aconteceunovale.com.br\/portal\/?attachment_id=164154\" class=\"wp-image-164154\" srcset=\"https:\/\/aconteceunovale.com.br\/portal\/wp-content\/uploads\/2020\/06\/sara_winter.jpg 799w, https:\/\/aconteceunovale.com.br\/portal\/wp-content\/uploads\/2020\/06\/sara_winter-300x200.jpg 300w, https:\/\/aconteceunovale.com.br\/portal\/wp-content\/uploads\/2020\/06\/sara_winter-768x511.jpg 768w, https:\/\/aconteceunovale.com.br\/portal\/wp-content\/uploads\/2020\/06\/sara_winter-696x463.jpg 696w, https:\/\/aconteceunovale.com.br\/portal\/wp-content\/uploads\/2020\/06\/sara_winter-631x420.jpg 631w\" sizes=\"auto, (max-width: 799px) 100vw, 799px\" \/><figcaption class=\"blocks-gallery-item__caption\"><em>A ativista Sara Winter (Foto: Instagram \/ Reprodu\u00e7\u00e3o)<\/em><\/figcaption><\/figure><\/li><\/ul><\/figure>\n\n\n\n<h2 class=\"wp-block-heading\">Amea\u00e7as<\/h2>\n\n\n\n<p class=\"wp-block-paragraph\">Winter \u00e9 l\u00edder do grupo 300 do Brasil, de apoio ao presidente Jair Bolsonaro. No fim de maio, depois que foi\u00a0alvo de mandados de busca\u00a0e apreens\u00e3o autorizadas pelo STF, a ativista usou as redes sociais para amea\u00e7ar o ministro Alexandre de Moraes. \u00c0 \u00e9poca ela disse que o ministro \u201cnunca mais teria paz\u201d e que contaria com ajuda para descobrir onde ele mora e quem trabalha na casa dele.<\/p>\n\n\n\n<p class=\"wp-block-paragraph\">Nesse s\u00e1bado (13), acampamentos de apoiadores do presidente Bolsonaro, que estavam na Esplanada dos Minist\u00e9rios desde o in\u00edcio de maio, foram desmontados em uma opera\u00e7\u00e3o coordenada pela Secretaria de Seguran\u00e7a P\u00fablica do Distrito Federal (SSP) e o DF Legal, \u00f3rg\u00e3o de fiscaliza\u00e7\u00e3o do governo do Distrito Federal. Na a\u00e7\u00e3o policiais utilizaram&nbsp;<em>spray<\/em>&nbsp;de pimenta contra militantes que insistiam em permanecer na Esplanada.<\/p>\n\n\n\n<p class=\"wp-block-paragraph\">Na manh\u00e3 de ontem (14) Winter&nbsp;fez novas amea\u00e7as, desta vez, o alvo foi o governador do Distrito Federal, Ibaneis Rocha, chamado pela ativista de \u201cditador\u201d. Em suas redes sociais, Sara Winter criticou um decreto de Ibaneis, publicado na noite de s\u00e1bado. O documento determinou o fechamento da Esplanada dos Minist\u00e9rios nesse domingo (14) para evitar aglomera\u00e7\u00f5es.&nbsp;<\/p>\n\n\n\n<p class=\"wp-block-paragraph\">A&nbsp;advogada de Sarah, Renata Felix, informou que a pris\u00e3o tempor\u00e1ria&nbsp;\u00e9 por cinco dias e que vai entrar com pedido de&nbsp;<em>habeas corpus.&nbsp;<\/em><\/p>\n\n\n\n<p class=\"has-background has-very-light-gray-background-color wp-block-paragraph\">Quer saber as not\u00edcias do <strong>Aconteceu no Vale<\/strong> em primeira m\u00e3o? Siga-nos no Facebook <a rel=\"noreferrer noopener\" href=\"http:\/\/facebook.com\/aconteceunovale\" target=\"_blank\">@aconteceunovale<\/a>, Twitter <a rel=\"noreferrer noopener\" href=\"https:\/\/twitter.com\/noticiadosvales\" target=\"_blank\">@noticiadosvales<\/a> e Instagram <a rel=\"noreferrer noopener\" href=\"https:\/\/www.instagram.com\/aconteceunovale\" target=\"_blank\">@aconteceunovale<\/a>.<\/p>\n","protected":false},"excerpt":{"rendered":"<p>Investigada por amea\u00e7as contra ministros do Supremo Tribunal Federal (STF), a ativista conhecida como Sara Winter foi presa temporariamente pela Pol\u00edcia Federal (PF) na manh\u00e3 desta segunda-feira (15), em Bras\u00edlia. O mandado de pris\u00e3o foi expedido pelo ministro do STF, Alexandre de Moraes, a pedido da Procuradoria-Geral da Rep\u00fablica (PGR) no inqu\u00e9rito que apura ataques [&hellip;]<\/p>\n","protected":false},"author":1,"featured_media":164154,"comment_status":"open","ping_status":"closed","sticky":false,"template":"","format":"standard","meta":{"amp_status":"","footnotes":""},"categories":[6,40240],"tags":[35211,1018,20966,772,223633,223630,223632,223629,223628,223631,28511],"class_list":["post-164153","post","type-post","status-publish","format-standard","has-post-thumbnail","hentry","category-br","category-politica","tag-alexandre-de-moraes","tag-destaque","tag-pf","tag-policia-federal","tag-prisao-de-lider-do-movimento-300-do-brasil","tag-prisao-de-sara-winter","tag-sara-fernanda-giromini","tag-sara-winter","tag-sara-winter-e-presa-pela-pf","tag-sara-winter-presa","tag-stf"],"yoast_head":"<!-- This site is optimized with the Yoast SEO plugin v28.3 - https:\/\/yoast.com\/product\/yoast-seo-wordpress\/ -->\n<title>Sara Winter \u00e9 presa pela PF - Aconteceu no Vale<\/title>\n<meta name=\"robots\" content=\"index, follow, max-snippet:-1, max-image-preview:large, max-video-preview:-1\" \/>\n<link rel=\"canonical\" href=\"https:\/\/aconteceunovale.com.br\/portal\/?p=164153\" \/>\n<meta property=\"og:locale\" content=\"pt_BR\" \/>\n<meta property=\"og:type\" content=\"article\" \/>\n<meta property=\"og:title\" content=\"Sara Winter \u00e9 presa pela PF - Aconteceu no Vale\" \/>\n<meta property=\"og:description\" content=\"Investigada por amea\u00e7as contra ministros do Supremo Tribunal Federal (STF), a ativista conhecida como Sara Winter foi presa temporariamente pela Pol\u00edcia Federal (PF) na manh\u00e3 desta segunda-feira (15), em Bras\u00edlia. O mandado de pris\u00e3o foi expedido pelo ministro do STF, Alexandre de Moraes, a pedido da Procuradoria-Geral da Rep\u00fablica (PGR) no inqu\u00e9rito que apura ataques [&hellip;]\" \/>\n<meta property=\"og:url\" content=\"https:\/\/aconteceunovale.com.br\/portal\/?p=164153\" \/>\n<meta property=\"og:site_name\" content=\"Aconteceu no Vale\" \/>\n<meta property=\"article:publisher\" content=\"https:\/\/www.facebook.com\/aconteceunovale\/\" \/>\n<meta property=\"article:published_time\" content=\"2020-06-15T12:41:14+00:00\" \/>\n<meta property=\"article:modified_time\" content=\"2020-06-15T16:31:43+00:00\" \/>\n<meta property=\"og:image\" content=\"https:\/\/aconteceunovale.com.br\/portal\/wp-content\/uploads\/2020\/06\/sara_winter.jpg\" \/>\n\t<meta property=\"og:image:width\" content=\"799\" \/>\n\t<meta property=\"og:image:height\" content=\"532\" \/>\n\t<meta property=\"og:image:type\" content=\"image\/jpeg\" \/>\n<meta name=\"author\" content=\"Aconteceu no Vale\" \/>\n<meta name=\"twitter:card\" content=\"summary_large_image\" \/>\n<meta name=\"twitter:creator\" content=\"@noticiadosvales\" \/>\n<meta name=\"twitter:site\" content=\"@noticiadosvales\" \/>\n<meta name=\"twitter:label1\" content=\"Escrito por\" \/>\n\t<meta name=\"twitter:data1\" content=\"Aconteceu no Vale\" \/>\n\t<meta name=\"twitter:label2\" content=\"Est. tempo de leitura\" \/>\n\t<meta name=\"twitter:data2\" content=\"2 minutos\" \/>\n<script type=\"application\/ld+json\" class=\"yoast-schema-graph\">{\"@context\":\"https:\\\/\\\/schema.org\",\"@graph\":[{\"@type\":\"Article\",\"@id\":\"https:\\\/\\\/aconteceunovale.com.br\\\/portal\\\/?p=164153#article\",\"isPartOf\":{\"@id\":\"https:\\\/\\\/aconteceunovale.com.br\\\/portal\\\/?p=164153\"},\"author\":{\"name\":\"Aconteceu no Vale\",\"@id\":\"https:\\\/\\\/aconteceunovale.com.br\\\/portal\\\/#\\\/schema\\\/person\\\/633529146f2c94272bef50ac2953d589\"},\"headline\":\"Sara Winter \u00e9 presa pela PF\",\"datePublished\":\"2020-06-15T12:41:14+00:00\",\"dateModified\":\"2020-06-15T16:31:43+00:00\",\"mainEntityOfPage\":{\"@id\":\"https:\\\/\\\/aconteceunovale.com.br\\\/portal\\\/?p=164153\"},\"wordCount\":343,\"commentCount\":0,\"image\":{\"@id\":\"https:\\\/\\\/aconteceunovale.com.br\\\/portal\\\/?p=164153#primaryimage\"},\"thumbnailUrl\":\"https:\\\/\\\/aconteceunovale.com.br\\\/portal\\\/wp-content\\\/uploads\\\/2020\\\/06\\\/sara_winter.jpg\",\"keywords\":[\"Alexandre de Moraes\",\"destaque\",\"PF\",\"pol\u00edcia federal\",\"Pris\u00e3o de l\u00edder do movimento 300 do Brasil\",\"Pris\u00e3o de Sara Winter\",\"Sara Fernanda Giromini\",\"Sara Winter\",\"Sara Winter \u00e9 presa pela PF\",\"Sara Winter presa\",\"STF\"],\"articleSection\":[\"Brasil\",\"Pol\u00edtica\"],\"inLanguage\":\"pt-BR\",\"potentialAction\":[{\"@type\":\"CommentAction\",\"name\":\"Comment\",\"target\":[\"https:\\\/\\\/aconteceunovale.com.br\\\/portal\\\/?p=164153#respond\"]}]},{\"@type\":\"WebPage\",\"@id\":\"https:\\\/\\\/aconteceunovale.com.br\\\/portal\\\/?p=164153\",\"url\":\"https:\\\/\\\/aconteceunovale.com.br\\\/portal\\\/?p=164153\",\"name\":\"Sara Winter \u00e9 presa pela PF - Aconteceu no Vale\",\"isPartOf\":{\"@id\":\"https:\\\/\\\/aconteceunovale.com.br\\\/portal\\\/#website\"},\"primaryImageOfPage\":{\"@id\":\"https:\\\/\\\/aconteceunovale.com.br\\\/portal\\\/?p=164153#primaryimage\"},\"image\":{\"@id\":\"https:\\\/\\\/aconteceunovale.com.br\\\/portal\\\/?p=164153#primaryimage\"},\"thumbnailUrl\":\"https:\\\/\\\/aconteceunovale.com.br\\\/portal\\\/wp-content\\\/uploads\\\/2020\\\/06\\\/sara_winter.jpg\",\"datePublished\":\"2020-06-15T12:41:14+00:00\",\"dateModified\":\"2020-06-15T16:31:43+00:00\",\"author\":{\"@id\":\"https:\\\/\\\/aconteceunovale.com.br\\\/portal\\\/#\\\/schema\\\/person\\\/633529146f2c94272bef50ac2953d589\"},\"breadcrumb\":{\"@id\":\"https:\\\/\\\/aconteceunovale.com.br\\\/portal\\\/?p=164153#breadcrumb\"},\"inLanguage\":\"pt-BR\",\"potentialAction\":[{\"@type\":\"ReadAction\",\"target\":[\"https:\\\/\\\/aconteceunovale.com.br\\\/portal\\\/?p=164153\"]}]},{\"@type\":\"ImageObject\",\"inLanguage\":\"pt-BR\",\"@id\":\"https:\\\/\\\/aconteceunovale.com.br\\\/portal\\\/?p=164153#primaryimage\",\"url\":\"https:\\\/\\\/aconteceunovale.com.br\\\/portal\\\/wp-content\\\/uploads\\\/2020\\\/06\\\/sara_winter.jpg\",\"contentUrl\":\"https:\\\/\\\/aconteceunovale.com.br\\\/portal\\\/wp-content\\\/uploads\\\/2020\\\/06\\\/sara_winter.jpg\",\"width\":799,\"height\":532},{\"@type\":\"BreadcrumbList\",\"@id\":\"https:\\\/\\\/aconteceunovale.com.br\\\/portal\\\/?p=164153#breadcrumb\",\"itemListElement\":[{\"@type\":\"ListItem\",\"position\":1,\"name\":\"In\u00edcio\",\"item\":\"https:\\\/\\\/aconteceunovale.com.br\\\/portal\\\/\"},{\"@type\":\"ListItem\",\"position\":2,\"name\":\"Sara Winter \u00e9 presa pela PF\"}]},{\"@type\":\"WebSite\",\"@id\":\"https:\\\/\\\/aconteceunovale.com.br\\\/portal\\\/#website\",\"url\":\"https:\\\/\\\/aconteceunovale.com.br\\\/portal\\\/\",\"name\":\"Aconteceu no Vale\",\"description\":\"Portal de Not\u00edcias\",\"potentialAction\":[{\"@type\":\"SearchAction\",\"target\":{\"@type\":\"EntryPoint\",\"urlTemplate\":\"https:\\\/\\\/aconteceunovale.com.br\\\/portal\\\/?s={search_term_string}\"},\"query-input\":{\"@type\":\"PropertyValueSpecification\",\"valueRequired\":true,\"valueName\":\"search_term_string\"}}],\"inLanguage\":\"pt-BR\"},{\"@type\":\"Person\",\"@id\":\"https:\\\/\\\/aconteceunovale.com.br\\\/portal\\\/#\\\/schema\\\/person\\\/633529146f2c94272bef50ac2953d589\",\"name\":\"Aconteceu no Vale\",\"description\":\"Equipe de reportagem do Aconteceu no Vale, portal de not\u00edcias do Vale do Jequitinhonha, em Minas Gerais. Cobrimos as 51 cidades do Vale desde 2013. Sugest\u00f5es de pauta e pedidos de corre\u00e7\u00e3o: contato@aconteceunovale.com.br\",\"sameAs\":[\"http:\\\/\\\/www.aconteceunovale.com.br\"],\"url\":\"https:\\\/\\\/aconteceunovale.com.br\\\/portal\\\/?author=1\"}]}<\/script>\n<!-- \/ Yoast SEO plugin. -->","yoast_head_json":{"title":"Sara Winter \u00e9 presa pela PF - Aconteceu no Vale","robots":{"index":"index","follow":"follow","max-snippet":"max-snippet:-1","max-image-preview":"max-image-preview:large","max-video-preview":"max-video-preview:-1"},"canonical":"https:\/\/aconteceunovale.com.br\/portal\/?p=164153","og_locale":"pt_BR","og_type":"article","og_title":"Sara Winter \u00e9 presa pela PF - Aconteceu no Vale","og_description":"Investigada por amea\u00e7as contra ministros do Supremo Tribunal Federal (STF), a ativista conhecida como Sara Winter foi presa temporariamente pela Pol\u00edcia Federal (PF) na manh\u00e3 desta segunda-feira (15), em Bras\u00edlia. O mandado de pris\u00e3o foi expedido pelo ministro do STF, Alexandre de Moraes, a pedido da Procuradoria-Geral da Rep\u00fablica (PGR) no inqu\u00e9rito que apura ataques [&hellip;]","og_url":"https:\/\/aconteceunovale.com.br\/portal\/?p=164153","og_site_name":"Aconteceu no Vale","article_publisher":"https:\/\/www.facebook.com\/aconteceunovale\/","article_published_time":"2020-06-15T12:41:14+00:00","article_modified_time":"2020-06-15T16:31:43+00:00","og_image":[{"width":799,"height":532,"url":"https:\/\/aconteceunovale.com.br\/portal\/wp-content\/uploads\/2020\/06\/sara_winter.jpg","type":"image\/jpeg"}],"author":"Aconteceu no Vale","twitter_card":"summary_large_image","twitter_creator":"@noticiadosvales","twitter_site":"@noticiadosvales","twitter_misc":{"Escrito por":"Aconteceu no Vale","Est. tempo de leitura":"2 minutos"},"schema":{"@context":"https:\/\/schema.org","@graph":[{"@type":"Article","@id":"https:\/\/aconteceunovale.com.br\/portal\/?p=164153#article","isPartOf":{"@id":"https:\/\/aconteceunovale.com.br\/portal\/?p=164153"},"author":{"name":"Aconteceu no Vale","@id":"https:\/\/aconteceunovale.com.br\/portal\/#\/schema\/person\/633529146f2c94272bef50ac2953d589"},"headline":"Sara Winter \u00e9 presa pela PF","datePublished":"2020-06-15T12:41:14+00:00","dateModified":"2020-06-15T16:31:43+00:00","mainEntityOfPage":{"@id":"https:\/\/aconteceunovale.com.br\/portal\/?p=164153"},"wordCount":343,"commentCount":0,"image":{"@id":"https:\/\/aconteceunovale.com.br\/portal\/?p=164153#primaryimage"},"thumbnailUrl":"https:\/\/aconteceunovale.com.br\/portal\/wp-content\/uploads\/2020\/06\/sara_winter.jpg","keywords":["Alexandre de Moraes","destaque","PF","pol\u00edcia federal","Pris\u00e3o de l\u00edder do movimento 300 do Brasil","Pris\u00e3o de Sara Winter","Sara Fernanda Giromini","Sara Winter","Sara Winter \u00e9 presa pela PF","Sara Winter presa","STF"],"articleSection":["Brasil","Pol\u00edtica"],"inLanguage":"pt-BR","potentialAction":[{"@type":"CommentAction","name":"Comment","target":["https:\/\/aconteceunovale.com.br\/portal\/?p=164153#respond"]}]},{"@type":"WebPage","@id":"https:\/\/aconteceunovale.com.br\/portal\/?p=164153","url":"https:\/\/aconteceunovale.com.br\/portal\/?p=164153","name":"Sara Winter \u00e9 presa pela PF - Aconteceu no Vale","isPartOf":{"@id":"https:\/\/aconteceunovale.com.br\/portal\/#website"},"primaryImageOfPage":{"@id":"https:\/\/aconteceunovale.com.br\/portal\/?p=164153#primaryimage"},"image":{"@id":"https:\/\/aconteceunovale.com.br\/portal\/?p=164153#primaryimage"},"thumbnailUrl":"https:\/\/aconteceunovale.com.br\/portal\/wp-content\/uploads\/2020\/06\/sara_winter.jpg","datePublished":"2020-06-15T12:41:14+00:00","dateModified":"2020-06-15T16:31:43+00:00","author":{"@id":"https:\/\/aconteceunovale.com.br\/portal\/#\/schema\/person\/633529146f2c94272bef50ac2953d589"},"breadcrumb":{"@id":"https:\/\/aconteceunovale.com.br\/portal\/?p=164153#breadcrumb"},"inLanguage":"pt-BR","potentialAction":[{"@type":"ReadAction","target":["https:\/\/aconteceunovale.com.br\/portal\/?p=164153"]}]},{"@type":"ImageObject","inLanguage":"pt-BR","@id":"https:\/\/aconteceunovale.com.br\/portal\/?p=164153#primaryimage","url":"https:\/\/aconteceunovale.com.br\/portal\/wp-content\/uploads\/2020\/06\/sara_winter.jpg","contentUrl":"https:\/\/aconteceunovale.com.br\/portal\/wp-content\/uploads\/2020\/06\/sara_winter.jpg","width":799,"height":532},{"@type":"BreadcrumbList","@id":"https:\/\/aconteceunovale.com.br\/portal\/?p=164153#breadcrumb","itemListElement":[{"@type":"ListItem","position":1,"name":"In\u00edcio","item":"https:\/\/aconteceunovale.com.br\/portal\/"},{"@type":"ListItem","position":2,"name":"Sara Winter \u00e9 presa pela PF"}]},{"@type":"WebSite","@id":"https:\/\/aconteceunovale.com.br\/portal\/#website","url":"https:\/\/aconteceunovale.com.br\/portal\/","name":"Aconteceu no Vale","description":"Portal de Not\u00edcias","potentialAction":[{"@type":"SearchAction","target":{"@type":"EntryPoint","urlTemplate":"https:\/\/aconteceunovale.com.br\/portal\/?s={search_term_string}"},"query-input":{"@type":"PropertyValueSpecification","valueRequired":true,"valueName":"search_term_string"}}],"inLanguage":"pt-BR"},{"@type":"Person","@id":"https:\/\/aconteceunovale.com.br\/portal\/#\/schema\/person\/633529146f2c94272bef50ac2953d589","name":"Aconteceu no Vale","description":"Equipe de reportagem do Aconteceu no Vale, portal de not\u00edcias do Vale do Jequitinhonha, em Minas Gerais. Cobrimos as 51 cidades do Vale desde 2013. Sugest\u00f5es de pauta e pedidos de corre\u00e7\u00e3o: contato@aconteceunovale.com.br","sameAs":["http:\/\/www.aconteceunovale.com.br"],"url":"https:\/\/aconteceunovale.com.br\/portal\/?author=1"}]}},"_links":{"self":[{"href":"https:\/\/aconteceunovale.com.br\/portal\/index.php?rest_route=\/wp\/v2\/posts\/164153","targetHints":{"allow":["GET"]}}],"collection":[{"href":"https:\/\/aconteceunovale.com.br\/portal\/index.php?rest_route=\/wp\/v2\/posts"}],"about":[{"href":"https:\/\/aconteceunovale.com.br\/portal\/index.php?rest_route=\/wp\/v2\/types\/post"}],"author":[{"embeddable":true,"href":"https:\/\/aconteceunovale.com.br\/portal\/index.php?rest_route=\/wp\/v2\/users\/1"}],"replies":[{"embeddable":true,"href":"https:\/\/aconteceunovale.com.br\/portal\/index.php?rest_route=%2Fwp%2Fv2%2Fcomments&post=164153"}],"version-history":[{"count":2,"href":"https:\/\/aconteceunovale.com.br\/portal\/index.php?rest_route=\/wp\/v2\/posts\/164153\/revisions"}],"predecessor-version":[{"id":164179,"href":"https:\/\/aconteceunovale.com.br\/portal\/index.php?rest_route=\/wp\/v2\/posts\/164153\/revisions\/164179"}],"wp:featuredmedia":[{"embeddable":true,"href":"https:\/\/aconteceunovale.com.br\/portal\/index.php?rest_route=\/wp\/v2\/media\/164154"}],"wp:attachment":[{"href":"https:\/\/aconteceunovale.com.br\/portal\/index.php?rest_route=%2Fwp%2Fv2%2Fmedia&parent=164153"}],"wp:term":[{"taxonomy":"category","embeddable":true,"href":"https:\/\/aconteceunovale.com.br\/portal\/index.php?rest_route=%2Fwp%2Fv2%2Fcategories&post=164153"},{"taxonomy":"post_tag","embeddable":true,"href":"https:\/\/aconteceunovale.com.br\/portal\/index.php?rest_route=%2Fwp%2Fv2%2Ftags&post=164153"}],"curies":[{"name":"wp","href":"https:\/\/api.w.org\/{rel}","templated":true}]}}