{"id":164113,"date":"2020-06-14T18:50:21","date_gmt":"2020-06-14T21:50:21","guid":{"rendered":"https:\/\/aconteceunovale.com.br\/portal\/?p=164113"},"modified":"2020-06-14T18:50:52","modified_gmt":"2020-06-14T21:50:52","slug":"dias-toffoli-diz-que-stf-jamais-se-sujeitara-a-nenhum-tipo-de-ameaca","status":"publish","type":"post","link":"https:\/\/aconteceunovale.com.br\/portal\/?p=164113","title":{"rendered":"Dias Toffoli diz que STF jamais se sujeitar\u00e1 a nenhum tipo de amea\u00e7a"},"content":{"rendered":"\n<p>O presidente do Supremo Tribunal Federal (STF), ministro Dias Toffoli, afirmou hoje (14) que a Corte jamais se sujeitar\u00e1 a nenhum tipo de amea\u00e7a. Em nota divulgada \u00e0 imprensa, Toffoli classificou como \u201cmais um ataque ao STF&#8221; o lan\u00e7amento de fogos de artif\u00edcio em dire\u00e7\u00e3o ao pr\u00e9dio da Corte, promovido ontem (13) \u00e0 noite por um grupo de manifestantes que estava na Pra\u00e7a dos Tr\u00eas Poderes.&nbsp;<img decoding=\"async\" src=\"https:\/\/agenciabrasil.ebc.com.br\/ebc.png?id=1309528&amp;o=node\"><\/p>\n\n\n\n<p>Segundo o ministro, a atitude simboliza um \u201cataque a todas as institui\u00e7\u00f5es democraticamente constitu\u00eddas\u201d. Na nota, o presidente tamb\u00e9m afirmou que o Supremo repudia tais condutas e se socorrer\u00e1 de todos os procedimentos legais para se defender.&nbsp;<\/p>\n\n\n\n<p>Na noite desse s\u00e1bado, ap\u00f3s a queima dos fogos, o governador do Distrito Federal, Ibaneis Rocha, baixou um decreto e proibiu o tr\u00e2nsito de ve\u00edculos e pedestres entre as 0h e as 23h59 de hoje na Esplanada dos Minist\u00e9rios. Outra medida tomada pelo governador foi a exonera\u00e7\u00e3o do subcomandante da Pol\u00edcia Militar, S\u00e9rgio Luiz Ferreira de Souza.&nbsp;<\/p>\n\n\n\n<h2 class=\"wp-block-heading\">MP abre investiga\u00e7\u00e3o<\/h2>\n\n\n\n<p>A Procuradoria da Rep\u00fablica no Distrito Federal informou h\u00e1 pouco que abriu investiga\u00e7\u00e3o para apurar a conduta pelos respons\u00e1veis pelo lan\u00e7amento dos fogos. Segundo o MPF-DF, os atos podem ser enquadrados na Lei de Seguran\u00e7a Nacional e nos crimes contra a honra dos ministros do STF.\u00a0<\/p>\n\n\n\n<p class=\"has-background has-very-light-gray-background-color\">Quer saber as not\u00edcias do <strong>Aconteceu no Vale<\/strong> em primeira m\u00e3o? Siga-nos no Facebook <a rel=\"noreferrer noopener\" href=\"http:\/\/facebook.com\/aconteceunovale\" target=\"_blank\">@aconteceunovale<\/a>, Twitter <a rel=\"noreferrer noopener\" href=\"https:\/\/twitter.com\/noticiadosvales\" target=\"_blank\">@noticiadosvales<\/a> e Instagram <a rel=\"noreferrer noopener\" href=\"https:\/\/www.instagram.com\/aconteceunovale\" target=\"_blank\">@aconteceunovale<\/a>.<\/p>\n","protected":false},"excerpt":{"rendered":"<p>O presidente do Supremo Tribunal Federal (STF), ministro Dias Toffoli, afirmou hoje (14) que a Corte jamais se sujeitar\u00e1 a nenhum tipo de amea\u00e7a. Em nota divulgada \u00e0 imprensa, Toffoli classificou como \u201cmais um ataque ao STF&#8221; o lan\u00e7amento de fogos de artif\u00edcio em dire\u00e7\u00e3o ao pr\u00e9dio da Corte, promovido ontem (13) \u00e0 noite por [&hellip;]<\/p>\n","protected":false},"author":1,"featured_media":164114,"comment_status":"open","ping_status":"closed","sticky":false,"template":"","format":"standard","meta":{"amp_status":"","footnotes":""},"categories":[6,40240],"tags":[223579,223581,223580,223582,20274,223586,223584,223585,184282,189979,100912,223583,28511,28510],"class_list":["post-164113","post","type-post","status-publish","format-standard","has-post-thumbnail","hentry","category-br","category-politica-2","tag-ameacas-ao-stf","tag-ameacas-ao-supremo","tag-ataques-ao-stf","tag-ataques-ao-supremo","tag-dias-toffoli","tag-dias-toffoli-diz-que-stf-jamais-se-sujeitara-a-nenhum-tipo-de-ameaca","tag-fogos-stf","tag-fogos-supremo","tag-ibaneis-rocha","tag-ministro-dias-toffoli","tag-presidente-do-supremo","tag-sergio-luiz-ferreira-de-souza","tag-stf","tag-supremo-tribunal-federal"],"_links":{"self":[{"href":"https:\/\/aconteceunovale.com.br\/portal\/index.php?rest_route=\/wp\/v2\/posts\/164113","targetHints":{"allow":["GET"]}}],"collection":[{"href":"https:\/\/aconteceunovale.com.br\/portal\/index.php?rest_route=\/wp\/v2\/posts"}],"about":[{"href":"https:\/\/aconteceunovale.com.br\/portal\/index.php?rest_route=\/wp\/v2\/types\/post"}],"author":[{"embeddable":true,"href":"https:\/\/aconteceunovale.com.br\/portal\/index.php?rest_route=\/wp\/v2\/users\/1"}],"replies":[{"embeddable":true,"href":"https:\/\/aconteceunovale.com.br\/portal\/index.php?rest_route=%2Fwp%2Fv2%2Fcomments&post=164113"}],"version-history":[{"count":1,"href":"https:\/\/aconteceunovale.com.br\/portal\/index.php?rest_route=\/wp\/v2\/posts\/164113\/revisions"}],"predecessor-version":[{"id":164115,"href":"https:\/\/aconteceunovale.com.br\/portal\/index.php?rest_route=\/wp\/v2\/posts\/164113\/revisions\/164115"}],"wp:featuredmedia":[{"embeddable":true,"href":"https:\/\/aconteceunovale.com.br\/portal\/index.php?rest_route=\/wp\/v2\/media\/164114"}],"wp:attachment":[{"href":"https:\/\/aconteceunovale.com.br\/portal\/index.php?rest_route=%2Fwp%2Fv2%2Fmedia&parent=164113"}],"wp:term":[{"taxonomy":"category","embeddable":true,"href":"https:\/\/aconteceunovale.com.br\/portal\/index.php?rest_route=%2Fwp%2Fv2%2Fcategories&post=164113"},{"taxonomy":"post_tag","embeddable":true,"href":"https:\/\/aconteceunovale.com.br\/portal\/index.php?rest_route=%2Fwp%2Fv2%2Ftags&post=164113"}],"curies":[{"name":"wp","href":"https:\/\/api.w.org\/{rel}","templated":true}]}}