{"id":164110,"date":"2020-06-14T18:46:12","date_gmt":"2020-06-14T21:46:12","guid":{"rendered":"https:\/\/aconteceunovale.com.br\/portal\/?p=164110"},"modified":"2020-06-14T18:46:48","modified_gmt":"2020-06-14T21:46:48","slug":"augusto-aras-pede-investigacao-sobre-denuncias-de-invasao-a-hospitais","status":"publish","type":"post","link":"https:\/\/aconteceunovale.com.br\/portal\/?p=164110","title":{"rendered":"Augusto Aras pede investiga\u00e7\u00e3o sobre den\u00fancias de invas\u00e3o a hospitais"},"content":{"rendered":"\n<p>O Procurador-geral da Rep\u00fablica, Augusto Aras, vai pedir \u00e0s unidades do Minist\u00e9rio P\u00fablico que apurem den\u00fancias de invas\u00e3o a hospitais e de amea\u00e7as a profissionais da sa\u00fade durante a pandemia do novo coronav\u00edrus.&nbsp;<\/p>\n\n\n\n<p>O pedido foi feito ap\u00f3s os estados de S\u00e3o Paulo, Esp\u00edrito Santo e o Distrito Federal registrarem que deputados e outras pessoas n\u00e3o identificadas entraram em unidades de sa\u00fade para verificarem se leitos estavam sendo ocupados por pacientes com covid-19.&nbsp;<\/p>\n\n\n\n<p>Mais cedo, em uma mensagem publicada no Twitter, o ministro do Supremo Tribunal Federal (STF) Gilmar Mendes cobrou a apura\u00e7\u00e3o do caso. \u201cInvadir hospitais \u00e9 crime &#8211; estimular tamb\u00e9m. O Minist\u00e9rio P\u00fablico (a PGR e os MPs Estaduais) devem atuar imediatamente. \u00c9 vergonhoso &#8211; para n\u00e3o dizer rid\u00edculo &#8211; que agentes p\u00fablicos se prestem a alimentar teorias da conspira\u00e7\u00e3o, colocando em risco a sa\u00fade p\u00fablica\u201d, disse o ministro.<\/p>\n\n\n\n<figure class=\"wp-block-gallery columns-1 is-cropped wp-block-gallery-1 is-layout-flex wp-block-gallery-is-layout-flex\"><ul class=\"blocks-gallery-grid\"><li class=\"blocks-gallery-item\"><figure><img loading=\"lazy\" decoding=\"async\" width=\"678\" height=\"406\" src=\"https:\/\/aconteceunovale.com.br\/portal\/wp-content\/uploads\/2020\/06\/augusto_aras.jpg\" alt=\"\" data-id=\"164111\" data-full-url=\"https:\/\/aconteceunovale.com.br\/portal\/wp-content\/uploads\/2020\/06\/augusto_aras.jpg\" data-link=\"https:\/\/aconteceunovale.com.br\/portal\/?attachment_id=164111\" class=\"wp-image-164111\" srcset=\"https:\/\/aconteceunovale.com.br\/portal\/wp-content\/uploads\/2020\/06\/augusto_aras.jpg 678w, https:\/\/aconteceunovale.com.br\/portal\/wp-content\/uploads\/2020\/06\/augusto_aras-300x180.jpg 300w\" sizes=\"auto, (max-width: 678px) 100vw, 678px\" \/><figcaption class=\"blocks-gallery-item__caption\"><em>Augusto Aras &#8211; Foto: Roberto Jayme\/TSE<\/em><\/figcaption><\/figure><\/li><\/ul><\/figure>\n\n\n\n<p class=\"has-background has-very-light-gray-background-color\">Quer saber as not\u00edcias do <strong>Aconteceu no Vale<\/strong> em primeira m\u00e3o? Siga-nos no Facebook <a rel=\"noreferrer noopener\" href=\"http:\/\/facebook.com\/aconteceunovale\" target=\"_blank\">@aconteceunovale<\/a>, Twitter <a rel=\"noreferrer noopener\" href=\"https:\/\/twitter.com\/noticiadosvales\" target=\"_blank\">@noticiadosvales<\/a> e Instagram <a rel=\"noreferrer noopener\" href=\"https:\/\/www.instagram.com\/aconteceunovale\" target=\"_blank\">@aconteceunovale<\/a>.<\/p>\n","protected":false},"excerpt":{"rendered":"<p>O Procurador-geral da Rep\u00fablica, Augusto Aras, vai pedir \u00e0s unidades do Minist\u00e9rio P\u00fablico que apurem den\u00fancias de invas\u00e3o a hospitais e de amea\u00e7as a profissionais da sa\u00fade durante a pandemia do novo coronav\u00edrus.&nbsp; O pedido foi feito ap\u00f3s os estados de S\u00e3o Paulo, Esp\u00edrito Santo e o Distrito Federal registrarem que deputados e outras pessoas [&hellip;]<\/p>\n","protected":false},"author":1,"featured_media":164111,"comment_status":"open","ping_status":"closed","sticky":false,"template":"","format":"standard","meta":{"amp_status":"","footnotes":""},"categories":[6,40240],"tags":[207806,223575,223577,223578,223576,85356],"class_list":["post-164110","post","type-post","status-publish","format-standard","has-post-thumbnail","hentry","category-br","category-politica-2","tag-augusto-aras","tag-augusto-aras-pede-investigacao-sobre-denuncias-de-invasao-a-hospitais","tag-denuncias-de-invasao-a-hospitais","tag-gravacao-de-leitos-em-hospitais","tag-invasao-de-hospitais","tag-pgr"],"_links":{"self":[{"href":"https:\/\/aconteceunovale.com.br\/portal\/index.php?rest_route=\/wp\/v2\/posts\/164110","targetHints":{"allow":["GET"]}}],"collection":[{"href":"https:\/\/aconteceunovale.com.br\/portal\/index.php?rest_route=\/wp\/v2\/posts"}],"about":[{"href":"https:\/\/aconteceunovale.com.br\/portal\/index.php?rest_route=\/wp\/v2\/types\/post"}],"author":[{"embeddable":true,"href":"https:\/\/aconteceunovale.com.br\/portal\/index.php?rest_route=\/wp\/v2\/users\/1"}],"replies":[{"embeddable":true,"href":"https:\/\/aconteceunovale.com.br\/portal\/index.php?rest_route=%2Fwp%2Fv2%2Fcomments&post=164110"}],"version-history":[{"count":1,"href":"https:\/\/aconteceunovale.com.br\/portal\/index.php?rest_route=\/wp\/v2\/posts\/164110\/revisions"}],"predecessor-version":[{"id":164112,"href":"https:\/\/aconteceunovale.com.br\/portal\/index.php?rest_route=\/wp\/v2\/posts\/164110\/revisions\/164112"}],"wp:featuredmedia":[{"embeddable":true,"href":"https:\/\/aconteceunovale.com.br\/portal\/index.php?rest_route=\/wp\/v2\/media\/164111"}],"wp:attachment":[{"href":"https:\/\/aconteceunovale.com.br\/portal\/index.php?rest_route=%2Fwp%2Fv2%2Fmedia&parent=164110"}],"wp:term":[{"taxonomy":"category","embeddable":true,"href":"https:\/\/aconteceunovale.com.br\/portal\/index.php?rest_route=%2Fwp%2Fv2%2Fcategories&post=164110"},{"taxonomy":"post_tag","embeddable":true,"href":"https:\/\/aconteceunovale.com.br\/portal\/index.php?rest_route=%2Fwp%2Fv2%2Ftags&post=164110"}],"curies":[{"name":"wp","href":"https:\/\/api.w.org\/{rel}","templated":true}]}}