{"id":164108,"date":"2020-06-14T14:09:21","date_gmt":"2020-06-14T17:09:21","guid":{"rendered":"https:\/\/aconteceunovale.com.br\/portal\/?p=164108"},"modified":"2020-06-14T14:09:31","modified_gmt":"2020-06-14T17:09:31","slug":"homem-e-preso-apos-manter-a-propria-familia-refem-em-governador-valadares","status":"publish","type":"post","link":"https:\/\/aconteceunovale.com.br\/portal\/?p=164108","title":{"rendered":"Homem \u00e9 preso ap\u00f3s manter a pr\u00f3pria fam\u00edlia ref\u00e9m em Governador Valadares"},"content":{"rendered":"\n<p>Um homem de 38 anos foi preso na madrugada deste domingo (14\/6\/2020) ap\u00f3s manter a pr\u00f3pria fam\u00edlia como ref\u00e9m e em c\u00e1rcere privado por cerca de 12 horas no bairro Atalaia, em Governador Valadares, no Leste de Minas Gerais.<\/p>\n\n\n\n<p>A Pol\u00edcia Militar foi acionada pela irm\u00e3 do suspeito, que havia dado socos na pr\u00f3pria m\u00e3e e quebrado um vidro na casa dela devido a presen\u00e7a de um homem com quem ele tem desaven\u00e7as.<\/p>\n\n\n\n<p>Quando os militares chegaram, o suspeito entrou na casa onde mora, trancando a porta e fazendo de ref\u00e9ns a esposa e os filhos do casal. Ele pegou uma das crian\u00e7as no colo e a amea\u00e7ou com uma faca, dizendo aos militares que n\u00e3o iria se entregar, que s\u00f3 sairia do im\u00f3vel se estivesse morto.<\/p>\n\n\n\n<p>Uma equipe do Batalh\u00e3o de Opera\u00e7\u00f5es Policiais Especiais (BOPE) de Belo Horizonte se deslocou para Governador Valadares em uma aeronave e iniciou negocia\u00e7\u00f5es com o suspeito.<\/p>\n\n\n\n<p>O homem havia feito uma barricada na \u00fanica porta de entrada da casa e amea\u00e7ava se matar. Os militares utilizaram uma pistola de emiss\u00e3o de impulso el\u00e9trico para imobilizar o suspeito, que foi contido e preso.<\/p>\n\n\n\n<p>O suspeito foi encaminhado ao hospital e depois levado para a Delegacia de Pol\u00edcia Civil. Os ref\u00e9ns foram libertados e n\u00e3o necessitaram de atendimento m\u00e9dico.<\/p>\n\n\n\n<p class=\"has-background has-very-light-gray-background-color\">Quer saber as not\u00edcias do <strong>Aconteceu no Vale<\/strong> em primeira m\u00e3o? Siga-nos no Facebook <a rel=\"noreferrer noopener\" href=\"http:\/\/facebook.com\/aconteceunovale\" target=\"_blank\">@aconteceunovale<\/a>, Twitter <a rel=\"noreferrer noopener\" href=\"https:\/\/twitter.com\/noticiadosvales\" target=\"_blank\">@noticiadosvales<\/a> e Instagram <a rel=\"noreferrer noopener\" href=\"https:\/\/www.instagram.com\/aconteceunovale\" target=\"_blank\">@aconteceunovale<\/a>.<\/p>\n","protected":false},"excerpt":{"rendered":"<p>Um homem de 38 anos foi preso na madrugada deste domingo (14\/6\/2020) ap\u00f3s manter a pr\u00f3pria fam\u00edlia como ref\u00e9m e em c\u00e1rcere privado por cerca de 12 horas no bairro Atalaia, em Governador Valadares, no Leste de Minas Gerais. A Pol\u00edcia Militar foi acionada pela irm\u00e3 do suspeito, que havia dado socos na pr\u00f3pria m\u00e3e [&hellip;]<\/p>\n","protected":false},"author":1,"featured_media":151866,"comment_status":"open","ping_status":"closed","sticky":false,"template":"","format":"standard","meta":{"amp_status":"","footnotes":""},"categories":[121],"tags":[223573,223572,223571,247,223569,223574,48037,223570],"class_list":["post-164108","post","type-post","status-publish","format-standard","has-post-thumbnail","hentry","category-leste","tag-acao-do-bope-em-governador-valadares","tag-carcere-privado-em-governador-valadares","tag-familia-refem-em-governador-valadares","tag-governador-valadares","tag-homem-e-preso-apos-manter-a-propria-familia-refem-em-governador-valadares","tag-operacao-do-bope-em-governador-valadares","tag-preso-em-governador-valadares","tag-refens-governador-valadares"],"_links":{"self":[{"href":"https:\/\/aconteceunovale.com.br\/portal\/index.php?rest_route=\/wp\/v2\/posts\/164108","targetHints":{"allow":["GET"]}}],"collection":[{"href":"https:\/\/aconteceunovale.com.br\/portal\/index.php?rest_route=\/wp\/v2\/posts"}],"about":[{"href":"https:\/\/aconteceunovale.com.br\/portal\/index.php?rest_route=\/wp\/v2\/types\/post"}],"author":[{"embeddable":true,"href":"https:\/\/aconteceunovale.com.br\/portal\/index.php?rest_route=\/wp\/v2\/users\/1"}],"replies":[{"embeddable":true,"href":"https:\/\/aconteceunovale.com.br\/portal\/index.php?rest_route=%2Fwp%2Fv2%2Fcomments&post=164108"}],"version-history":[{"count":1,"href":"https:\/\/aconteceunovale.com.br\/portal\/index.php?rest_route=\/wp\/v2\/posts\/164108\/revisions"}],"predecessor-version":[{"id":164109,"href":"https:\/\/aconteceunovale.com.br\/portal\/index.php?rest_route=\/wp\/v2\/posts\/164108\/revisions\/164109"}],"wp:featuredmedia":[{"embeddable":true,"href":"https:\/\/aconteceunovale.com.br\/portal\/index.php?rest_route=\/wp\/v2\/media\/151866"}],"wp:attachment":[{"href":"https:\/\/aconteceunovale.com.br\/portal\/index.php?rest_route=%2Fwp%2Fv2%2Fmedia&parent=164108"}],"wp:term":[{"taxonomy":"category","embeddable":true,"href":"https:\/\/aconteceunovale.com.br\/portal\/index.php?rest_route=%2Fwp%2Fv2%2Fcategories&post=164108"},{"taxonomy":"post_tag","embeddable":true,"href":"https:\/\/aconteceunovale.com.br\/portal\/index.php?rest_route=%2Fwp%2Fv2%2Ftags&post=164108"}],"curies":[{"name":"wp","href":"https:\/\/api.w.org\/{rel}","templated":true}]}}