{"id":163896,"date":"2020-06-11T11:04:54","date_gmt":"2020-06-11T14:04:54","guid":{"rendered":"https:\/\/aconteceunovale.com.br\/portal\/?p=163896"},"modified":"2020-06-11T11:05:56","modified_gmt":"2020-06-11T14:05:56","slug":"covid-19-minas-gerais-registra-947-novos-casos-e-22-mortes","status":"publish","type":"post","link":"https:\/\/aconteceunovale.com.br\/portal\/?p=163896","title":{"rendered":"Covid-19: Minas Gerais registra 947 novos casos e 22 mortes"},"content":{"rendered":"\n<p>Minas Gerais chegou a 18.448 casos confirmados de Covid-19. As informa\u00e7\u00f5es s\u00e3o do Boletim Epidemiol\u00f3gico sobre a pandemia do novo coronav\u00edrus, da Secretaria de Estado de Sa\u00fade (SES-MG), atualizado na manh\u00e3 desta quinta-feira (11\/6\/2020). O n\u00famero de \u00f3bitos causados pela doen\u00e7a subiu de 409 para 431.<\/p>\n\n\n\n<p>Nas \u00faltimas 24h, segundo o boletim, foram contabilizados 947 casos de pessoas infectadas com a doen\u00e7a. J\u00e1 os 22 novos \u00f3bitos s\u00e3o de Raposos, Contagem (2), Belo Horizonte (4), Betim, S\u00e3o Joaquim de Bicas, Uberaba (2), Juiz de Fora, Ipaba, Ipatinga, Conselheiro Lafaiete, Tiradentes, Montes Claros, Uberl\u00e2ndia, Pedrin\u00f3polis, Te\u00f3filo Otoni, Parais\u00f3polis e Outros Estados (1).<\/p>\n\n\n\n<p>Do total de casos confirmados, 9.710 est\u00e3o em acompanhamento (2.531 internados) e 8.307 se recuperaram da doen\u00e7a. A taxa de letalidade ficou em 2,3%.<\/p>\n\n\n\n<p><strong>Confira os relat\u00f3rios da SES-MG:<\/strong><\/p>\n\n\n\n<div class=\"wp-block-file\"><a href=\"https:\/\/aconteceunovale.com.br\/portal\/wp-content\/uploads\/2020\/06\/casos_corona_mg_11junho.pdf\">&#8211; Casos confirmados at\u00e9 11\/6\/2020<\/a><a href=\"https:\/\/aconteceunovale.com.br\/portal\/wp-content\/uploads\/2020\/06\/casos_corona_mg_11junho.pdf\" class=\"wp-block-file__button\" download>Baixar<\/a><\/div>\n\n\n\n<div class=\"wp-block-file\"><a href=\"https:\/\/aconteceunovale.com.br\/portal\/wp-content\/uploads\/2020\/06\/obitos_corona_mg_11junho.pdf\">&#8211; \u00d3bitos confirmados at\u00e9 11\/6\/2020<\/a><a href=\"https:\/\/aconteceunovale.com.br\/portal\/wp-content\/uploads\/2020\/06\/obitos_corona_mg_11junho.pdf\" class=\"wp-block-file__button\" download>Baixar<\/a><\/div>\n\n\n\n<p>&#8211; <a rel=\"noreferrer noopener\" href=\"http:\/\/aconteceunovale.com.br\/portal\/?p=159949\" target=\"_blank\">Distribui\u00e7\u00e3o geogr\u00e1fica dos casos (clique aqui)<\/a><\/p>\n\n\n\n<p class=\"has-background has-very-light-gray-background-color\">Quer saber as not\u00edcias do <strong>Aconteceu no Vale<\/strong> em primeira m\u00e3o? Siga-nos no Facebook <a rel=\"noreferrer noopener\" href=\"http:\/\/facebook.com\/aconteceunovale\" target=\"_blank\">@aconteceunovale<\/a>, Twitter <a rel=\"noreferrer noopener\" href=\"https:\/\/twitter.com\/noticiadosvales\" target=\"_blank\">@noticiadosvales<\/a> e Instagram <a rel=\"noreferrer noopener\" href=\"https:\/\/www.instagram.com\/aconteceunovale\" target=\"_blank\">@aconteceunovale<\/a>.<\/p>\n","protected":false},"excerpt":{"rendered":"<p>Minas Gerais chegou a 18.448 casos confirmados de Covid-19. As informa\u00e7\u00f5es s\u00e3o do Boletim Epidemiol\u00f3gico sobre a pandemia do novo coronav\u00edrus, da Secretaria de Estado de Sa\u00fade (SES-MG), atualizado na manh\u00e3 desta quinta-feira (11\/6\/2020). O n\u00famero de \u00f3bitos causados pela doen\u00e7a subiu de 409 para 431. Nas \u00faltimas 24h, segundo o boletim, foram contabilizados 947 [&hellip;]<\/p>\n","protected":false},"author":1,"featured_media":159952,"comment_status":"open","ping_status":"closed","sticky":false,"template":"","format":"standard","meta":{"amp_status":"","footnotes":""},"categories":[123,40242],"tags":[217799,219851,219853,214884,216498,223311,221718,219855,215653,221717,219854,219852,217692,221719,220285,220287,220286],"class_list":["post-163896","post","type-post","status-publish","format-standard","has-post-thumbnail","hentry","category-gerais","category-saude-2","tag-casos-de-coronavirus-em-minas-gerais","tag-casos-de-covid-19-em-minas-gerais","tag-cidades-com-casos-de-coronavirus-em-minas-gerais","tag-coronavirus","tag-covid-19","tag-covid-19-minas-gerais-registra-947-novos-casos-e-22-mortes","tag-curados-do-coronavirus-em-minas-gerais","tag-mortes-por-coronavirus-em-minas-gerais","tag-novo-coronavirus","tag-numero-de-curados-do-coronavirus-em-minas-gerais","tag-numeros-do-coronavirus-em-minas-gerais","tag-obitos-por-coronavirus-em-minas-gerias","tag-pandemia-de-coronavirus","tag-recuperados-do-coronavirus-em-minas-gerais","tag-secretaria-de-saude-atualiza-numeros-do-coronavirus-em-minas-gerais","tag-secretaria-de-saude-de-minas-gerais-atualiza-numeros-do-coronavirus","tag-ses-mg-atualiza-numeros-do-coronavirus"],"_links":{"self":[{"href":"https:\/\/aconteceunovale.com.br\/portal\/index.php?rest_route=\/wp\/v2\/posts\/163896","targetHints":{"allow":["GET"]}}],"collection":[{"href":"https:\/\/aconteceunovale.com.br\/portal\/index.php?rest_route=\/wp\/v2\/posts"}],"about":[{"href":"https:\/\/aconteceunovale.com.br\/portal\/index.php?rest_route=\/wp\/v2\/types\/post"}],"author":[{"embeddable":true,"href":"https:\/\/aconteceunovale.com.br\/portal\/index.php?rest_route=\/wp\/v2\/users\/1"}],"replies":[{"embeddable":true,"href":"https:\/\/aconteceunovale.com.br\/portal\/index.php?rest_route=%2Fwp%2Fv2%2Fcomments&post=163896"}],"version-history":[{"count":1,"href":"https:\/\/aconteceunovale.com.br\/portal\/index.php?rest_route=\/wp\/v2\/posts\/163896\/revisions"}],"predecessor-version":[{"id":163899,"href":"https:\/\/aconteceunovale.com.br\/portal\/index.php?rest_route=\/wp\/v2\/posts\/163896\/revisions\/163899"}],"wp:featuredmedia":[{"embeddable":true,"href":"https:\/\/aconteceunovale.com.br\/portal\/index.php?rest_route=\/wp\/v2\/media\/159952"}],"wp:attachment":[{"href":"https:\/\/aconteceunovale.com.br\/portal\/index.php?rest_route=%2Fwp%2Fv2%2Fmedia&parent=163896"}],"wp:term":[{"taxonomy":"category","embeddable":true,"href":"https:\/\/aconteceunovale.com.br\/portal\/index.php?rest_route=%2Fwp%2Fv2%2Fcategories&post=163896"},{"taxonomy":"post_tag","embeddable":true,"href":"https:\/\/aconteceunovale.com.br\/portal\/index.php?rest_route=%2Fwp%2Fv2%2Ftags&post=163896"}],"curies":[{"name":"wp","href":"https:\/\/api.w.org\/{rel}","templated":true}]}}