{"id":163893,"date":"2020-06-10T23:55:06","date_gmt":"2020-06-11T02:55:06","guid":{"rendered":"https:\/\/aconteceunovale.com.br\/portal\/?p=163893"},"modified":"2020-06-10T23:55:25","modified_gmt":"2020-06-11T02:55:25","slug":"homem-que-matou-ex-mulher-em-salinas-e-condenado-a-mais-de-20-anos-de-prisao","status":"publish","type":"post","link":"https:\/\/aconteceunovale.com.br\/portal\/?p=163893","title":{"rendered":"Homem que matou ex-mulher em Salinas \u00e9 condenado a mais de 20 anos de pris\u00e3o"},"content":{"rendered":"\n<p>Um homem que matou a ex-companheira a golpe de picaretas&nbsp;em Salinas (Norte de Minas), na presen\u00e7a de um&nbsp;dos filhos da v\u00edtima, de 11 anos de idade, foi condenado a 20 anos e 3 meses de deten\u00e7\u00e3o, em regime inicial fechado. A decis\u00e3o \u00e9 da 8\u00aa C\u00e2mara Criminal do Tribunal de Justi\u00e7a de Minas Gerais (TJMG).<\/p>\n\n\n\n<p>De acordo com a den\u00fancia do Minist\u00e9rio P\u00fablico, no dia 28 de novembro de 2018, por volta das 22h30, o r\u00e9u&nbsp;dirigiu-se at\u00e9 a casa da ex-companheira, no Bairro Vista Alegre, e assim que a mulher abriu a porta ele come\u00e7ou a desferir os golpes.&nbsp;<\/p>\n\n\n\n<p>Os golpes de picareta&nbsp;continuaram mesmo ap\u00f3s ela j\u00e1 estar ca\u00edda no ch\u00e3o, sem poder esbo\u00e7ar qualquer rea\u00e7\u00e3o.&nbsp;Ainda de acordo com a den\u00fancia, o crime foi&nbsp;motivado por vingan\u00e7a, uma vez que a v\u00edtima desejava o fim do relacionamento amoroso entre eles.<\/p>\n\n\n\n<p>O Conselho de Senten\u00e7a do Tribunal do J\u00fari de Salinas considerou o r\u00e9u culpado por homic\u00eddio com as qualificadoras de motivo torpe, meio cruel, recurso que dificultou a defesa da v\u00edtima e contra mulher, em raz\u00e3o de sua condi\u00e7\u00e3o de sexo feminino. A senten\u00e7a foi de 22 anos e 6 meses de reclus\u00e3o, em regime inicial fechado.<\/p>\n\n\n\n<p>Diante da decis\u00e3o, o r\u00e9u recorreu. Pediu inicialmente a cassa\u00e7\u00e3o do veredicto, alegando erro dos jurados ao reconhecer a qualificadora de meio cruel. E pediu que, mantida a condena\u00e7\u00e3o, a pena fosse reduzida, com o desconhecimento das qualificadoras de motivo torpe e recurso que dificultou a defesa da v\u00edtima.<\/p>\n\n\n\n<p><strong>Soberania dos veredictos<\/strong><\/p>\n\n\n\n<p>A relatora, desembargadora M\u00e1rcia Milanez, observou que a materialidade e a autoria do crime estavam suficientemente comprovadas pelo autos de pris\u00e3o em flagrante delito e de apreens\u00e3o, boletim de ocorr\u00eancia, c\u00f3pia da certid\u00e3o de \u00f3bito, per\u00edcias, confiss\u00e3o do r\u00e9u e depoimentos testemunhais.<\/p>\n\n\n\n<p>Avaliando os pedidos da defesa, a magistrada destacou que o veredicto s\u00f3 poderia ser cassado se tivesse acolhido uma tese inexistente ou totalmente dissociada do conjunto de provas constante nos autos.<\/p>\n\n\n\n<p>\u201cLogo, se verificada a ocorr\u00eancia, nos autos, da vers\u00e3o acolhida pelos jurados, n\u00e3o nos \u00e9 permitido cassar sua decis\u00e3o sob a alega\u00e7\u00e3o de \u2018contrariedade not\u00f3ria\u2019, o que estaria a retirar a for\u00e7a que lhes foi conferida pela Constitui\u00e7\u00e3o Federal de 1988, em obedi\u00eancia ao princ\u00edpio da soberania dos veredictos\u201d, ressaltou.<\/p>\n\n\n\n<p>A magistrada acrescentou que \u201cn\u00e3o se discute o acerto da decis\u00e3o dos jurados, mas t\u00e3o somente a exist\u00eancia de lastro probat\u00f3rio, nos autos, relacionado \u00e0 vers\u00e3o vencedora quando da vota\u00e7\u00e3o dos quesitos\u201d.<\/p>\n\n\n\n<p>Nesse sentido, a desembargadora observou que o Tribunal do J\u00fari, valendo-se de sua atribui\u00e7\u00e3o constitucional para a decis\u00e3o dos crimes dolosos contra a vida, \u201crejeitou soberanamente a tese levantada pela defesa\u201d.<\/p>\n\n\n\n<p>\u201cOs jurados entenderam, com base nas provas reunidas, que o&nbsp;<em>modus operandi<\/em>&nbsp;impossibilitou a defesa da v\u00edtima, por ter sido atingida t\u00e3o logo abriu a porta de sua resid\u00eancia para o acusado entrar, em per\u00edodo noturno, sendo que este j\u00e1 se encontrava armado\u201d, observou.<\/p>\n\n\n\n<p>Al\u00e9m disso, continuou a relatora, \u201ctamb\u00e9m entenderam pela caracteriza\u00e7\u00e3o da qualificadora de motivo torpe, tendo em vista que o r\u00e9u praticou o homic\u00eddio sob a influ\u00eancia de ci\u00fames da v\u00edtima, o que se abstrai da sua pr\u00f3pria confiss\u00e3o e dos seus depoimentos em fase policial e em ju\u00edzo\u201d.<\/p>\n\n\n\n<p>Quanto ao meio cruel, a desembargadora julgou que tamb\u00e9m devia prevalecer a decis\u00e3o dos jurados. \u201cA crueldade que qualifica o crime consiste no meio que exacerba o sofrimento da v\u00edtima\u201d, disse, acrescentando que o auto de corpo de delito comprovou que a v\u00edtima foi atingida por tr\u00eas golpes de picareta na cabe\u00e7a.<\/p>\n\n\n\n<p>\u201cAo que consta do laudo, a v\u00edtima j\u00e1 se encontrava indefesa e em estado de comprometimento neurol\u00f3gico t\u00e3o logo ap\u00f3s o primeiro golpe, sendo certo que o acusado n\u00e3o cessou o ato, golpeando-a duas vezes mais\u201d, ressaltou.<\/p>\n\n\n\n<p>Assim, a relatora negou o recurso, mas reconheceu&nbsp;a atenuante de confiss\u00e3o espont\u00e2nea, concretizando a pena do r\u00e9u em 20 anos e 3 meses de reclus\u00e3o, em regime inicial fechado.<\/p>\n\n\n\n<p>Os desembargadores Dirceu Walace Baroni e Anacleto Rodrigues acompanharam o voto do relator.<\/p>\n\n\n\n<p>Confira a \u00edntegra da\u00a0<a rel=\"noreferrer noopener\" target=\"_blank\" href=\"https:\/\/www5.tjmg.jus.br\/jurisprudencia\/pesquisaPalavrasEspelhoAcordao.do?&amp;numeroRegistro=1&amp;totalLinhas=19&amp;paginaNumero=1&amp;linhasPorPagina=1&amp;palavras=feminic%EDdio&amp;pesquisarPor=ementa&amp;orderByData=2&amp;dataPublicacaoInicial=28\/03\/2020&amp;dataPublicacaoFinal=10\/06\/2020&amp;referenciaLegislativa=Clique%20na%20lupa%20para%20pesquisar%20as%20refer%EAncias%20cadastradas...&amp;pesquisaPalavras=Pesquisar&amp;\">decis\u00e3o<\/a>\u00a0e a<a rel=\"noreferrer noopener\" target=\"_blank\" href=\"https:\/\/www4.tjmg.jus.br\/juridico\/sf\/proc_resultado2.jsp?listaProcessos=10570180033906001\">\u00a0movimenta\u00e7\u00e3o processual.<\/a><\/p>\n\n\n\n<p class=\"has-background has-very-light-gray-background-color\">Quer saber as not\u00edcias do <strong>Aconteceu no Vale<\/strong> em primeira m\u00e3o? Siga-nos no Facebook <a rel=\"noreferrer noopener\" href=\"http:\/\/facebook.com\/aconteceunovale\" target=\"_blank\">@aconteceunovale<\/a>, Twitter <a rel=\"noreferrer noopener\" href=\"https:\/\/twitter.com\/noticiadosvales\" target=\"_blank\">@noticiadosvales<\/a> e Instagram <a rel=\"noreferrer noopener\" href=\"https:\/\/www.instagram.com\/aconteceunovale\" target=\"_blank\">@aconteceunovale<\/a>.<\/p>\n","protected":false},"excerpt":{"rendered":"<p>Um homem que matou a ex-companheira a golpe de picaretas&nbsp;em Salinas (Norte de Minas), na presen\u00e7a de um&nbsp;dos filhos da v\u00edtima, de 11 anos de idade, foi condenado a 20 anos e 3 meses de deten\u00e7\u00e3o, em regime inicial fechado. A decis\u00e3o \u00e9 da 8\u00aa C\u00e2mara Criminal do Tribunal de Justi\u00e7a de Minas Gerais (TJMG). [&hellip;]<\/p>\n","protected":false},"author":1,"featured_media":163894,"comment_status":"open","ping_status":"closed","sticky":false,"template":"","format":"standard","meta":{"amp_status":"","footnotes":""},"categories":[1236],"tags":[223310,223309,1018,188028,223308,55061,188058,188029,200552,190,419],"class_list":["post-163893","post","type-post","status-publish","format-standard","has-post-thumbnail","hentry","category-norte_de_minas","tag-condenacao-por-homicidio-em-salinas","tag-condenado-em-salinas","tag-destaque","tag-homem-e-preso-apos-matar-ex-companheira-com-golpes-de-picareta-em-salinas","tag-homem-que-matou-ex-mulher-em-salinas-e-condenado-a-mais-de-20-anos","tag-homicidio-em-salinas","tag-jose-gomes-teixeira","tag-maria-aparecida-pereira-dos-santos","tag-mulher-morta-em-salinas","tag-salinas","tag-taiobeiras"],"_links":{"self":[{"href":"https:\/\/aconteceunovale.com.br\/portal\/index.php?rest_route=\/wp\/v2\/posts\/163893","targetHints":{"allow":["GET"]}}],"collection":[{"href":"https:\/\/aconteceunovale.com.br\/portal\/index.php?rest_route=\/wp\/v2\/posts"}],"about":[{"href":"https:\/\/aconteceunovale.com.br\/portal\/index.php?rest_route=\/wp\/v2\/types\/post"}],"author":[{"embeddable":true,"href":"https:\/\/aconteceunovale.com.br\/portal\/index.php?rest_route=\/wp\/v2\/users\/1"}],"replies":[{"embeddable":true,"href":"https:\/\/aconteceunovale.com.br\/portal\/index.php?rest_route=%2Fwp%2Fv2%2Fcomments&post=163893"}],"version-history":[{"count":1,"href":"https:\/\/aconteceunovale.com.br\/portal\/index.php?rest_route=\/wp\/v2\/posts\/163893\/revisions"}],"predecessor-version":[{"id":163895,"href":"https:\/\/aconteceunovale.com.br\/portal\/index.php?rest_route=\/wp\/v2\/posts\/163893\/revisions\/163895"}],"wp:featuredmedia":[{"embeddable":true,"href":"https:\/\/aconteceunovale.com.br\/portal\/index.php?rest_route=\/wp\/v2\/media\/163894"}],"wp:attachment":[{"href":"https:\/\/aconteceunovale.com.br\/portal\/index.php?rest_route=%2Fwp%2Fv2%2Fmedia&parent=163893"}],"wp:term":[{"taxonomy":"category","embeddable":true,"href":"https:\/\/aconteceunovale.com.br\/portal\/index.php?rest_route=%2Fwp%2Fv2%2Fcategories&post=163893"},{"taxonomy":"post_tag","embeddable":true,"href":"https:\/\/aconteceunovale.com.br\/portal\/index.php?rest_route=%2Fwp%2Fv2%2Ftags&post=163893"}],"curies":[{"name":"wp","href":"https:\/\/api.w.org\/{rel}","templated":true}]}}