{"id":163876,"date":"2020-06-10T20:20:02","date_gmt":"2020-06-10T23:20:02","guid":{"rendered":"https:\/\/aconteceunovale.com.br\/portal\/?p=163876"},"modified":"2020-06-10T20:20:23","modified_gmt":"2020-06-10T23:20:23","slug":"coronel-fabriciano-registra-primeiro-obito-por-covid-19","status":"publish","type":"post","link":"https:\/\/aconteceunovale.com.br\/portal\/?p=163876","title":{"rendered":"Coronel Fabriciano registra primeiro \u00f3bito por Covid-19"},"content":{"rendered":"\n<p>A Prefeitura de Coronel Fabriciano (MG) registrou nesta quarta-feira (10\/6\/2020) o primeiro \u00f3bito em decorr\u00eancia de complica\u00e7\u00f5es por Covid-19 no munic\u00edpio. Trata-se de um homem, de 63 anos, que era diab\u00e9tico e cardiopata. Ele estava internado no Hospital Metropolitano da Unimed.<\/p>\n\n\n\n<p>Segundo o \u00faltimo boletim epidemiol\u00f3gico da Prefeitura de Coronel Fabriciano, o n\u00famero de casos confirmados de Covid-19 no munic\u00edpio subiu para 187, sendo que 110 pacientes est\u00e3o recuperados, seis internados e 71 em isolamento domiciliar.<\/p>\n\n\n\n<p class=\"has-background has-very-light-gray-background-color\">Quer saber as not\u00edcias do <strong>Aconteceu no Vale<\/strong> em primeira m\u00e3o? Siga-nos no Facebook <a rel=\"noreferrer noopener\" href=\"http:\/\/facebook.com\/aconteceunovale\" target=\"_blank\">@aconteceunovale<\/a>, Twitter <a rel=\"noreferrer noopener\" href=\"https:\/\/twitter.com\/noticiadosvales\" target=\"_blank\">@noticiadosvales<\/a> e Instagram <a rel=\"noreferrer noopener\" href=\"https:\/\/www.instagram.com\/aconteceunovale\" target=\"_blank\">@aconteceunovale<\/a>.<\/p>\n","protected":false},"excerpt":{"rendered":"<p>A Prefeitura de Coronel Fabriciano (MG) registrou nesta quarta-feira (10\/6\/2020) o primeiro \u00f3bito em decorr\u00eancia de complica\u00e7\u00f5es por Covid-19 no munic\u00edpio. Trata-se de um homem, de 63 anos, que era diab\u00e9tico e cardiopata. Ele estava internado no Hospital Metropolitano da Unimed. Segundo o \u00faltimo boletim epidemiol\u00f3gico da Prefeitura de Coronel Fabriciano, o n\u00famero de casos [&hellip;]<\/p>\n","protected":false},"author":1,"featured_media":163877,"comment_status":"open","ping_status":"closed","sticky":false,"template":"","format":"standard","meta":{"amp_status":"","footnotes":""},"categories":[121,40242],"tags":[222274,217870,1524,222503,223294,222416,222395,217942,137210,222502,222749,223289,222823],"class_list":["post-163876","post","type-post","status-publish","format-standard","has-post-thumbnail","hentry","category-leste","category-saude-2","tag-casos-de-covid-19-em-coronel-fabriciano","tag-coronavirus-em-coronel-fabriciano","tag-coronel-fabriciano","tag-coronel-fabriciano-confirma-mais-seis-casos-de-covid-19","tag-coronel-fabriciano-registra-primeiro-obito-por-covid-19","tag-coronel-fabriciano-registra-seis-novos-casos-de-covid-19","tag-coronel-fabriciano-tem-16-recuperados-da-covid-19","tag-covid-19-em-coronel-fabriciano","tag-prefeitura-de-coronel-fabriciano","tag-prefeitura-de-coronel-fabriciano-confirma-mais-seis-casos-de-covid-19","tag-prefeitura-de-coronel-fabriciano-confirma-mais-sete-casos-de-covid-19","tag-sobe-para-187-o-numero-de-casos-confirmados-de-covid-19-em-coronel-fabriciano","tag-sobe-para-94-o-numero-de-casos-confirmados-de-covid-19-em-coronel-fabriciano"],"_links":{"self":[{"href":"https:\/\/aconteceunovale.com.br\/portal\/index.php?rest_route=\/wp\/v2\/posts\/163876","targetHints":{"allow":["GET"]}}],"collection":[{"href":"https:\/\/aconteceunovale.com.br\/portal\/index.php?rest_route=\/wp\/v2\/posts"}],"about":[{"href":"https:\/\/aconteceunovale.com.br\/portal\/index.php?rest_route=\/wp\/v2\/types\/post"}],"author":[{"embeddable":true,"href":"https:\/\/aconteceunovale.com.br\/portal\/index.php?rest_route=\/wp\/v2\/users\/1"}],"replies":[{"embeddable":true,"href":"https:\/\/aconteceunovale.com.br\/portal\/index.php?rest_route=%2Fwp%2Fv2%2Fcomments&post=163876"}],"version-history":[{"count":1,"href":"https:\/\/aconteceunovale.com.br\/portal\/index.php?rest_route=\/wp\/v2\/posts\/163876\/revisions"}],"predecessor-version":[{"id":163878,"href":"https:\/\/aconteceunovale.com.br\/portal\/index.php?rest_route=\/wp\/v2\/posts\/163876\/revisions\/163878"}],"wp:featuredmedia":[{"embeddable":true,"href":"https:\/\/aconteceunovale.com.br\/portal\/index.php?rest_route=\/wp\/v2\/media\/163877"}],"wp:attachment":[{"href":"https:\/\/aconteceunovale.com.br\/portal\/index.php?rest_route=%2Fwp%2Fv2%2Fmedia&parent=163876"}],"wp:term":[{"taxonomy":"category","embeddable":true,"href":"https:\/\/aconteceunovale.com.br\/portal\/index.php?rest_route=%2Fwp%2Fv2%2Fcategories&post=163876"},{"taxonomy":"post_tag","embeddable":true,"href":"https:\/\/aconteceunovale.com.br\/portal\/index.php?rest_route=%2Fwp%2Fv2%2Ftags&post=163876"}],"curies":[{"name":"wp","href":"https:\/\/api.w.org\/{rel}","templated":true}]}}