{"id":163868,"date":"2020-06-10T19:27:07","date_gmt":"2020-06-10T22:27:07","guid":{"rendered":"https:\/\/aconteceunovale.com.br\/portal\/?p=163868"},"modified":"2020-06-10T19:27:28","modified_gmt":"2020-06-10T22:27:28","slug":"teofilo-otoni-registra-a-17a-morte-em-decorrencia-da-covid-19","status":"publish","type":"post","link":"https:\/\/aconteceunovale.com.br\/portal\/?p=163868","title":{"rendered":"Te\u00f3filo Otoni registra a 17\u00aa morte em decorr\u00eancia da Covid-19"},"content":{"rendered":"\n<p>A Prefeitura de Te\u00f3filo Otoni (MG) registrou nesta quarta-feira (10\/6\/2020) mais um \u00f3bito em decorr\u00eancia de complica\u00e7\u00f5es por Covid-19 (Novo Coronav\u00edrus). Trata-se de um idoso, de 76 anos, com comorbidade e que estava internado no Hospital Bom Samaritano. Com mais esse caso, subiu para 17 o n\u00famero de \u00f3bitos causados pela doen\u00e7a na cidade.<\/p>\n\n\n\n<p><strong>Leia a nota da prefeitura:<\/strong><\/p>\n\n\n\n<figure class=\"wp-block-image size-large\"><img decoding=\"async\" src=\"https:\/\/aconteceu.info\/boletins\/corona_teo_10junho_2.jpg\" alt=\"\"\/><\/figure>\n\n\n\n<p><strong>Confira o boletim de 10\/6\/2020:<\/strong><\/p>\n\n\n\n<figure class=\"wp-block-image size-large\"><img decoding=\"async\" src=\"https:\/\/aconteceu.info\/boletins\/corona_teo_10junho_1.jpg\" alt=\"\"\/><\/figure>\n\n\n\n<p class=\"has-background has-very-light-gray-background-color\">Quer saber as not\u00edcias do <strong>Aconteceu no Vale<\/strong> em primeira m\u00e3o? Siga-nos no Facebook <a rel=\"noreferrer noopener\" href=\"http:\/\/facebook.com\/aconteceunovale\" target=\"_blank\">@aconteceunovale<\/a>, Twitter <a rel=\"noreferrer noopener\" href=\"https:\/\/twitter.com\/noticiadosvales\" target=\"_blank\">@noticiadosvales<\/a> e Instagram <a rel=\"noreferrer noopener\" href=\"https:\/\/www.instagram.com\/aconteceunovale\" target=\"_blank\">@aconteceunovale<\/a>.<\/p>\n","protected":false},"excerpt":{"rendered":"<p>A Prefeitura de Te\u00f3filo Otoni (MG) registrou nesta quarta-feira (10\/6\/2020) mais um \u00f3bito em decorr\u00eancia de complica\u00e7\u00f5es por Covid-19 (Novo Coronav\u00edrus). Trata-se de um idoso, de 76 anos, com comorbidade e que estava internado no Hospital Bom Samaritano. Com mais esse caso, subiu para 17 o n\u00famero de \u00f3bitos causados pela doen\u00e7a na cidade. Leia [&hellip;]<\/p>\n","protected":false},"author":1,"featured_media":162615,"comment_status":"open","ping_status":"closed","sticky":false,"template":"","format":"standard","meta":{"amp_status":"","footnotes":""},"categories":[40242,122],"tags":[221838,221839,221837,220816,214884,220365,221558,216498,220363,223227,222877,220815,223228,221486,221485,221783,221483,221484,220817,223054,222824,222971,221836,222853,222679,221646,222462,222101,220818,222365,221096,222916,223140,221917,164,221956,220813,221487,220814,220812,222755,222752,223079],"class_list":["post-163868","post","type-post","status-publish","format-standard","has-post-thumbnail","hentry","category-saude-2","category-mucuri","tag-boletim-coronavirus-teofilo-otoni","tag-boletim-covid-19-teofilo-otoni","tag-boletim-epidemiologico-teofilo-otoni","tag-casos-de-coronavirus-em-teofilo-otoni","tag-coronavirus","tag-coronavirus-em-teofilo-otoni","tag-coronavirus-prefeitura-de-teofilo-otoni-confirma-35-casos-e-dois-obitos","tag-covid-19","tag-covid-19-em-teofilo-otoni","tag-covid-19-prefeitura-de-teofilo-otoni-confirma-mais-23-casos-e-3-obitos","tag-covid-19-teofilo-otoni-tem-291-casos-confirmados-e-11-obitos","tag-infectados-por-coronavirus-em-teofilo-otoni","tag-jaqueline-guimaraes-ramos","tag-morte-por-coronavirus-em-teofilo-otoni","tag-morte-por-covid-19-em-teofilo-otoni","tag-numero-de-infectados-por-covid-19-em-teofilo-otoni-sobe-para-50","tag-obito-por-coronavirus-em-teofilo-otoni","tag-obito-por-covid-19-em-teofilo-otoni","tag-pacientes-de-coronavirus-em-teofilo-otoni","tag-prefeitura-de-teofilo-otoni-atualiza-informacoes-sobre-a-covid-19","tag-prefeitura-de-teofilo-otoni-confirma-11a-morte-por-covid-19","tag-prefeitura-de-teofilo-otoni-confirma-12-novos-casos-de-covid-19","tag-prefeitura-de-teofilo-otoni-confirma-mais-13-casos-de-covid-19","tag-prefeitura-de-teofilo-otoni-confirma-mais-14-casos-de-covid-19","tag-prefeitura-de-teofilo-otoni-confirma-mais-17-casos-de-covid-19","tag-prefeitura-de-teofilo-otoni-confirma-mais-sete-casos-de-covid-19","tag-prefeitura-de-teofilo-otoni-confirma-oitavo-obito-por-covid-19","tag-prefeitura-de-teofilo-otoni-confirma-quinto-obito-por-covid-19","tag-profissionais-de-saude-infectados-com-coronavirus-em-teofilo-otoni","tag-sobe-para-146-o-numero-de-casos-confirmados-de-covid-19-em-teofilo-otoni","tag-sobe-para-16-o-numero-de-casos-confirmados-de-coronavirus-em-teofilo-otoni","tag-sobe-para-323-o-numero-de-casos-confirmados-de-covid-19-em-teofilo-otoni","tag-sobe-para-371-o-numero-de-casos-confirmados-de-covid-19-em-teofilo-otoni","tag-sobe-para-71-o-numero-de-casos-confirmados-de-covid-19-em-teofilo-otoni","tag-teofilo-otoni","tag-teofilo-otoni-confirma-mais-dois-obitos-por-coronavirus","tag-teofilo-otoni-confirma-oito-casos-de-coronavirus","tag-teofilo-otoni-confirma-primeiro-obito-por-coronavirus","tag-teofilo-otoni-coronavirus","tag-teofilo-otoni-covid-19","tag-teofilo-otoni-passa-de-250-casos-de-covid-19","tag-teofilo-otoni-registra-decimo-obito-por-covid-19","tag-teofilo-otoni-tem-361-casos-de-covid-19-139-pacientes-estao-recuperados-e-treze-morreram"],"_links":{"self":[{"href":"https:\/\/aconteceunovale.com.br\/portal\/index.php?rest_route=\/wp\/v2\/posts\/163868","targetHints":{"allow":["GET"]}}],"collection":[{"href":"https:\/\/aconteceunovale.com.br\/portal\/index.php?rest_route=\/wp\/v2\/posts"}],"about":[{"href":"https:\/\/aconteceunovale.com.br\/portal\/index.php?rest_route=\/wp\/v2\/types\/post"}],"author":[{"embeddable":true,"href":"https:\/\/aconteceunovale.com.br\/portal\/index.php?rest_route=\/wp\/v2\/users\/1"}],"replies":[{"embeddable":true,"href":"https:\/\/aconteceunovale.com.br\/portal\/index.php?rest_route=%2Fwp%2Fv2%2Fcomments&post=163868"}],"version-history":[{"count":1,"href":"https:\/\/aconteceunovale.com.br\/portal\/index.php?rest_route=\/wp\/v2\/posts\/163868\/revisions"}],"predecessor-version":[{"id":163869,"href":"https:\/\/aconteceunovale.com.br\/portal\/index.php?rest_route=\/wp\/v2\/posts\/163868\/revisions\/163869"}],"wp:featuredmedia":[{"embeddable":true,"href":"https:\/\/aconteceunovale.com.br\/portal\/index.php?rest_route=\/wp\/v2\/media\/162615"}],"wp:attachment":[{"href":"https:\/\/aconteceunovale.com.br\/portal\/index.php?rest_route=%2Fwp%2Fv2%2Fmedia&parent=163868"}],"wp:term":[{"taxonomy":"category","embeddable":true,"href":"https:\/\/aconteceunovale.com.br\/portal\/index.php?rest_route=%2Fwp%2Fv2%2Fcategories&post=163868"},{"taxonomy":"post_tag","embeddable":true,"href":"https:\/\/aconteceunovale.com.br\/portal\/index.php?rest_route=%2Fwp%2Fv2%2Ftags&post=163868"}],"curies":[{"name":"wp","href":"https:\/\/api.w.org\/{rel}","templated":true}]}}