{"id":163859,"date":"2020-06-10T16:54:14","date_gmt":"2020-06-10T19:54:14","guid":{"rendered":"https:\/\/aconteceunovale.com.br\/portal\/?p=163859"},"modified":"2020-06-10T18:24:53","modified_gmt":"2020-06-10T21:24:53","slug":"sobe-para-187-o-numero-de-casos-confirmados-de-covid-19-em-coronel-fabriciano","status":"publish","type":"post","link":"https:\/\/aconteceunovale.com.br\/portal\/?p=163859","title":{"rendered":"Sobe para 187 o n\u00famero de casos confirmados de Covid-19 em Coronel Fabriciano"},"content":{"rendered":"\n<p>A Prefeitura de Coronel Fabriciano (MG) confirmou nesta sexta-feira (10\/6\/2020) 11 novos casos de Covid-19. O n\u00famero de infectados no munic\u00edpio subiu para 187, segundo o boletim epidemiol\u00f3gico di\u00e1rio atualizado pela Secretaria de Governan\u00e7a da Sa\u00fade.<\/p>\n\n\n\n<p>Conforme o boletim, dentre os casos positivos para Covid-19, 110 pacientes est\u00e3o recuperados e 71 em isolamento domiciliar. Outros seis moradores do munic\u00edpio est\u00e3o internados no Hospital Doutor Jos\u00e9 Maria Morais (HJMM).<\/p>\n\n\n\n<p>Ainda de acordo com a prefeitura, 238 casos suspeitos s\u00e3o investigados e 849 j\u00e1 foram descartados por exame laboratorial (611) ou crit\u00e9rio cl\u00ednico (238).<\/p>\n\n\n\n<p><strong>Confira o boletim de 10\/6\/2020:<\/strong><\/p>\n\n\n\n<figure class=\"wp-block-image size-large\"><img decoding=\"async\" src=\"https:\/\/aconteceu.info\/boletins\/corona_fabriciano_10junho.png\" alt=\"\"\/><\/figure>\n\n\n\n<p class=\"has-background has-very-light-gray-background-color\">Quer saber as not\u00edcias do <strong>Aconteceu no Vale<\/strong> em primeira m\u00e3o? Siga-nos no Facebook <a rel=\"noreferrer noopener\" href=\"http:\/\/facebook.com\/aconteceunovale\" target=\"_blank\">@aconteceunovale<\/a>, Twitter <a rel=\"noreferrer noopener\" href=\"https:\/\/twitter.com\/noticiadosvales\" target=\"_blank\">@noticiadosvales<\/a> e Instagram <a rel=\"noreferrer noopener\" href=\"https:\/\/www.instagram.com\/aconteceunovale\" target=\"_blank\">@aconteceunovale<\/a>.<\/p>\n","protected":false},"excerpt":{"rendered":"<p>A Prefeitura de Coronel Fabriciano (MG) confirmou nesta sexta-feira (10\/6\/2020) 11 novos casos de Covid-19. O n\u00famero de infectados no munic\u00edpio subiu para 187, segundo o boletim epidemiol\u00f3gico di\u00e1rio atualizado pela Secretaria de Governan\u00e7a da Sa\u00fade. Conforme o boletim, dentre os casos positivos para Covid-19, 110 pacientes est\u00e3o recuperados e 71 em isolamento domiciliar. Outros [&hellip;]<\/p>\n","protected":false},"author":1,"featured_media":153010,"comment_status":"open","ping_status":"closed","sticky":false,"template":"","format":"standard","meta":{"amp_status":"","footnotes":""},"categories":[40242],"tags":[222274,217870,1524,222503,222416,222395,217942,137210,222502,222749,223289,222823],"class_list":["post-163859","post","type-post","status-publish","format-standard","has-post-thumbnail","hentry","category-saude-2","tag-casos-de-covid-19-em-coronel-fabriciano","tag-coronavirus-em-coronel-fabriciano","tag-coronel-fabriciano","tag-coronel-fabriciano-confirma-mais-seis-casos-de-covid-19","tag-coronel-fabriciano-registra-seis-novos-casos-de-covid-19","tag-coronel-fabriciano-tem-16-recuperados-da-covid-19","tag-covid-19-em-coronel-fabriciano","tag-prefeitura-de-coronel-fabriciano","tag-prefeitura-de-coronel-fabriciano-confirma-mais-seis-casos-de-covid-19","tag-prefeitura-de-coronel-fabriciano-confirma-mais-sete-casos-de-covid-19","tag-sobe-para-187-o-numero-de-casos-confirmados-de-covid-19-em-coronel-fabriciano","tag-sobe-para-94-o-numero-de-casos-confirmados-de-covid-19-em-coronel-fabriciano"],"_links":{"self":[{"href":"https:\/\/aconteceunovale.com.br\/portal\/index.php?rest_route=\/wp\/v2\/posts\/163859","targetHints":{"allow":["GET"]}}],"collection":[{"href":"https:\/\/aconteceunovale.com.br\/portal\/index.php?rest_route=\/wp\/v2\/posts"}],"about":[{"href":"https:\/\/aconteceunovale.com.br\/portal\/index.php?rest_route=\/wp\/v2\/types\/post"}],"author":[{"embeddable":true,"href":"https:\/\/aconteceunovale.com.br\/portal\/index.php?rest_route=\/wp\/v2\/users\/1"}],"replies":[{"embeddable":true,"href":"https:\/\/aconteceunovale.com.br\/portal\/index.php?rest_route=%2Fwp%2Fv2%2Fcomments&post=163859"}],"version-history":[{"count":1,"href":"https:\/\/aconteceunovale.com.br\/portal\/index.php?rest_route=\/wp\/v2\/posts\/163859\/revisions"}],"predecessor-version":[{"id":163860,"href":"https:\/\/aconteceunovale.com.br\/portal\/index.php?rest_route=\/wp\/v2\/posts\/163859\/revisions\/163860"}],"wp:featuredmedia":[{"embeddable":true,"href":"https:\/\/aconteceunovale.com.br\/portal\/index.php?rest_route=\/wp\/v2\/media\/153010"}],"wp:attachment":[{"href":"https:\/\/aconteceunovale.com.br\/portal\/index.php?rest_route=%2Fwp%2Fv2%2Fmedia&parent=163859"}],"wp:term":[{"taxonomy":"category","embeddable":true,"href":"https:\/\/aconteceunovale.com.br\/portal\/index.php?rest_route=%2Fwp%2Fv2%2Fcategories&post=163859"},{"taxonomy":"post_tag","embeddable":true,"href":"https:\/\/aconteceunovale.com.br\/portal\/index.php?rest_route=%2Fwp%2Fv2%2Ftags&post=163859"}],"curies":[{"name":"wp","href":"https:\/\/api.w.org\/{rel}","templated":true}]}}