{"id":163855,"date":"2020-06-10T15:10:29","date_gmt":"2020-06-10T18:10:29","guid":{"rendered":"https:\/\/aconteceunovale.com.br\/portal\/?p=163855"},"modified":"2020-06-10T15:11:18","modified_gmt":"2020-06-10T18:11:18","slug":"sao-paulo-tem-novo-recorde-de-obitos-por-covid-19-em-um-unico-dia","status":"publish","type":"post","link":"https:\/\/aconteceunovale.com.br\/portal\/?p=163855","title":{"rendered":"S\u00e3o Paulo tem novo recorde de \u00f3bitos por Covid-19 em um \u00fanico dia"},"content":{"rendered":"\n<p>Pelo segundo dia consecutivo, S\u00e3o Paulo apresentou mais um recorde em \u00f3bitos por Covid-19 registrados em um \u00fanico dia. Nas \u00faltimas 24 horas, o estado confirmou 340 novas mortes provocadas pela doen\u00e7a, chegando agora ao total de 9.862 desde o in\u00edcio da pandemia.<\/p>\n\n\n\n<p>Ontem, S\u00e3o Paulo havia registrado 334 novos \u00f3bitos, mas a secretaria estadual da Sa\u00fade havia creditado o alto n\u00famero de&nbsp;ontem&nbsp;ao fato de que, geralmente, os exames ficam represados nos finais de semana, quando laborat\u00f3rios e \u00f3rg\u00e3os p\u00fablicos podem estar fechados, sendo s\u00f3 contabilizados nos dados de ter\u00e7a-feira. Mas de&nbsp;ontem&nbsp;para&nbsp;hoje, o n\u00famero de novos \u00f3bitos voltou a crescer em cerca de 3,7%.<\/p>\n\n\n\n<p>Apesar do novo recorde&nbsp;hoje&nbsp;(10), o Centro de Conting\u00eancia do Coronav\u00edrus em S\u00e3o Paulo diz que o n\u00famero est\u00e1 dentro do esperado. \u201cEsses n\u00fameros que estamos observando est\u00e3o dentro do que foi previsto por modelos matem\u00e1ticos de semanas atr\u00e1s\u201d, disse Carlos Carvalho, coordenador do Centro de Conting\u00eancia do Coronav\u00edrus em S\u00e3o Paulo. \u201cOs n\u00fameros que estamos vendo est\u00e3o dentro do que esper\u00e1vamos. Essa eleva\u00e7\u00e3o, que observamos todos os dias, \u00e9 uma eleva\u00e7\u00e3o pequena\u201d, acrescentou.<\/p>\n\n\n\n<p>Em todo o estado, j\u00e1 foram contabilizados 156.316 casos confirmados de coronav\u00edrus, com 29.616 curados (ap\u00f3s receberem alta m\u00e9dica).<\/p>\n\n\n\n<p>A ocupa\u00e7\u00e3o de leitos de unidades de terapia intensiva (UTI) destinados ao tratamento de pessoas com coronav\u00edrus est\u00e1\u00a0hoje\u00a0em 69,1% no estado e em 76,7% na Grande S\u00e3o Paulo. O estado tem\u00a0hoje\u00a04.953 pacientes internados em UTIs e h\u00e1 8.123 internados em enfermarias.<\/p>\n\n\n\n<h2 class=\"wp-block-heading\"><strong>Estado poder\u00e1 ter 20 mil \u00f3bitos at\u00e9 o fim de junho<\/strong><\/h2>\n\n\n\n<p>At\u00e9 o fim do m\u00eas&nbsp;de junho, o estado de S\u00e3o Paulo poder\u00e1 somar 20 mil \u00f3bitos provocados pelo novo coronav\u00edrus. A estimativa \u00e9 do Centro de Conting\u00eancia do Coronav\u00edrus em S\u00e3o Paulo.<\/p>\n\n\n\n<p>\u201cA perspectiva de \u00f3bitos \u00e9 de que chegaremos ao final deste m\u00eas na faixa de 20 mil \u00f3bitos, variando de 16 mil a 22 mil, com taxa de isolamento m\u00e9dia de 50%\u201d, disse o coordenador do Centro de Conting\u00eancia do Coronav\u00edrus em S\u00e3o Paulo, Carlos Carvalho.<\/p>\n\n\n\n<p>\u201cEst\u00e1 projetada para, at\u00e9 o dia\u00a028 de junho, uma expectativa de 200 mil casos [confirmados de coronav\u00edrus], variando de 190 mil para 265 mil [casos confirmados do novo coronav\u00edrus]. Isso se a popula\u00e7\u00e3o do estado se mantiver com pelo menos 50% de isolamento social\u201d, afirmou Carvalho.<\/p>\n\n\n\n<p class=\"has-background has-very-light-gray-background-color\">Quer saber as not\u00edcias do <strong>Aconteceu no Vale<\/strong> em primeira m\u00e3o? Siga-nos no Facebook <a rel=\"noreferrer noopener\" href=\"http:\/\/facebook.com\/aconteceunovale\" target=\"_blank\">@aconteceunovale<\/a>, Twitter <a rel=\"noreferrer noopener\" href=\"https:\/\/twitter.com\/noticiadosvales\" target=\"_blank\">@noticiadosvales<\/a> e Instagram <a rel=\"noreferrer noopener\" href=\"https:\/\/www.instagram.com\/aconteceunovale\" target=\"_blank\">@aconteceunovale<\/a>.<\/p>\n","protected":false},"excerpt":{"rendered":"<p>Pelo segundo dia consecutivo, S\u00e3o Paulo apresentou mais um recorde em \u00f3bitos por Covid-19 registrados em um \u00fanico dia. Nas \u00faltimas 24 horas, o estado confirmou 340 novas mortes provocadas pela doen\u00e7a, chegando agora ao total de 9.862 desde o in\u00edcio da pandemia. Ontem, S\u00e3o Paulo havia registrado 334 novos \u00f3bitos, mas a secretaria estadual [&hellip;]<\/p>\n","protected":false},"author":1,"featured_media":160141,"comment_status":"open","ping_status":"closed","sticky":false,"template":"","format":"standard","meta":{"amp_status":"","footnotes":""},"categories":[6,40242],"tags":[214884,217915,216498,219415,219211,220079,223286,2382,223287,223285],"class_list":["post-163855","post","type-post","status-publish","format-standard","has-post-thumbnail","hentry","category-br","category-saude-2","tag-coronavirus","tag-coronavirus-em-sao-paulo","tag-covid-19","tag-covid-19-em-sao-paulo","tag-mortes-por-coronavirus-em-sao-paulo","tag-mortes-por-covid-19-em-sao-paulo","tag-recorde-de-mortes-em-sao-paulo","tag-sao-paulo","tag-sao-paulo-podera-ter-20-mil-obitos-por-covid-19-ate-o-fim-de-junho","tag-sao-paulo-tem-novo-recorde-de-obitos-por-covid-19-em-um-unico-dia"],"_links":{"self":[{"href":"https:\/\/aconteceunovale.com.br\/portal\/index.php?rest_route=\/wp\/v2\/posts\/163855","targetHints":{"allow":["GET"]}}],"collection":[{"href":"https:\/\/aconteceunovale.com.br\/portal\/index.php?rest_route=\/wp\/v2\/posts"}],"about":[{"href":"https:\/\/aconteceunovale.com.br\/portal\/index.php?rest_route=\/wp\/v2\/types\/post"}],"author":[{"embeddable":true,"href":"https:\/\/aconteceunovale.com.br\/portal\/index.php?rest_route=\/wp\/v2\/users\/1"}],"replies":[{"embeddable":true,"href":"https:\/\/aconteceunovale.com.br\/portal\/index.php?rest_route=%2Fwp%2Fv2%2Fcomments&post=163855"}],"version-history":[{"count":1,"href":"https:\/\/aconteceunovale.com.br\/portal\/index.php?rest_route=\/wp\/v2\/posts\/163855\/revisions"}],"predecessor-version":[{"id":163856,"href":"https:\/\/aconteceunovale.com.br\/portal\/index.php?rest_route=\/wp\/v2\/posts\/163855\/revisions\/163856"}],"wp:featuredmedia":[{"embeddable":true,"href":"https:\/\/aconteceunovale.com.br\/portal\/index.php?rest_route=\/wp\/v2\/media\/160141"}],"wp:attachment":[{"href":"https:\/\/aconteceunovale.com.br\/portal\/index.php?rest_route=%2Fwp%2Fv2%2Fmedia&parent=163855"}],"wp:term":[{"taxonomy":"category","embeddable":true,"href":"https:\/\/aconteceunovale.com.br\/portal\/index.php?rest_route=%2Fwp%2Fv2%2Fcategories&post=163855"},{"taxonomy":"post_tag","embeddable":true,"href":"https:\/\/aconteceunovale.com.br\/portal\/index.php?rest_route=%2Fwp%2Fv2%2Ftags&post=163855"}],"curies":[{"name":"wp","href":"https:\/\/api.w.org\/{rel}","templated":true}]}}