{"id":163853,"date":"2020-06-10T14:44:25","date_gmt":"2020-06-10T17:44:25","guid":{"rendered":"https:\/\/aconteceunovale.com.br\/portal\/?p=163853"},"modified":"2020-06-10T14:44:48","modified_gmt":"2020-06-10T17:44:48","slug":"fundo-de-r-159-bilhoes-para-avalizar-credito-a-pequenos-esta-disponivel","status":"publish","type":"post","link":"https:\/\/aconteceunovale.com.br\/portal\/?p=163853","title":{"rendered":"Fundo de R$ 15,9 bilh\u00f5es  para avalizar cr\u00e9dito a pequenos est\u00e1 dispon\u00edvel"},"content":{"rendered":"\n<p>As micro e pequenas empresas j\u00e1 podem solicitar o cr\u00e9dito oferecido por meio do\u00a0Programa Nacional de Apoio \u00e0s Microempresas e Empresas de Pequeno Porte (Pronampe).<\/p>\n\n\n\n<p>O Fundo Garantidor de Opera\u00e7\u00f5es (FGO), de R$ 15,9 bilh\u00f5es do Tesouro Nacional, foi liberado para avalizar empr\u00e9stimos tomados pelos pequenos neg\u00f3cios.&nbsp;<\/p>\n\n\n\n<p>O an\u00fancio foi feito hoje (10), em entrevista coletiva no Pal\u00e1cio do Planalto, pela Secretaria Especial de Produtividade, Emprego e Competitividade do Minist\u00e9rio da Economia, Receita Federal e Banco do Brasil, institui\u00e7\u00e3o gestora do fundo.<\/p>\n\n\n\n<p>Os recursos poder\u00e3o ser pedidos em bancos p\u00fablicos, privados, cooperativas e cooperativas de cr\u00e9dito que quiserem participar do programa. \u00c9 permitida ainda a participa\u00e7\u00e3o de ag\u00eancias de fomento estaduais, bancos cooperados, institui\u00e7\u00f5es integrantes do Sistema de Pagamentos Brasileiro,&nbsp;<em>fintechs<\/em>&nbsp;(empresa de inova\u00e7\u00e3o e tecnologia do setor financeiro) e organiza\u00e7\u00f5es da sociedade civil de interesse p\u00fablico de cr\u00e9dito.<\/p>\n\n\n\n<p>Entretanto, segundo o secret\u00e1rio especial de Produtividade, Emprego e Competitividade, Carlos Da Costa, hoje apenas o Bancoop est\u00e1 habilitado para oferecer o cr\u00e9dito, mas h\u00e1 12 bancos ajustando os seus sistemas para oferecer o empr\u00e9stimo, em breve. Ele acrescentou que essa habilita\u00e7\u00e3o pode ocorrer nas pr\u00f3ximas horas ou dias. \u201cA gente n\u00e3o tem como prever a velocidade dos bancos em concluir a adapta\u00e7\u00e3o dos sistemas\u201d, disse.<\/p>\n\n\n\n<h2 class=\"wp-block-heading\">Solicita\u00e7\u00e3o do cr\u00e9dito<\/h2>\n\n\n\n<p>Para pedir o empr\u00e9stimo, o empres\u00e1rio deve entrar no&nbsp;<a href=\"http:\/\/www.portaldoempreendedor.gov.br\/\" target=\"_blank\" rel=\"noreferrer noopener\">Portal do Empreendedor<\/a>. O empr\u00e9stimo \u00e9 destinado a mais de 4,5 milh\u00f5es de micro e pequenas empresas, amea\u00e7adas pelo impacto econ\u00f4mico da pandemia da covid-19. Tamb\u00e9m poder\u00e3o ser beneficiados os microempreendedores individuais (MEI).<\/p>\n\n\n\n<p>A linha de cr\u00e9dito ter\u00e1 garantia de 100% de cada opera\u00e7\u00e3o at\u00e9 o limite de 85% da carteira do banco. O valor liberado corresponder\u00e1 a at\u00e9 30% da receita bruta anual da empresa, calculada com base no exerc\u00edcio de 2019. A taxa de juros anual m\u00e1xima ser\u00e1 igual \u00e0 Selic, acrescida de 1,25% sobre o valor concedido, com prazo de 36 meses para o pagamento e car\u00eancia de oito meses.<\/p>\n\n\n\n<p>A destina\u00e7\u00e3o desses recursos extraordin\u00e1rios para o FGO resulta da&nbsp;<a href=\"http:\/\/www.in.gov.br\/web\/dou\/-\/medida-provisoria-n-972-de-26-de-maio-de-2020-258706544\" target=\"_blank\" rel=\"noreferrer noopener\">Medida Provis\u00f3ria 972<\/a>, editada em 26 de maio. O Pronampe foi criado pela&nbsp;<a href=\"http:\/\/www.in.gov.br\/en\/web\/dou\/-\/lei-n-13.999-de-18-de-maio-de-2020-257394467\" target=\"_blank\" rel=\"noreferrer noopener\">Lei 13.999\/2020<\/a>&nbsp;e regulamentado esta semana pela Receita Federal.<\/p>\n\n\n\n<p>O programa busca ajudar o fluxo de caixa dos pequenos neg\u00f3cios, e, ao mesmo tempo, favorecer a manuten\u00e7\u00e3o de empregos. As empresas que pegarem o financiamento devem assumir o compromisso de preservar o n\u00famero de funcion\u00e1rios da data da contrata\u00e7\u00e3o do empr\u00e9stimo at\u00e9 60 dias ap\u00f3s o recebimento da \u00faltima parcela.<\/p>\n\n\n\n<p>O secret\u00e1rio especial de Produtividade, Emprego e Competitividade, Carlos Da Costa, disse que o compromisso de manuten\u00e7\u00e3o do emprego n\u00e3o deve desestimular os empres\u00e1rios a pedir o empr\u00e9stimo. E lembrou que os microempres\u00e1rios costumam ter apenas um funcion\u00e1rio, e as pequenas empresas, 19. Al\u00e9m disso, acrescentou, o prazo de pagamento do empr\u00e9stimo \u00e9 maior do que o per\u00edodo de compromisso de n\u00e3o demitir.<\/p>\n\n\n\n<p class=\"has-background has-very-light-gray-background-color\">Quer saber as not\u00edcias do <strong>Aconteceu no Vale<\/strong> em primeira m\u00e3o? Siga-nos no Facebook <a rel=\"noreferrer noopener\" href=\"http:\/\/facebook.com\/aconteceunovale\" target=\"_blank\">@aconteceunovale<\/a>, Twitter <a rel=\"noreferrer noopener\" href=\"https:\/\/twitter.com\/noticiadosvales\" target=\"_blank\">@noticiadosvales<\/a> e Instagram <a rel=\"noreferrer noopener\" href=\"https:\/\/www.instagram.com\/aconteceunovale\" target=\"_blank\">@aconteceunovale<\/a>.<\/p>\n","protected":false},"excerpt":{"rendered":"<p>As micro e pequenas empresas j\u00e1 podem solicitar o cr\u00e9dito oferecido por meio do\u00a0Programa Nacional de Apoio \u00e0s Microempresas e Empresas de Pequeno Porte (Pronampe). O Fundo Garantidor de Opera\u00e7\u00f5es (FGO), de R$ 15,9 bilh\u00f5es do Tesouro Nacional, foi liberado para avalizar empr\u00e9stimos tomados pelos pequenos neg\u00f3cios.&nbsp; O an\u00fancio foi feito hoje (10), em entrevista [&hellip;]<\/p>\n","protected":false},"author":1,"featured_media":153854,"comment_status":"open","ping_status":"closed","sticky":false,"template":"","format":"standard","meta":{"amp_status":"","footnotes":""},"categories":[6,40239],"tags":[1353,221581,223279,222008,223283,223281,223284,223280,184661,222012,222013,223282,1464,223278,136750],"class_list":["post-163853","post","type-post","status-publish","format-standard","has-post-thumbnail","hentry","category-br","category-economia-2","tag-banco-do-brasil","tag-carlos-da-costa","tag-credito-para-micro-e-pequenas-empresas","tag-credito-para-microempresas","tag-credito-para-pequena-empresa","tag-fgo","tag-fundo-de-r-15-9-bilhoes-para-avalizar-credito-a-pequenos-esta-disponivel","tag-fundo-garantidor-de-operacoes","tag-ministerio-da-economia","tag-programa-nacional-de-apoio-as-microempresas-e-empresas-de-pequeno-porte","tag-pronampe","tag-pronampre","tag-receita-federal","tag-recursos-para-microempresas","tag-tesouro-nacional"],"_links":{"self":[{"href":"https:\/\/aconteceunovale.com.br\/portal\/index.php?rest_route=\/wp\/v2\/posts\/163853","targetHints":{"allow":["GET"]}}],"collection":[{"href":"https:\/\/aconteceunovale.com.br\/portal\/index.php?rest_route=\/wp\/v2\/posts"}],"about":[{"href":"https:\/\/aconteceunovale.com.br\/portal\/index.php?rest_route=\/wp\/v2\/types\/post"}],"author":[{"embeddable":true,"href":"https:\/\/aconteceunovale.com.br\/portal\/index.php?rest_route=\/wp\/v2\/users\/1"}],"replies":[{"embeddable":true,"href":"https:\/\/aconteceunovale.com.br\/portal\/index.php?rest_route=%2Fwp%2Fv2%2Fcomments&post=163853"}],"version-history":[{"count":1,"href":"https:\/\/aconteceunovale.com.br\/portal\/index.php?rest_route=\/wp\/v2\/posts\/163853\/revisions"}],"predecessor-version":[{"id":163854,"href":"https:\/\/aconteceunovale.com.br\/portal\/index.php?rest_route=\/wp\/v2\/posts\/163853\/revisions\/163854"}],"wp:featuredmedia":[{"embeddable":true,"href":"https:\/\/aconteceunovale.com.br\/portal\/index.php?rest_route=\/wp\/v2\/media\/153854"}],"wp:attachment":[{"href":"https:\/\/aconteceunovale.com.br\/portal\/index.php?rest_route=%2Fwp%2Fv2%2Fmedia&parent=163853"}],"wp:term":[{"taxonomy":"category","embeddable":true,"href":"https:\/\/aconteceunovale.com.br\/portal\/index.php?rest_route=%2Fwp%2Fv2%2Fcategories&post=163853"},{"taxonomy":"post_tag","embeddable":true,"href":"https:\/\/aconteceunovale.com.br\/portal\/index.php?rest_route=%2Fwp%2Fv2%2Ftags&post=163853"}],"curies":[{"name":"wp","href":"https:\/\/api.w.org\/{rel}","templated":true}]}}