{"id":163846,"date":"2020-06-10T14:20:15","date_gmt":"2020-06-10T17:20:15","guid":{"rendered":"https:\/\/aconteceunovale.com.br\/portal\/?p=163846"},"modified":"2020-06-10T14:20:29","modified_gmt":"2020-06-10T17:20:29","slug":"segunda-onda-do-coronavirus-pode-levar-pib-do-brasil-a-cair-91","status":"publish","type":"post","link":"https:\/\/aconteceunovale.com.br\/portal\/?p=163846","title":{"rendered":"Segunda onda do coronav\u00edrus pode levar PIB do Brasil a cair 9,1%"},"content":{"rendered":"\n<p>A economia brasileira deve apresentar queda de 7,4% neste ano, segundo previs\u00e3o da Organiza\u00e7\u00e3o para a Coopera\u00e7\u00e3o e Desenvolvimento Econ\u00f4mico (OCDE). Essa retra\u00e7\u00e3o pode ser ainda maior, se houver uma segunda onda de contamina\u00e7\u00e3o pelo novo coronav\u00edrus (covid-19), chegando a 9,1% de queda do Produto Interno Bruto (PIB, soma de todos os bens e servi\u00e7os produzidos no pa\u00eds).<\/p>\n\n\n\n<p>Segundo relat\u00f3rio publicado hoje (10) pela OCDE, a economia brasileira estava finalmente se recuperando de uma longa recess\u00e3o quando veio o surto da covid-19. E agora, h\u00e1 previs\u00e3o \u00e9 que a economia sofra uma recess\u00e3o ainda mais profunda, diz a organiza\u00e7\u00e3o.<\/p>\n\n\n\n<p>Para a OCDE, a recupera\u00e7\u00e3o da economia ser\u00e1 lenta e parcial, e alguns empregos e empresas ser\u00e3o perdidos. \u201cO desemprego vai bater recorde hist\u00f3rico antes de recuar gradualmente\u201d, avalia.<\/p>\n\n\n\n<p>Para 2021, a previs\u00e3o \u00e9 de crescimento de 2,4% do PIB, no cen\u00e1rio com duplo surto deacovid-19. No cen\u00e1rio com apenas uma onda de contamina\u00e7\u00e3o, a previs\u00e3o de expans\u00e3o para o pr\u00f3ximo ano \u00e9 4,2%.<\/p>\n\n\n\n<h2 class=\"wp-block-heading\">Mundo<\/h2>\n\n\n\n<p>A previs\u00e3o da OCDE para a queda da economia mundial \u00e9 de 6% neste ano, em caso de controle do surto da covid-19, com crescimento de 5,2%, em 2021. Se houver uma segunda onda de contamina\u00e7\u00e3o, a proje\u00e7\u00e3o de queda \u00e9 7,6%, em 2020, e expans\u00e3o de 2,8% em 2021.<\/p>\n\n\n\n<p class=\"has-background has-very-light-gray-background-color\">Quer saber as not\u00edcias do <strong>Aconteceu no Vale<\/strong> em primeira m\u00e3o? Siga-nos no Facebook <a rel=\"noreferrer noopener\" href=\"http:\/\/facebook.com\/aconteceunovale\" target=\"_blank\">@aconteceunovale<\/a>, Twitter <a rel=\"noreferrer noopener\" href=\"https:\/\/twitter.com\/noticiadosvales\" target=\"_blank\">@noticiadosvales<\/a> e Instagram <a rel=\"noreferrer noopener\" href=\"https:\/\/www.instagram.com\/aconteceunovale\" target=\"_blank\">@aconteceunovale<\/a>.<\/p>\n","protected":false},"excerpt":{"rendered":"<p>A economia brasileira deve apresentar queda de 7,4% neste ano, segundo previs\u00e3o da Organiza\u00e7\u00e3o para a Coopera\u00e7\u00e3o e Desenvolvimento Econ\u00f4mico (OCDE). Essa retra\u00e7\u00e3o pode ser ainda maior, se houver uma segunda onda de contamina\u00e7\u00e3o pelo novo coronav\u00edrus (covid-19), chegando a 9,1% de queda do Produto Interno Bruto (PIB, soma de todos os bens e servi\u00e7os [&hellip;]<\/p>\n","protected":false},"author":1,"featured_media":156717,"comment_status":"open","ping_status":"closed","sticky":false,"template":"","format":"standard","meta":{"amp_status":"","footnotes":""},"categories":[6,40239,28848],"tags":[214884,216498,223265,55503,129492,197679,140166,127778,223264,223263,223262,223261],"class_list":["post-163846","post","type-post","status-publish","format-standard","has-post-thumbnail","hentry","category-br","category-economia-2","category-mundo","tag-coronavirus","tag-covid-19","tag-crescimento-da-economia-brasileira","tag-economia-brasileira","tag-ocde","tag-organizacao-para-a-cooperacao-e-desenvolvimento-economico","tag-pandemia","tag-pib-do-brasil","tag-queda-no-pib-do-brasil","tag-segunda-onda-da-covid-19","tag-segunda-onda-do-coronavirus","tag-segunda-onda-do-coronavirus-pode-levar-pib-do-brasil-a-cair-9"],"_links":{"self":[{"href":"https:\/\/aconteceunovale.com.br\/portal\/index.php?rest_route=\/wp\/v2\/posts\/163846","targetHints":{"allow":["GET"]}}],"collection":[{"href":"https:\/\/aconteceunovale.com.br\/portal\/index.php?rest_route=\/wp\/v2\/posts"}],"about":[{"href":"https:\/\/aconteceunovale.com.br\/portal\/index.php?rest_route=\/wp\/v2\/types\/post"}],"author":[{"embeddable":true,"href":"https:\/\/aconteceunovale.com.br\/portal\/index.php?rest_route=\/wp\/v2\/users\/1"}],"replies":[{"embeddable":true,"href":"https:\/\/aconteceunovale.com.br\/portal\/index.php?rest_route=%2Fwp%2Fv2%2Fcomments&post=163846"}],"version-history":[{"count":1,"href":"https:\/\/aconteceunovale.com.br\/portal\/index.php?rest_route=\/wp\/v2\/posts\/163846\/revisions"}],"predecessor-version":[{"id":163847,"href":"https:\/\/aconteceunovale.com.br\/portal\/index.php?rest_route=\/wp\/v2\/posts\/163846\/revisions\/163847"}],"wp:featuredmedia":[{"embeddable":true,"href":"https:\/\/aconteceunovale.com.br\/portal\/index.php?rest_route=\/wp\/v2\/media\/156717"}],"wp:attachment":[{"href":"https:\/\/aconteceunovale.com.br\/portal\/index.php?rest_route=%2Fwp%2Fv2%2Fmedia&parent=163846"}],"wp:term":[{"taxonomy":"category","embeddable":true,"href":"https:\/\/aconteceunovale.com.br\/portal\/index.php?rest_route=%2Fwp%2Fv2%2Fcategories&post=163846"},{"taxonomy":"post_tag","embeddable":true,"href":"https:\/\/aconteceunovale.com.br\/portal\/index.php?rest_route=%2Fwp%2Fv2%2Ftags&post=163846"}],"curies":[{"name":"wp","href":"https:\/\/api.w.org\/{rel}","templated":true}]}}