{"id":163844,"date":"2020-06-10T14:14:16","date_gmt":"2020-06-10T17:14:16","guid":{"rendered":"https:\/\/aconteceunovale.com.br\/portal\/?p=163844"},"modified":"2020-06-10T14:14:24","modified_gmt":"2020-06-10T17:14:24","slug":"policia-civil-mineira-aponta-racismo-como-motivo-de-morte-de-idoso","status":"publish","type":"post","link":"https:\/\/aconteceunovale.com.br\/portal\/?p=163844","title":{"rendered":"Pol\u00edcia Civil mineira aponta racismo como motivo de morte de idoso"},"content":{"rendered":"\n<p>A Pol\u00edcia Civil de Minas Gerais concluiu que o racismo motivou o assassinato de um homem de 62 anos, em Belo Horizonte, no fim&nbsp;de maio. Ap\u00f3s ser detido, o homem acusado de cometer o crime, de 66 anos, admitiu que tinha frequentes desaven\u00e7as com o vizinho, sempre com provoca\u00e7\u00f5es de cunho racial.<\/p>\n\n\n\n<p>O crime ocorreu no&nbsp;\u00faltimo&nbsp;dia 31, no Bairro Tirol, em Belo Horizonte.&nbsp;Hoje&nbsp;(10), ao anunciar a conclus\u00e3o do inqu\u00e9rito, a&nbsp;Pol\u00edcia Civil&nbsp;informou que o&nbsp;acusado, cujo nome n\u00e3o foi revelado, usou uma faca e um bast\u00e3o para matar a v\u00edtima, Ant\u00f4nio Alves de Freitas.<\/p>\n\n\n\n<p>Ap\u00f3s ser autuado por homic\u00eddio, o acusado prestou depoimento. Ele contou que, no dia do crime, j\u00e1 tinha discutido mais cedo com a v\u00edtima. A confus\u00e3o inicial ocorreu em um bar e, segundo o delegado&nbsp;Dom\u00eanico Rocha, teria come\u00e7ado por conta de ofensas raciais desferidas pelo acusado assim que a v\u00edtima chegou ao local. O dono do estabelecimento pediu \u00e0 v\u00edtima que se retirasse para evitar que o bate-boca evolu\u00edsse para uma briga.<\/p>\n\n\n\n<p>Mais tarde,&nbsp;segundo o delegado, o acusado foi at\u00e9&nbsp;a casa da v\u00edtima, seu vizinho h\u00e1 muitos anos. Ainda do lado de fora, os dois recome\u00e7aram a&nbsp;discuss\u00e3o. Foi ent\u00e3o que, segundo a Pol\u00edcia Civil, o acusado teria atacado a v\u00edtima, acertando-lhe&nbsp;uma&nbsp;facada.&nbsp;A v\u00edtima ainda tentou escapar, mas seu agressor a alcan\u00e7ou.<\/p>\n\n\n\n<p>\u201cA per\u00edcia constatou manchas de sangue da v\u00edtima por todo o percurso da rua onde o fato aconteceu, mas o autor a perseguiu obstinadamente por v\u00e1rios metros at\u00e9 que a alcan\u00e7ou e a matou com v\u00e1rios golpes de faca e de um bast\u00e3o\u201d, narrou o delegado.<\/p>\n\n\n\n<p>Ainda de acordo com&nbsp;Rocha,&nbsp;testemunhas ouvidas no curso da investiga\u00e7\u00e3o confirmaram que os dois idosos j\u00e1 vinham se desentendendo h\u00e1 algum tempo e que, mais de uma vez, o acusado ofendeu&nbsp;a v\u00edtima com xingamentos racistas.&nbsp;Segundo as testemunhas, o acusado manifestava publicamente seu preconceito contra pessoas negras \u2013 caso da v\u00edtima.<\/p>\n\n\n\n<p>\u201cPens\u00e1vamos que se tratava de um desentendimento banal entre vizinhos que evoluiu para uma trag\u00e9dia, mas t\u00e3o logo come\u00e7amos a ouvir testemunhas, ficou bastante claro que a motiva\u00e7\u00e3o [para o crime] residia na intoler\u00e2ncia racial do autor [acusado] para com as pessoas negras\u201d, afirmou Rocha a jornalistas.<\/p>\n\n\n\n<p>Al\u00e9m do homic\u00eddio qualificado pelo motivo torpe e pela impossibilidade de defesa da v\u00edtima, o suspeito vai responder tamb\u00e9m pelos crimes de racismo e inj\u00faria racial.<\/p>\n\n\n\n<p class=\"has-background has-very-light-gray-background-color\">Quer saber as not\u00edcias do <strong>Aconteceu no Vale<\/strong> em primeira m\u00e3o? Siga-nos no Facebook <a rel=\"noreferrer noopener\" href=\"http:\/\/facebook.com\/aconteceunovale\" target=\"_blank\">@aconteceunovale<\/a>, Twitter <a rel=\"noreferrer noopener\" href=\"https:\/\/twitter.com\/noticiadosvales\" target=\"_blank\">@noticiadosvales<\/a> e Instagram <a rel=\"noreferrer noopener\" href=\"https:\/\/www.instagram.com\/aconteceunovale\" target=\"_blank\">@aconteceunovale<\/a>.<\/p>\n","protected":false},"excerpt":{"rendered":"<p>A Pol\u00edcia Civil de Minas Gerais concluiu que o racismo motivou o assassinato de um homem de 62 anos, em Belo Horizonte, no fim&nbsp;de maio. Ap\u00f3s ser detido, o homem acusado de cometer o crime, de 66 anos, admitiu que tinha frequentes desaven\u00e7as com o vizinho, sempre com provoca\u00e7\u00f5es de cunho racial. O crime ocorreu [&hellip;]<\/p>\n","protected":false},"author":1,"featured_media":160715,"comment_status":"open","ping_status":"closed","sticky":false,"template":"","format":"standard","meta":{"amp_status":"","footnotes":""},"categories":[123],"tags":[223259,194,1017,1018,223258,223257,44644,223256,223260],"class_list":["post-163844","post","type-post","status-publish","format-standard","has-post-thumbnail","hentry","category-gerais","tag-antonio-alves-de-freitas","tag-belo-horizonte","tag-bh","tag-destaque","tag-morte-de-idoso-em-belo-horizonte","tag-morte-de-idoso-em-bh","tag-policia-civil-de-minas-gerais","tag-policia-civil-mineira-aponta-racismo-como-motivo-de-morte-de-idoso","tag-racismo-em-minas-gerais"],"_links":{"self":[{"href":"https:\/\/aconteceunovale.com.br\/portal\/index.php?rest_route=\/wp\/v2\/posts\/163844","targetHints":{"allow":["GET"]}}],"collection":[{"href":"https:\/\/aconteceunovale.com.br\/portal\/index.php?rest_route=\/wp\/v2\/posts"}],"about":[{"href":"https:\/\/aconteceunovale.com.br\/portal\/index.php?rest_route=\/wp\/v2\/types\/post"}],"author":[{"embeddable":true,"href":"https:\/\/aconteceunovale.com.br\/portal\/index.php?rest_route=\/wp\/v2\/users\/1"}],"replies":[{"embeddable":true,"href":"https:\/\/aconteceunovale.com.br\/portal\/index.php?rest_route=%2Fwp%2Fv2%2Fcomments&post=163844"}],"version-history":[{"count":1,"href":"https:\/\/aconteceunovale.com.br\/portal\/index.php?rest_route=\/wp\/v2\/posts\/163844\/revisions"}],"predecessor-version":[{"id":163845,"href":"https:\/\/aconteceunovale.com.br\/portal\/index.php?rest_route=\/wp\/v2\/posts\/163844\/revisions\/163845"}],"wp:featuredmedia":[{"embeddable":true,"href":"https:\/\/aconteceunovale.com.br\/portal\/index.php?rest_route=\/wp\/v2\/media\/160715"}],"wp:attachment":[{"href":"https:\/\/aconteceunovale.com.br\/portal\/index.php?rest_route=%2Fwp%2Fv2%2Fmedia&parent=163844"}],"wp:term":[{"taxonomy":"category","embeddable":true,"href":"https:\/\/aconteceunovale.com.br\/portal\/index.php?rest_route=%2Fwp%2Fv2%2Fcategories&post=163844"},{"taxonomy":"post_tag","embeddable":true,"href":"https:\/\/aconteceunovale.com.br\/portal\/index.php?rest_route=%2Fwp%2Fv2%2Ftags&post=163844"}],"curies":[{"name":"wp","href":"https:\/\/api.w.org\/{rel}","templated":true}]}}