{"id":163838,"date":"2020-06-10T14:01:49","date_gmt":"2020-06-10T17:01:49","guid":{"rendered":"https:\/\/aconteceunovale.com.br\/portal\/?p=163838"},"modified":"2020-06-10T14:04:08","modified_gmt":"2020-06-10T17:04:08","slug":"governador-do-para-e-alvo-de-operacao-da-policia-federal-sobre-respiradores","status":"publish","type":"post","link":"https:\/\/aconteceunovale.com.br\/portal\/?p=163838","title":{"rendered":"Governador do Par\u00e1 \u00e9 alvo de opera\u00e7\u00e3o da Pol\u00edcia Federal sobre respiradores"},"content":{"rendered":"\n<p>A Pol\u00edcia Federal (PF) deflagrou na manh\u00e3 de\u00a0hoje\u00a0(10\/6\/2020) uma opera\u00e7\u00e3o que tem como alvo o governador do Par\u00e1, Helder Barbalho, e outras 14 pessoas suspeitas de envolvimento em desvio de recursos p\u00fablicos na compra de respiradores para o enfrentamento \u00e0 pandemia do novo coronav\u00edrus (Covid-19).<\/p>\n\n\n\n<p>Ao todo, s\u00e3o cumpridos 23 mandados de busca e apreens\u00e3o no Par\u00e1, Rio&nbsp;de Janeiro, Minas Gerais, S\u00e3o Paulo, Santa Catarina, Esp\u00edrito Santo e Distrito Federal. Entre os endere\u00e7os alvo da opera\u00e7\u00e3o est\u00e1 o Pal\u00e1cio dos Despachos, sede do governo paraense. O magistrado autorizou tamb\u00e9m o bloqueio de R$ 25 milh\u00f5es do governador e de outros sete envolvidos.&nbsp;<\/p>\n\n\n\n<p>A opera\u00e7\u00e3o foi autorizada pelo ministro Francisco Falc\u00e3o, do Superior Tribunal de Justi\u00e7a (STJ), a pedido da Procuradoria-Geral da Rep\u00fablica (PGR).&nbsp;<\/p>\n\n\n\n<p>Al\u00e9m do desvio de recursos, a investiga\u00e7\u00e3o apura o crime de fraude em licita\u00e7\u00e3o na compra de centenas de respiradores pelo estado do Par\u00e1. Segundo a PF, o valor total do contrato por 400 unidades foi de R$ 50,3 milh\u00f5es, dos quais R$ 25 milh\u00f5es chegaram a ser pagos por equipamentos que n\u00e3o serviam para o tratamento de covid-19 e acabaram devolvidos.<\/p>\n\n\n\n<p>A suspeita do Minist\u00e9rio P\u00fablico Federal (MPF) \u00e9 que os respiradores foram comprados de uma empresa sem registro na Anvisa, com pre\u00e7os superfaturados em 86,6%. A compra foi feita com base em decreto assinado por Barbalho regulamentando as contrata\u00e7\u00f5es emergenciais em meio \u00e0 pandemia.<\/p>\n\n\n\n<p>\u201cInd\u00edcios j\u00e1 reunidos pelos investigadores revelaram&nbsp;ter&nbsp;ocorrido montagem, posterior ao pagamento, de procedimento de dispensa de licita\u00e7\u00e3o forjado para dar apar\u00eancia de legalidade \u00e0 aquisi\u00e7\u00e3o dos respiradores\u201d, informou a PGR por meio de nota.<\/p>\n\n\n\n<p>O pr\u00f3prio governo do Par\u00e1 divulgou a incompatibilidade dos equipamentos para o tratamento de Covid-19 e no m\u00eas passado anunciou que os R$ 25 milh\u00f5es j\u00e1 pagos seriam devolvidos ap\u00f3s um acordo com a empresa chinesa fornecedora dos equipamentos.<\/p>\n\n\n\n<p>Para a PGR, por\u00e9m, Barbalho sabia de antem\u00e3o sobre a incompatibilidade dos equipamentos e mesmo assim prosseguiu com a compra. O empres\u00e1rio que intermediou a compra dos respiradores teria \u201crela\u00e7\u00e3o pr\u00f3xima\u201d com o governador, destacou a procuradoria.<\/p>\n\n\n\n<p>A opera\u00e7\u00e3o desta&nbsp;quarta-feira (10) foi batizada de Para Bellum, express\u00e3o em latim que pode ser traduzida como \u201cpreparar-se para a guerra\u201d. A PF disse se tratar de uma refer\u00eancia ao intenso combate aos desvio de recursos durante a pandemia.&nbsp;<\/p>\n\n\n\n<h2 class=\"wp-block-heading\">Outro lado<\/h2>\n\n\n\n<p>Em sua conta no Twitter, o governador Helder Barbalho negou ser amigo do empres\u00e1rio que intermediou a compra dos respiradores e que soubesse de antem\u00e3o que os respiradores n\u00e3o funcionariam.<\/p>\n\n\n\n<p>Barbalho acrescentou que por sua determina\u00e7\u00e3o foi bloqueado qualquer pagamento \u00e0 empresa fornecedora dos equipamentos e que o governo entrou na Justi\u00e7a pedindo indeniza\u00e7\u00e3o por danos morais coletivos.<\/p>\n\n\n\n<p>\u201cEstou tranquilo e \u00e0 disposi\u00e7\u00e3o para qualquer esclarecimento que se fa\u00e7a necess\u00e1rio\u201d, escreveu Barbalho. \u201cAgi a tempo de evitar danos ao er\u00e1rio p\u00fablico, j\u00e1 que os recursos foram devolvidos aos cofres do estado\u201d, acrescentou.<\/p>\n\n\n\n<p class=\"has-background has-very-light-gray-background-color\">Quer saber as not\u00edcias do <strong>Aconteceu no Vale<\/strong> em primeira m\u00e3o? Siga-nos no Facebook <a rel=\"noreferrer noopener\" href=\"http:\/\/facebook.com\/aconteceunovale\" target=\"_blank\">@aconteceunovale<\/a>, Twitter <a rel=\"noreferrer noopener\" href=\"https:\/\/twitter.com\/noticiadosvales\" target=\"_blank\">@noticiadosvales<\/a> e Instagram <a rel=\"noreferrer noopener\" href=\"https:\/\/www.instagram.com\/aconteceunovale\" target=\"_blank\">@aconteceunovale<\/a>.<\/p>\n","protected":false},"excerpt":{"rendered":"<p>A Pol\u00edcia Federal (PF) deflagrou na manh\u00e3 de\u00a0hoje\u00a0(10\/6\/2020) uma opera\u00e7\u00e3o que tem como alvo o governador do Par\u00e1, Helder Barbalho, e outras 14 pessoas suspeitas de envolvimento em desvio de recursos p\u00fablicos na compra de respiradores para o enfrentamento \u00e0 pandemia do novo coronav\u00edrus (Covid-19). Ao todo, s\u00e3o cumpridos 23 mandados de busca e apreens\u00e3o [&hellip;]<\/p>\n","protected":false},"author":1,"featured_media":163839,"comment_status":"open","ping_status":"closed","sticky":false,"template":"","format":"standard","meta":{"amp_status":"","footnotes":""},"categories":[6,40240],"tags":[214884,216498,223248,223243,223244,184391,223246,27846,223247,223242,140166,15362,223249,223245,61747],"class_list":["post-163838","post","type-post","status-publish","format-standard","has-post-thumbnail","hentry","category-br","category-politica-2","tag-coronavirus","tag-covid-19","tag-francisco-falcao","tag-fraude-na-compra-de-respiradores","tag-fraude-respiradores","tag-governador-do-para","tag-governador-do-para-e-alvo-de-operacao-da-policia-federal-sobre-respiradores","tag-helder-barbalho","tag-helder-barbalho-e-alvo-de-operacao-da-policia-federal-sobre-respiradores","tag-operacao-para-bellum","tag-pandemia","tag-para","tag-para-bellum","tag-respiradores","tag-stj"],"_links":{"self":[{"href":"https:\/\/aconteceunovale.com.br\/portal\/index.php?rest_route=\/wp\/v2\/posts\/163838","targetHints":{"allow":["GET"]}}],"collection":[{"href":"https:\/\/aconteceunovale.com.br\/portal\/index.php?rest_route=\/wp\/v2\/posts"}],"about":[{"href":"https:\/\/aconteceunovale.com.br\/portal\/index.php?rest_route=\/wp\/v2\/types\/post"}],"author":[{"embeddable":true,"href":"https:\/\/aconteceunovale.com.br\/portal\/index.php?rest_route=\/wp\/v2\/users\/1"}],"replies":[{"embeddable":true,"href":"https:\/\/aconteceunovale.com.br\/portal\/index.php?rest_route=%2Fwp%2Fv2%2Fcomments&post=163838"}],"version-history":[{"count":1,"href":"https:\/\/aconteceunovale.com.br\/portal\/index.php?rest_route=\/wp\/v2\/posts\/163838\/revisions"}],"predecessor-version":[{"id":163840,"href":"https:\/\/aconteceunovale.com.br\/portal\/index.php?rest_route=\/wp\/v2\/posts\/163838\/revisions\/163840"}],"wp:featuredmedia":[{"embeddable":true,"href":"https:\/\/aconteceunovale.com.br\/portal\/index.php?rest_route=\/wp\/v2\/media\/163839"}],"wp:attachment":[{"href":"https:\/\/aconteceunovale.com.br\/portal\/index.php?rest_route=%2Fwp%2Fv2%2Fmedia&parent=163838"}],"wp:term":[{"taxonomy":"category","embeddable":true,"href":"https:\/\/aconteceunovale.com.br\/portal\/index.php?rest_route=%2Fwp%2Fv2%2Fcategories&post=163838"},{"taxonomy":"post_tag","embeddable":true,"href":"https:\/\/aconteceunovale.com.br\/portal\/index.php?rest_route=%2Fwp%2Fv2%2Ftags&post=163838"}],"curies":[{"name":"wp","href":"https:\/\/api.w.org\/{rel}","templated":true}]}}