{"id":163816,"date":"2020-06-09T22:30:27","date_gmt":"2020-06-10T01:30:27","guid":{"rendered":"https:\/\/aconteceunovale.com.br\/portal\/?p=163816"},"modified":"2020-06-09T22:30:45","modified_gmt":"2020-06-10T01:30:45","slug":"covid-19-prefeitura-de-teofilo-otoni-confirma-mais-23-casos-e-3-obitos","status":"publish","type":"post","link":"https:\/\/aconteceunovale.com.br\/portal\/?p=163816","title":{"rendered":"Covid-19: Prefeitura de Te\u00f3filo Otoni confirma mais 23 casos e 3 \u00f3bitos"},"content":{"rendered":"\n<p>A Prefeitura de Te\u00f3filo Otoni (MG) confirmou vinte e tr\u00eas novos casos de Covid-19 nas \u00faltimas 24 horas. Segundo informa\u00e7\u00f5es do boletim epidemiol\u00f3gico, atualizado na noite desta ter\u00e7a-feira (9\/6\/2020), o munic\u00edpio soma 394 pessoas infectadas com o v\u00edrus.<\/p>\n\n\n\n<p>De acordo com a prefeitura, 18 pacientes est\u00e3o internados (sete em leitos de UTI) e 183 em isolamento domiciliar. Dentro das estat\u00edsticas de confirmados, Te\u00f3filo Otoni tem 177 recuperados e 16 \u00f3bitos (tr\u00eas a mais que ontem).<\/p>\n\n\n\n<p>Ainda segundo o boletim epidemiol\u00f3gico, 773 pessoas est\u00e3o classificadas como suspeitas de terem contra\u00eddo a doen\u00e7a. Dessas, 758 est\u00e3o em isolamento domiciliar e 12 internadas. Tr\u00eas \u00f3bitos s\u00e3o investigados.<\/p>\n\n\n\n<p>At\u00e9 hoje, conforme o boletim, 469 casos foram descartados por exames laboratoriais e 881 conclu\u00edram o monitoramento por crit\u00e9rio cl\u00ednico. O n\u00famero total de notifica\u00e7\u00f5es desde o in\u00edcio da pandemia \u00e9 de 2.517.<\/p>\n\n\n\n<p><strong>Confira o boletim de 9\/6\/2020:<\/strong><\/p>\n\n\n\n<figure class=\"wp-block-gallery columns-1 is-cropped wp-block-gallery-1 is-layout-flex wp-block-gallery-is-layout-flex\"><ul class=\"blocks-gallery-grid\"><li class=\"blocks-gallery-item\"><figure><img decoding=\"async\" src=\"https:\/\/aconteceu.info\/boletins\/corona_teo_9junho_01.jpg\" alt=\"\"\/><\/figure><\/li><\/ul><\/figure>\n\n\n\n<figure class=\"wp-block-gallery columns-1 is-cropped wp-block-gallery-2 is-layout-flex wp-block-gallery-is-layout-flex\"><ul class=\"blocks-gallery-grid\"><li class=\"blocks-gallery-item\"><figure><img decoding=\"async\" src=\"https:\/\/aconteceu.info\/boletins\/corona_teo_9junho_02.jpg\" alt=\"\"\/><\/figure><\/li><\/ul><\/figure>\n\n\n\n<h2 class=\"wp-block-heading\"><strong>Mais tr\u00eas \u00f3bitos confirmados<\/strong><\/h2>\n\n\n\n<figure class=\"wp-block-gallery columns-1 is-cropped wp-block-gallery-3 is-layout-flex wp-block-gallery-is-layout-flex\"><ul class=\"blocks-gallery-grid\"><li class=\"blocks-gallery-item\"><figure><img decoding=\"async\" src=\"https:\/\/aconteceu.info\/boletins\/corona_teo_9junho_03.jpg\" alt=\"\"\/><\/figure><\/li><\/ul><\/figure>\n\n\n\n<h2 class=\"wp-block-heading\"><strong>Falecimento de servidora p\u00fablica<\/strong><\/h2>\n\n\n\n<figure class=\"wp-block-gallery columns-1 is-cropped wp-block-gallery-4 is-layout-flex wp-block-gallery-is-layout-flex\"><ul class=\"blocks-gallery-grid\"><li class=\"blocks-gallery-item\"><figure><img decoding=\"async\" src=\"https:\/\/aconteceu.info\/boletins\/corona_teo_9junho_04.jpg\" alt=\"\"\/><\/figure><\/li><\/ul><\/figure>\n\n\n\n<p class=\"has-background has-very-light-gray-background-color\">Quer saber as not\u00edcias do <strong>Aconteceu no Vale<\/strong> em primeira m\u00e3o? Siga-nos no Facebook <a rel=\"noreferrer noopener\" href=\"http:\/\/facebook.com\/aconteceunovale\" target=\"_blank\">@aconteceunovale<\/a>, Twitter <a rel=\"noreferrer noopener\" href=\"https:\/\/twitter.com\/noticiadosvales\" target=\"_blank\">@noticiadosvales<\/a> e Instagram <a rel=\"noreferrer noopener\" href=\"https:\/\/www.instagram.com\/aconteceunovale\" target=\"_blank\">@aconteceunovale<\/a>.<\/p>\n","protected":false},"excerpt":{"rendered":"<p>A Prefeitura de Te\u00f3filo Otoni (MG) confirmou vinte e tr\u00eas novos casos de Covid-19 nas \u00faltimas 24 horas. Segundo informa\u00e7\u00f5es do boletim epidemiol\u00f3gico, atualizado na noite desta ter\u00e7a-feira (9\/6\/2020), o munic\u00edpio soma 394 pessoas infectadas com o v\u00edrus. De acordo com a prefeitura, 18 pacientes est\u00e3o internados (sete em leitos de UTI) e 183 em [&hellip;]<\/p>\n","protected":false},"author":1,"featured_media":162802,"comment_status":"open","ping_status":"closed","sticky":false,"template":"","format":"standard","meta":{"amp_status":"","footnotes":""},"categories":[40242,122],"tags":[221838,221839,221837,220816,214884,220365,221558,216498,220363,223227,222877,220815,223228,221486,221485,221783,221483,221484,220817,223054,222824,222971,221836,222853,222679,221646,222462,222101,220818,222365,221096,222916,223140,221917,164,221956,220813,221487,220814,220812,222755,222752,223079],"class_list":["post-163816","post","type-post","status-publish","format-standard","has-post-thumbnail","hentry","category-saude-2","category-mucuri","tag-boletim-coronavirus-teofilo-otoni","tag-boletim-covid-19-teofilo-otoni","tag-boletim-epidemiologico-teofilo-otoni","tag-casos-de-coronavirus-em-teofilo-otoni","tag-coronavirus","tag-coronavirus-em-teofilo-otoni","tag-coronavirus-prefeitura-de-teofilo-otoni-confirma-35-casos-e-dois-obitos","tag-covid-19","tag-covid-19-em-teofilo-otoni","tag-covid-19-prefeitura-de-teofilo-otoni-confirma-mais-23-casos-e-3-obitos","tag-covid-19-teofilo-otoni-tem-291-casos-confirmados-e-11-obitos","tag-infectados-por-coronavirus-em-teofilo-otoni","tag-jaqueline-guimaraes-ramos","tag-morte-por-coronavirus-em-teofilo-otoni","tag-morte-por-covid-19-em-teofilo-otoni","tag-numero-de-infectados-por-covid-19-em-teofilo-otoni-sobe-para-50","tag-obito-por-coronavirus-em-teofilo-otoni","tag-obito-por-covid-19-em-teofilo-otoni","tag-pacientes-de-coronavirus-em-teofilo-otoni","tag-prefeitura-de-teofilo-otoni-atualiza-informacoes-sobre-a-covid-19","tag-prefeitura-de-teofilo-otoni-confirma-11a-morte-por-covid-19","tag-prefeitura-de-teofilo-otoni-confirma-12-novos-casos-de-covid-19","tag-prefeitura-de-teofilo-otoni-confirma-mais-13-casos-de-covid-19","tag-prefeitura-de-teofilo-otoni-confirma-mais-14-casos-de-covid-19","tag-prefeitura-de-teofilo-otoni-confirma-mais-17-casos-de-covid-19","tag-prefeitura-de-teofilo-otoni-confirma-mais-sete-casos-de-covid-19","tag-prefeitura-de-teofilo-otoni-confirma-oitavo-obito-por-covid-19","tag-prefeitura-de-teofilo-otoni-confirma-quinto-obito-por-covid-19","tag-profissionais-de-saude-infectados-com-coronavirus-em-teofilo-otoni","tag-sobe-para-146-o-numero-de-casos-confirmados-de-covid-19-em-teofilo-otoni","tag-sobe-para-16-o-numero-de-casos-confirmados-de-coronavirus-em-teofilo-otoni","tag-sobe-para-323-o-numero-de-casos-confirmados-de-covid-19-em-teofilo-otoni","tag-sobe-para-371-o-numero-de-casos-confirmados-de-covid-19-em-teofilo-otoni","tag-sobe-para-71-o-numero-de-casos-confirmados-de-covid-19-em-teofilo-otoni","tag-teofilo-otoni","tag-teofilo-otoni-confirma-mais-dois-obitos-por-coronavirus","tag-teofilo-otoni-confirma-oito-casos-de-coronavirus","tag-teofilo-otoni-confirma-primeiro-obito-por-coronavirus","tag-teofilo-otoni-coronavirus","tag-teofilo-otoni-covid-19","tag-teofilo-otoni-passa-de-250-casos-de-covid-19","tag-teofilo-otoni-registra-decimo-obito-por-covid-19","tag-teofilo-otoni-tem-361-casos-de-covid-19-139-pacientes-estao-recuperados-e-treze-morreram"],"_links":{"self":[{"href":"https:\/\/aconteceunovale.com.br\/portal\/index.php?rest_route=\/wp\/v2\/posts\/163816","targetHints":{"allow":["GET"]}}],"collection":[{"href":"https:\/\/aconteceunovale.com.br\/portal\/index.php?rest_route=\/wp\/v2\/posts"}],"about":[{"href":"https:\/\/aconteceunovale.com.br\/portal\/index.php?rest_route=\/wp\/v2\/types\/post"}],"author":[{"embeddable":true,"href":"https:\/\/aconteceunovale.com.br\/portal\/index.php?rest_route=\/wp\/v2\/users\/1"}],"replies":[{"embeddable":true,"href":"https:\/\/aconteceunovale.com.br\/portal\/index.php?rest_route=%2Fwp%2Fv2%2Fcomments&post=163816"}],"version-history":[{"count":1,"href":"https:\/\/aconteceunovale.com.br\/portal\/index.php?rest_route=\/wp\/v2\/posts\/163816\/revisions"}],"predecessor-version":[{"id":163817,"href":"https:\/\/aconteceunovale.com.br\/portal\/index.php?rest_route=\/wp\/v2\/posts\/163816\/revisions\/163817"}],"wp:featuredmedia":[{"embeddable":true,"href":"https:\/\/aconteceunovale.com.br\/portal\/index.php?rest_route=\/wp\/v2\/media\/162802"}],"wp:attachment":[{"href":"https:\/\/aconteceunovale.com.br\/portal\/index.php?rest_route=%2Fwp%2Fv2%2Fmedia&parent=163816"}],"wp:term":[{"taxonomy":"category","embeddable":true,"href":"https:\/\/aconteceunovale.com.br\/portal\/index.php?rest_route=%2Fwp%2Fv2%2Fcategories&post=163816"},{"taxonomy":"post_tag","embeddable":true,"href":"https:\/\/aconteceunovale.com.br\/portal\/index.php?rest_route=%2Fwp%2Fv2%2Ftags&post=163816"}],"curies":[{"name":"wp","href":"https:\/\/api.w.org\/{rel}","templated":true}]}}