{"id":163812,"date":"2020-06-09T21:52:24","date_gmt":"2020-06-10T00:52:24","guid":{"rendered":"https:\/\/aconteceunovale.com.br\/portal\/?p=163812"},"modified":"2020-06-09T21:52:58","modified_gmt":"2020-06-10T00:52:58","slug":"jequitinhonha-pede-investimentos-para-producao-de-litio-metalico","status":"publish","type":"post","link":"https:\/\/aconteceunovale.com.br\/portal\/?p=163812","title":{"rendered":"Jequitinhonha pede investimentos para produ\u00e7\u00e3o de l\u00edtio met\u00e1lico"},"content":{"rendered":"\n<p>A f\u00e1brica de\u00a0c\u00e9lulas de baterias de l\u00edtio-enxofre\u00a0da empresa\u00a0Oxis Energy\u00a0ser\u00e1 mesmo instalada em\u00a0Juiz de Fora (Zona da Mata), apesar de a maior\u00a0mina de extra\u00e7\u00e3o de l\u00edtio do Brasil estar em Ara\u00e7ua\u00ed e Itinga, no Vale do Jequitinhonha. Diante do fato, parlamentares, moradores da regi\u00e3o do Vale e especialistas cobram do Governo do Estado investimentos imediatos para que a regi\u00e3o possa participar de toda a cadeia produtiva do l\u00edtio, de modo a gerar mais desenvolvimento e renda para as comunidades locais.<\/p>\n\n\n\n<p>O assunto foi debatido durante audi\u00eancia p\u00fablica da Comiss\u00e3o de Participa\u00e7\u00e3o Popular da Assembleia Legislativa de Minas Gerais (ALMG), nesta ter\u00e7a-feira (9\/6\/2020).<\/p>\n\n\n\n<p>A principal explica\u00e7\u00e3o dada pelo governo para a escolha de Juiz de Fora tem a ver com a localiza\u00e7\u00e3o geogr\u00e1fica da cidade, isso porque o\u00a0l\u00edtio a ser utilizado na f\u00e1brica vir\u00e1 do Reino Unido, via porto do Rio de Janeiro. As c\u00e9lulas de bateria utilizam o l\u00edtio met\u00e1lico, item que ainda n\u00e3o \u00e9 produzido pela Companhia Brasileira de L\u00edtio (CBL), que explora a mina em Ara\u00e7ua\u00ed, desde o in\u00edcio da d\u00e9cada de 90.<\/p>\n\n\n\n<p><strong>Justificativa<\/strong><\/p>\n\n\n\n<p>Segundo o titular da Secretaria de Estado Adjunta de Desenvolvimento Econ\u00f4mico de Minas Gerais, Fernando Passalio Avelar, transportar o l\u00edtio met\u00e1lico at\u00e9 o Jequitinhonha seria perigoso, da\u00ed a escolha da empresa por Juiz de Fora, que tamb\u00e9m fica pr\u00f3ximo aos principais mercados consumidores, que seriam Rio, S\u00e3o Paulo e Belo Horizonte.<\/p>\n\n\n\n<p>De acordo com Fernando,\u00a0a f\u00e1brica de Juiz de Fora come\u00e7ar\u00e1 suas opera\u00e7\u00f5es em 2023, produzindo 300 mil c\u00e9lulas de bateria por ano e gerando 100 empregos diretos.\u00a0\u00a0<\/p>\n\n\n\n<p>O metal l\u00edtio \u00e9 utilizado em uma variada gama de produtos, na ind\u00fastria farmac\u00eautica, na composi\u00e7\u00e3o de tintas e graxas e at\u00e9 em componentes para usinas fotovoltaicas e nucleares, passado pelas baterias el\u00e9tricas. Segundo especialistas, o mercado \u00e9 ainda mais promissor com o desenvolvimento dos carros el\u00e9tricos. A CBL produz principalmente o carbonato de l\u00edtio e o hidr\u00f3xido de l\u00edtio.<\/p>\n\n\n\n<p>O diretor superintendente da CBL, Vin\u00edcius Alvarenga, explicou que o l\u00edtio met\u00e1lico, que ser\u00e1 usado para as baterias, \u00e9 feito a partir do carbonato de l\u00edtio, mas que o processo para isso \u00e9 bastante complexo. Segundo ele, a tecnologia que a Oxis utilizar\u00e1 ainda est\u00e1 sendo testada. \u201cEstamos\u00a0estudando\u00a0uma forma segura e limpa de produzir aqui o l\u00edtio met\u00e1lico\u201d.<\/p>\n\n\n\n<p>Conforme explicou Vin\u00edcius, o modo como a China desenvolve o l\u00edtio met\u00e1lico, por exemplo, provavelmente n\u00e3o seria permitido aqui no Brasil, porque envolve muitos riscos ambientais. \u201cNos comprometemos a continuar pesquisando para desenvolver tecnologias e riquezas para essa regi\u00e3o\u201d, afirmou. A companhia \u00e9 de origem brasileira e teve uma parte recentemente comprada pela Codemig.<\/p>\n\n\n\n<figure class=\"wp-block-gallery columns-1 is-cropped wp-block-gallery-1 is-layout-flex wp-block-gallery-is-layout-flex\"><ul class=\"blocks-gallery-grid\"><li class=\"blocks-gallery-item\"><figure><img loading=\"lazy\" decoding=\"async\" width=\"640\" height=\"427\" src=\"https:\/\/aconteceunovale.com.br\/portal\/wp-content\/uploads\/2020\/06\/litio_jequi.jpg\" alt=\"\" data-id=\"163813\" data-full-url=\"https:\/\/aconteceunovale.com.br\/portal\/wp-content\/uploads\/2020\/06\/litio_jequi.jpg\" data-link=\"https:\/\/aconteceunovale.com.br\/portal\/?attachment_id=163813\" class=\"wp-image-163813\" srcset=\"https:\/\/aconteceunovale.com.br\/portal\/wp-content\/uploads\/2020\/06\/litio_jequi.jpg 640w, https:\/\/aconteceunovale.com.br\/portal\/wp-content\/uploads\/2020\/06\/litio_jequi-300x200.jpg 300w, https:\/\/aconteceunovale.com.br\/portal\/wp-content\/uploads\/2020\/06\/litio_jequi-630x420.jpg 630w\" sizes=\"auto, (max-width: 640px) 100vw, 640px\" \/><figcaption class=\"blocks-gallery-item__caption\"><em>Diante da explica\u00e7\u00e3o do governo para a escolha de JF para a instala\u00e7\u00e3o da f\u00e1brica, deputados defenderam a\u00e7\u00f5es para o desenvolvimento da regi\u00e3o do Jequitinhonha &#8211; Foto:Willian Dias \/ ALMG<\/em><\/figcaption><\/figure><\/li><\/ul><\/figure>\n\n\n\n<p><strong>L\u00edtio motiva discuss\u00e3o sobre desenvolvimento do Vale<\/strong><\/p>\n\n\n\n<p>A audi\u00eancia foi conduzida pelo presidente da comiss\u00e3o, deputado Doutor Jean Freire (PT), e teve a participa\u00e7\u00e3o presencial e remota de convidados e diversos outros parlamentares. V\u00e1rios deles, como Marquinhos Lemos (PT), Carlos Henrique (Republicanos) e Gustavo Santana (PL) destacaram a necessidade de implementa\u00e7\u00e3o do\u00a0Plano de Desenvolvimento do Vale do Jequitinhonha\u00a0e a urg\u00eancia de rever as a\u00e7\u00f5es do governo na regi\u00e3o.<\/p>\n\n\n\n<p>\u201cH\u00e1 muitos estudos sobre o Vale, agora precisamos de projetos que saiam do papel\u201d, destacou Doutor Jean Freire, que defende a rediscuss\u00e3o de toda a\u00a0cadeia produtiva do l\u00edtio que sai de Ara\u00e7ua\u00ed. Ele destacou, ainda, outras poss\u00edveis fontes de desenvolvimento do Vale como o artesanato e a fruticultura.<\/p>\n\n\n\n<p>O deputado Andr\u00e9 Quint\u00e3o (PT) foi enf\u00e1tico: &#8220;Ouvimos as motiva\u00e7\u00f5es t\u00e9cnicas para a n\u00e3o implementa\u00e7\u00e3o da f\u00e1brica em Ara\u00e7ua\u00ed, mas tem que haver uma a\u00e7\u00e3o do Estado tamb\u00e9m para levar novas oportunidades para o Jequitinhonha. N\u00e3o podemos ficar sempre a merc\u00ea da l\u00f3gica do mercado e do lucro das empresas\u201d.<\/p>\n\n\n\n<p>\u201cSe a dist\u00e2ncia dos grandes centros for um impedimento para a instala\u00e7\u00e3o de empresas, ent\u00e3o o semi-\u00e1rido nunca ter\u00e1 oportunidades de se desenvolver\u201d, questionou a deputada Leninha (PT).&nbsp;<\/p>\n\n\n\n<p>O deputado Guilherme da Cunha e a deputada Laura Serrano, ambos do partido Novo, destacaram as vantagens da instala\u00e7\u00e3o da f\u00e1brica da Oxis em Minas, seja ela em Juiz de Fora ou em qualquer outra regi\u00e3o do Estado. &#8220;O que precisamos fazer \u00e9 discutir as potencialidades regionais e vantagens competitivas de cada regi\u00e3o&#8221;, afirmou Guilherme da Cunha.<\/p>\n\n\n\n<p><strong>Requerimentos<\/strong>&nbsp;&#8211; Ao final da reuni\u00e3o, foram aprovados requerimentos, a maioria do deputado Doutor Jean Freire, propondo realiza\u00e7\u00f5es de audi\u00eancias para aprofundar o debate sobre o tema. Tamb\u00e9m foi aprovado requerimento a ser encaminhado \u00e0 ALMG, propondo a cria\u00e7\u00e3o de Comiss\u00e3o Especial do L\u00edtio Mineiro.<\/p>\n\n\n\n<p>Um dos requerimentos, endere\u00e7ado \u00e0 CBL e \u00e0 Sigma, pede provid\u00eancias para que seja viabilizada parceria de desenvolvimento tecnol\u00f3gico na \u00e1rea de geologia e minera\u00e7\u00e3o com o Instituto Federal do Norte de Minas Gerais (IFNMG) e com a Universidade Federal dos Vales do Jequitinhonha e Mucuri (UFVJM).<\/p>\n\n\n\n<p><strong>Moradores sofrem em regi\u00e3o rica de recursos<\/strong><\/p>\n\n\n\n<p>O professor Adjunto do Curso de Engenharia Geol\u00f3gica da UFVJM, Jos\u00e9 Maria Leal, foi um dos que destacaram&nbsp;a necessidade de investimentos para que a regi\u00e3o avance e se desenvolva.<\/p>\n\n\n\n<p>\u201cNossa regi\u00e3o tamb\u00e9m \u00e9 rica em sil\u00edcio, que pode ser usado em cer\u00e2micas e fibras \u00f3ticas, por exemplo. Nossa universidade tem condi\u00e7\u00f5es de fazer pesquisa para desenvolver tudo isso. Mas onde est\u00e3o os recursos para a pesquisa?\u201d, lamentou. Segundo ele,\u00a0a regi\u00e3o vive um paradigma, porque \u00e9 muito rica em recursos, mas a maioria das pessoas vive na pobreza.<\/p>\n\n\n\n<p>A representante do movimento &#8220;O L\u00edtio \u00e9 do Jequitinhonha&#8221;, Joyce Viana Prates, reivindicou do governo, da CBL e da Minera\u00e7\u00e3o Sigma (que tamb\u00e9m j\u00e1 tem licen\u00e7as para explorar o l\u00edtio na regi\u00e3o) a\u00e7\u00f5es ambientais e socioecon\u00f4micas para ajudar a popula\u00e7\u00e3o do Vale. Ela destacou que as comunidades convivem com riscos ambientais, uma vez que o local onde \u00e9 feita a extra\u00e7\u00e3o de l\u00edtio tamb\u00e9m \u00e9 a regi\u00e3o que abastece o len\u00e7ol fre\u00e1tico, na bacia do rio Ara\u00e7uai.<\/p>\n\n\n\n<p>\u201cMesmo com toda a riqueza natural da regi\u00e3o, continuamos nos sentindo como mendigos sentados em sacos de ouro\u201d, lamentou.\u00a0<\/p>\n\n\n\n<p class=\"has-background has-very-light-gray-background-color\">Quer saber as not\u00edcias do <strong>Aconteceu no Vale<\/strong> em primeira m\u00e3o? Siga-nos no Facebook <a rel=\"noreferrer noopener\" href=\"http:\/\/facebook.com\/aconteceunovale\" target=\"_blank\">@aconteceunovale<\/a>, Twitter <a rel=\"noreferrer noopener\" href=\"https:\/\/twitter.com\/noticiadosvales\" target=\"_blank\">@noticiadosvales<\/a> e Instagram <a rel=\"noreferrer noopener\" href=\"https:\/\/www.instagram.com\/aconteceunovale\" target=\"_blank\">@aconteceunovale<\/a>.<\/p>\n","protected":false},"excerpt":{"rendered":"<p>A f\u00e1brica de\u00a0c\u00e9lulas de baterias de l\u00edtio-enxofre\u00a0da empresa\u00a0Oxis Energy\u00a0ser\u00e1 mesmo instalada em\u00a0Juiz de Fora (Zona da Mata), apesar de a maior\u00a0mina de extra\u00e7\u00e3o de l\u00edtio do Brasil estar em Ara\u00e7ua\u00ed e Itinga, no Vale do Jequitinhonha. Diante do fato, parlamentares, moradores da regi\u00e3o do Vale e especialistas cobram do Governo do Estado investimentos imediatos para [&hellip;]<\/p>\n","protected":false},"author":1,"featured_media":163814,"comment_status":"open","ping_status":"closed","sticky":false,"template":"","format":"standard","meta":{"amp_status":"","footnotes":""},"categories":[123,40240,120],"tags":[752,186,131434,24358,222154,223223,28381,112729,222164,222157,203512,223224,140804,217537,1018,38308,223215,222160,223212,223214,223213,222158,46728,130575,222165,189,223211,223225,206,223217,223221,223220,223210,223209,223208,223226,196066,222159,223216,222155,222163,172972,222162,223222,222166,222156,222161,223218,204800,250,223219],"class_list":["post-163812","post","type-post","status-publish","format-standard","has-post-thumbnail","hentry","category-gerais","category-politica-2","category-jequi","tag-almg","tag-aracuai","tag-assembleia-de-minas","tag-assembleia-legislativa-de-minas-gerais","tag-bateria-de-litio-enxofre","tag-cadeia-produtiva-do-litio-que-sai-de-aracuai","tag-carlos-henrique","tag-cbl","tag-celulas-de-bateria-da-oxis-energy","tag-celulas-de-bateria-de-litio-enxofre","tag-codemge","tag-comissao-especial-do-litio-mineiro","tag-companhia-brasileira-de-litio","tag-companhia-de-desenvolvimento-de-minas-gerais","tag-destaque","tag-doutor-jean-freire","tag-extracao-de-litio-em-aracuai","tag-fabrica-da-oxis-energy-em-minas-gerais","tag-fabrica-de-celulas-de-baterias-de-litio-enxofre","tag-fabrica-de-celulas-de-baterias-de-litio-enxofre-da-oxis-energy","tag-fabrica-de-celulas-de-baterias-de-litio-enxofre-em-juiz-de-fora","tag-fabricacao-de-celulas-de-bateria-de-litio-enxofre","tag-fernando-passalio-avelar","tag-gustavo-santana","tag-huw-hampson-jones","tag-itinga","tag-jequitinhonha-pede-investimentos-para-producao-de-litio-metalico","tag-jose-maria-leal","tag-juiz-de-fora","tag-litio-a-ser-utilizado-na-fabrica-de-juiz-de-fora-vira-do-reino-unido","tag-litio-motiva-discussao-sobre-desenvolvimento-do-jequitinhonha","tag-litio-motiva-discussao-sobre-desenvolvimento-do-vale-do-jequitinhonha","tag-litio-para-fabrica-de-juiz-de-fora","tag-litio-para-fabrica-de-juiz-de-fora-nao-sera-do-jequitinhonha","tag-litio-para-fabrica-de-juiz-de-fora-sera-importado","tag-litio-para-fabrica-de-juiz-de-fora-vira-do-reino-unido","tag-marquinhos-lemos","tag-mercedes-benz","tag-mina-de-litio-em-aracuai","tag-minas-gerais-vai-receber-a-primeira-fabrica-de-celulas-de-bateria-de-litio-enxofre-do-mundo","tag-oxis-brasil","tag-oxis-energy","tag-oxis-energy-minas-gerais","tag-plano-de-desenvolvimento-do-vale-do-jequitinhonha","tag-presidente-da-oxis-energy","tag-primeira-fabrica-de-celulas-de-baterias-de-litio-enxofre-do-mundo","tag-primeira-fabrica-do-mundo-de-fabricacao-de-celulas-de-bateria-de-litio-enxofre","tag-secretaria-de-estado-adjunta-de-desenvolvimento-economico-de-minas-gerais","tag-sigma","tag-ufvjm","tag-vinicius-alvarenga"],"_links":{"self":[{"href":"https:\/\/aconteceunovale.com.br\/portal\/index.php?rest_route=\/wp\/v2\/posts\/163812","targetHints":{"allow":["GET"]}}],"collection":[{"href":"https:\/\/aconteceunovale.com.br\/portal\/index.php?rest_route=\/wp\/v2\/posts"}],"about":[{"href":"https:\/\/aconteceunovale.com.br\/portal\/index.php?rest_route=\/wp\/v2\/types\/post"}],"author":[{"embeddable":true,"href":"https:\/\/aconteceunovale.com.br\/portal\/index.php?rest_route=\/wp\/v2\/users\/1"}],"replies":[{"embeddable":true,"href":"https:\/\/aconteceunovale.com.br\/portal\/index.php?rest_route=%2Fwp%2Fv2%2Fcomments&post=163812"}],"version-history":[{"count":1,"href":"https:\/\/aconteceunovale.com.br\/portal\/index.php?rest_route=\/wp\/v2\/posts\/163812\/revisions"}],"predecessor-version":[{"id":163815,"href":"https:\/\/aconteceunovale.com.br\/portal\/index.php?rest_route=\/wp\/v2\/posts\/163812\/revisions\/163815"}],"wp:featuredmedia":[{"embeddable":true,"href":"https:\/\/aconteceunovale.com.br\/portal\/index.php?rest_route=\/wp\/v2\/media\/163814"}],"wp:attachment":[{"href":"https:\/\/aconteceunovale.com.br\/portal\/index.php?rest_route=%2Fwp%2Fv2%2Fmedia&parent=163812"}],"wp:term":[{"taxonomy":"category","embeddable":true,"href":"https:\/\/aconteceunovale.com.br\/portal\/index.php?rest_route=%2Fwp%2Fv2%2Fcategories&post=163812"},{"taxonomy":"post_tag","embeddable":true,"href":"https:\/\/aconteceunovale.com.br\/portal\/index.php?rest_route=%2Fwp%2Fv2%2Ftags&post=163812"}],"curies":[{"name":"wp","href":"https:\/\/api.w.org\/{rel}","templated":true}]}}