{"id":163809,"date":"2020-06-09T21:00:30","date_gmt":"2020-06-10T00:00:30","guid":{"rendered":"https:\/\/aconteceunovale.com.br\/portal\/?p=163809"},"modified":"2020-06-09T21:00:53","modified_gmt":"2020-06-10T00:00:53","slug":"ipatinga-registra-68-novos-casos-de-covid-19","status":"publish","type":"post","link":"https:\/\/aconteceunovale.com.br\/portal\/?p=163809","title":{"rendered":"Ipatinga registra 68 novos casos de Covid-19"},"content":{"rendered":"\n<p>Conforme n\u00fameros divulgados pela Secretaria de Sa\u00fade de Ipatinga (MG), o munic\u00edpio registrou nesta ter\u00e7a-feira (9\/6\/2020) o maior n\u00famero di\u00e1rio de casos confirmados de Coronav\u00edrus desde que a evolu\u00e7\u00e3o da doen\u00e7a passou a ser acompanhada regularmente por meio de um boletim epidemiol\u00f3gico. Foram 68 pessoas com exames positivados para a Covid-19.<\/p>\n\n\n\n<p>Outros n\u00fameros elevados j\u00e1 haviam sido registrados no s\u00e1bado (6) &#8211; mais 43 confirmados, e na segunda-feira (8) &#8211; mais 32 novos casos.<\/p>\n\n\n\n<p>Normalmente, como apontam os estudos da Organiza\u00e7\u00e3o Mundial da Sa\u00fade (OMS), o per\u00edodo de incuba\u00e7\u00e3o da Covid-19, que se refere ao tempo entre a infec\u00e7\u00e3o do ser humano pelo v\u00edrus e o in\u00edcio dos sintomas da doen\u00e7a, varia de 1 a 14 dias. Em raz\u00e3o disso, \u00e9 importante o isolamento social.<\/p>\n\n\n\n<p>Com os casos positivos desta ter\u00e7a-feira, Ipatinga chega ao total de 576 pessoas contaminadas, sendo que desse total 19 est\u00e3o internados nos hospitais da cidade.<\/p>\n\n\n\n<p>A secret\u00e1ria de Sa\u00fade do munic\u00edpio, \u00c9rica Dias, explica que os n\u00fameros que a cidade tem apresentando agora s\u00e3o reflexo dos \u00faltimos 15 dias.<\/p>\n\n\n\n<p>\u201cNo in\u00edcio do m\u00eas, a Secretaria Estadual de Sa\u00fade divulgou que o Vale do A\u00e7o estava com um alto \u00edndice de contamina\u00e7\u00e3o. E os resultados positivos que est\u00e3o chegando e os que v\u00e3o chegar nos pr\u00f3ximos dias refletem este elevado cont\u00e1gio previsto. Outro fator que vale destacar \u00e9 que o n\u00famero de notifica\u00e7\u00f5es de casos suspeitos tem aumentado diariamente. Estamos com uma m\u00e9dia de mais de 200 registros di\u00e1rios\u201d, explica.<\/p>\n\n\n\n<p>\u00c9rica tamb\u00e9m destaca que o munic\u00edpio tem feito diariamente uma m\u00e9dia 30 testes r\u00e1pidos. A a\u00e7\u00e3o tamb\u00e9m \u00e9 um fator que influencia no aumento de registros de casos positivos.<\/p>\n\n\n\n<p><strong>Confira o boletim de 9\/6\/2020:<\/strong><\/p>\n\n\n\n<figure class=\"wp-block-image size-large\"><img decoding=\"async\" src=\"https:\/\/aconteceu.info\/boletins\/corona_teo_9junho_1.jpeg\" alt=\"\"\/><\/figure>\n\n\n\n<figure class=\"wp-block-image size-large\"><img decoding=\"async\" src=\"https:\/\/aconteceu.info\/boletins\/corona_teo_9junho_2.jpeg\" alt=\"\"\/><\/figure>\n\n\n\n<figure class=\"wp-block-image size-large\"><img decoding=\"async\" src=\"https:\/\/aconteceu.info\/boletins\/corona_teo_9junho_3.jpeg\" alt=\"\"\/><\/figure>\n\n\n\n<p class=\"has-background has-very-light-gray-background-color\">Quer saber as not\u00edcias do <strong>Aconteceu no Vale<\/strong> em primeira m\u00e3o? Siga-nos no Facebook <a rel=\"noreferrer noopener\" href=\"http:\/\/facebook.com\/aconteceunovale\" target=\"_blank\">@aconteceunovale<\/a>, Twitter <a rel=\"noreferrer noopener\" href=\"https:\/\/twitter.com\/noticiadosvales\" target=\"_blank\">@noticiadosvales<\/a> e Instagram <a rel=\"noreferrer noopener\" href=\"https:\/\/www.instagram.com\/aconteceunovale\" target=\"_blank\">@aconteceunovale<\/a>.<\/p>\n","protected":false},"excerpt":{"rendered":"<p>Conforme n\u00fameros divulgados pela Secretaria de Sa\u00fade de Ipatinga (MG), o munic\u00edpio registrou nesta ter\u00e7a-feira (9\/6\/2020) o maior n\u00famero di\u00e1rio de casos confirmados de Coronav\u00edrus desde que a evolu\u00e7\u00e3o da doen\u00e7a passou a ser acompanhada regularmente por meio de um boletim epidemiol\u00f3gico. Foram 68 pessoas com exames positivados para a Covid-19. Outros n\u00fameros elevados j\u00e1 [&hellip;]<\/p>\n","protected":false},"author":1,"featured_media":163810,"comment_status":"open","ping_status":"closed","sticky":false,"template":"","format":"standard","meta":{"amp_status":"","footnotes":""},"categories":[121,40242],"tags":[222294,222296,214884,217741,223138,216498,222878,222972,1018,222975,223135,223136,223134,201,223028,222974,222596,222641,223207,222754,222370,222849,223078,222917,223137,222369,222368,46322,222852,223133,222295,222417,223029,223027,222973],"class_list":["post-163809","post","type-post","status-publish","format-standard","has-post-thumbnail","hentry","category-leste","category-saude-2","tag-casos-confirmados-de-coronavirus-em-ipatinga","tag-casos-confirmados-de-covid-19-em-ipatinga","tag-coronavirus","tag-coronavirus-em-ipatinga","tag-coronavirus-em-ipatinga-numero-de-casos-confirmados-passa-de-500","tag-covid-19","tag-covid-19-ipatinga-tem-319-casos-confirmados-e-4-obitos","tag-covid-19-prefeitura-de-ipatinga-confirma-mais-30-casos-e-dois-obitos","tag-destaque","tag-equipe-do-ibope-realiza-segunda-fase-de-pesquisa-sobre-coronavirus-em-ipatinga","tag-hospital-de-campanha-em-ipatinga","tag-hospital-de-retaguarda-em-ipatinga","tag-hospital-de-retaguarda-ja-esta-instalado-em-ipatinga","tag-ipatinga","tag-ipatinga-atinge-100-da-taxa-de-ocupacao-de-leitos-uti-covid-19-sus","tag-ipatinga-ativa-barreiras-sanitarias","tag-ipatinga-chega-a-200-casos-de-covid-19","tag-ipatinga-confirma-mais-dois-obitos-por-covid-19","tag-ipatinga-registra-68-novos-casos-de-covid-19","tag-ipatinga-registra-mais-29-casos-de-covid-19","tag-ipatinga-registra-o-primeiro-obito-por-covid-19","tag-ipatinga-registra-o-quarto-obito-por-covid-19","tag-ipatinga-tem-476-casos-de-covid-19-249-pacientes-estao-recuperados-e-nove-morreram","tag-numero-de-casos-confirmados-de-covid-19-em-ipatinga-chega-a-340","tag-numero-de-casos-confirmados-de-covid-19-passa-de-500-em-ipatinga","tag-obito-por-coronavirus-em-ipatinga","tag-obito-por-covid-19-em-ipatinga","tag-prefeitura-de-ipatinga","tag-prefeitura-de-ipatinga-confirma-mais-27-casos-de-covid-19","tag-prefeitura-de-ipatinga-confirma-mais-duas-mortes-por-covid-19","tag-sobe-para-102-o-numero-de-casos-confirmados-de-covid-19-em-ipatinga","tag-sobe-para-149-o-numero-de-casos-confirmados-de-coronavirus-em-ipatinga","tag-sobe-para-oito-o-numero-de-mortes-por-covid-19-em-ipatinga","tag-sobem-para-oito-os-obitos-por-covid-19-em-ipatinga","tag-sobem-para-seis-os-obitos-por-covid-19-em-ipatinga"],"_links":{"self":[{"href":"https:\/\/aconteceunovale.com.br\/portal\/index.php?rest_route=\/wp\/v2\/posts\/163809","targetHints":{"allow":["GET"]}}],"collection":[{"href":"https:\/\/aconteceunovale.com.br\/portal\/index.php?rest_route=\/wp\/v2\/posts"}],"about":[{"href":"https:\/\/aconteceunovale.com.br\/portal\/index.php?rest_route=\/wp\/v2\/types\/post"}],"author":[{"embeddable":true,"href":"https:\/\/aconteceunovale.com.br\/portal\/index.php?rest_route=\/wp\/v2\/users\/1"}],"replies":[{"embeddable":true,"href":"https:\/\/aconteceunovale.com.br\/portal\/index.php?rest_route=%2Fwp%2Fv2%2Fcomments&post=163809"}],"version-history":[{"count":1,"href":"https:\/\/aconteceunovale.com.br\/portal\/index.php?rest_route=\/wp\/v2\/posts\/163809\/revisions"}],"predecessor-version":[{"id":163811,"href":"https:\/\/aconteceunovale.com.br\/portal\/index.php?rest_route=\/wp\/v2\/posts\/163809\/revisions\/163811"}],"wp:featuredmedia":[{"embeddable":true,"href":"https:\/\/aconteceunovale.com.br\/portal\/index.php?rest_route=\/wp\/v2\/media\/163810"}],"wp:attachment":[{"href":"https:\/\/aconteceunovale.com.br\/portal\/index.php?rest_route=%2Fwp%2Fv2%2Fmedia&parent=163809"}],"wp:term":[{"taxonomy":"category","embeddable":true,"href":"https:\/\/aconteceunovale.com.br\/portal\/index.php?rest_route=%2Fwp%2Fv2%2Fcategories&post=163809"},{"taxonomy":"post_tag","embeddable":true,"href":"https:\/\/aconteceunovale.com.br\/portal\/index.php?rest_route=%2Fwp%2Fv2%2Ftags&post=163809"}],"curies":[{"name":"wp","href":"https:\/\/api.w.org\/{rel}","templated":true}]}}