{"id":163803,"date":"2020-06-09T20:36:57","date_gmt":"2020-06-09T23:36:57","guid":{"rendered":"https:\/\/aconteceunovale.com.br\/portal\/?p=163803"},"modified":"2020-06-09T20:37:22","modified_gmt":"2020-06-09T23:37:22","slug":"covid-19-brasil-tem-mais-1-272-mortes-e-32-091-casos-confirmados","status":"publish","type":"post","link":"https:\/\/aconteceunovale.com.br\/portal\/?p=163803","title":{"rendered":"Covid-19: Brasil tem mais 1.272 mortes e 32.091 casos confirmados"},"content":{"rendered":"\n<p>Balan\u00e7o do Minist\u00e9rio da Sa\u00fade divulgado nesta ter\u00e7a-feira (9\/6\/2020) aponta&nbsp;1.272 novas mortes e 32.091 novos casos de covid-19 nas \u00faltimas 24 horas. Com esses acr\u00e9scimos \u00e0s estat\u00edsticas, o pa\u00eds chegou a 38.406 \u00f3bitos em fun\u00e7\u00e3o da pandemia do novo coronav\u00edrus e 739.503 pessoas infectadas.<\/p>\n\n\n\n<p>O balan\u00e7o traz um aumento de 4,5% no n\u00famero de casos em rela\u00e7\u00e3o a&nbsp;ontem (8), quando o total estava em 707.412. J\u00e1 as mortes aumentaram 2,4% em compara\u00e7\u00e3o com o dado de segunda-feira, quando foram contabilizadas 37.134.<\/p>\n\n\n\n<p>A taxa de letalidade (n\u00famero de mortes pela quantidade de casos confirmados) ficou em 5,2%. A taxa de mortalidade (falecimentos por 100.000 habitantes) foi de 18,3. E a taxa de incid\u00eancia (casos confirmados por 100.000 habitantes) correspondeu a 351,9.<\/p>\n\n\n\n<p>De acordo com o Minist\u00e9rio da Sa\u00fade, 311.064 pacientes foram recuperados e&nbsp;390.033 est\u00e3o em acompanhamento.&nbsp;<\/p>\n\n\n\n<p>Os estados com maior n\u00famero de \u00f3bitos s\u00e3o S\u00e3o Paulo (9.522), Rio&nbsp;de Janeiro&nbsp;(6.928), Cear\u00e1 (4.309), Par\u00e1 (3.853) e Pernambuco (3.453). Tamb\u00e9m apresentam altos \u00edndices de mortes em fun\u00e7\u00e3o da pandemia Amazonas (2.315), Maranh\u00e3o (1.285), Bahia (937), Esp\u00edrito Santo (904), Alagoas (640) e Minas Gerais (399).<\/p>\n\n\n\n<p>Os estados com mais casos confirmados de covid-19 s\u00e3o S\u00e3o Paulo (150.138), Rio&nbsp;de Janeiro&nbsp;(72.979), Cear\u00e1 (68.384), Par\u00e1 (59.148) e Maranh\u00e3o (52.069).<\/p>\n\n\n\n<p>Os dados divulgados pelo\u00a0Conselho Nacional de Secretarias Estaduais de Sa\u00fade (Conass) coincidem com informa\u00e7\u00f5es\u00a0apresentadas pelo Minist\u00e9rio da Sa\u00fade.\u00a0<\/p>\n\n\n\n<figure class=\"wp-block-gallery columns-1 is-cropped wp-block-gallery-1 is-layout-flex wp-block-gallery-is-layout-flex\"><ul class=\"blocks-gallery-grid\"><li class=\"blocks-gallery-item\"><figure><img loading=\"lazy\" decoding=\"async\" width=\"754\" height=\"422\" src=\"https:\/\/aconteceunovale.com.br\/portal\/wp-content\/uploads\/2020\/06\/corona_br_9junho.jpeg\" alt=\"\" data-id=\"163804\" data-full-url=\"https:\/\/aconteceunovale.com.br\/portal\/wp-content\/uploads\/2020\/06\/corona_br_9junho.jpeg\" data-link=\"https:\/\/aconteceunovale.com.br\/portal\/?attachment_id=163804\" class=\"wp-image-163804\" srcset=\"https:\/\/aconteceunovale.com.br\/portal\/wp-content\/uploads\/2020\/06\/corona_br_9junho.jpeg 754w, https:\/\/aconteceunovale.com.br\/portal\/wp-content\/uploads\/2020\/06\/corona_br_9junho-300x168.jpeg 300w, https:\/\/aconteceunovale.com.br\/portal\/wp-content\/uploads\/2020\/06\/corona_br_9junho-696x390.jpeg 696w, https:\/\/aconteceunovale.com.br\/portal\/wp-content\/uploads\/2020\/06\/corona_br_9junho-750x420.jpeg 750w\" sizes=\"auto, (max-width: 754px) 100vw, 754px\" \/><\/figure><\/li><\/ul><\/figure>\n\n\n\n<p class=\"has-background has-very-light-gray-background-color\">Quer saber as not\u00edcias do <strong>Aconteceu no Vale<\/strong> em primeira m\u00e3o? Siga-nos no Facebook <a rel=\"noreferrer noopener\" href=\"http:\/\/facebook.com\/aconteceunovale\" target=\"_blank\">@aconteceunovale<\/a>, Twitter <a rel=\"noreferrer noopener\" href=\"https:\/\/twitter.com\/noticiadosvales\" target=\"_blank\">@noticiadosvales<\/a> e Instagram <a rel=\"noreferrer noopener\" href=\"https:\/\/www.instagram.com\/aconteceunovale\" target=\"_blank\">@aconteceunovale<\/a>.<\/p>\n","protected":false},"excerpt":{"rendered":"<p>Balan\u00e7o do Minist\u00e9rio da Sa\u00fade divulgado nesta ter\u00e7a-feira (9\/6\/2020) aponta&nbsp;1.272 novas mortes e 32.091 novos casos de covid-19 nas \u00faltimas 24 horas. Com esses acr\u00e9scimos \u00e0s estat\u00edsticas, o pa\u00eds chegou a 38.406 \u00f3bitos em fun\u00e7\u00e3o da pandemia do novo coronav\u00edrus e 739.503 pessoas infectadas. O balan\u00e7o traz um aumento de 4,5% no n\u00famero de casos [&hellip;]<\/p>\n","protected":false},"author":1,"featured_media":163804,"comment_status":"open","ping_status":"closed","sticky":false,"template":"","format":"standard","meta":{"amp_status":"","footnotes":""},"categories":[6,40242],"tags":[4785,220477,220660,219520,218049,218205,214884,215394,216498,218043,223205,19326,220349,218044,218045,215653,218206,219105,219104,218876,219519,140166,217692,220478,220479,220944,220945],"class_list":["post-163803","post","type-post","status-publish","format-standard","has-post-thumbnail","hentry","category-br","category-saude-2","tag-brasil","tag-brasil-bate-recorde-de-obitos-e-casos-confirmados-em-um-dia","tag-brasil-ultrapassa-marca-de-4-mil-obitos-por-covid-19","tag-casos-confirmados-e-obitos-no-brasil","tag-casos-de-coronavirus-no-brasil","tag-casos-de-covid-19-no-brasil","tag-coronavirus","tag-coronavirus-no-brasil","tag-covid-19","tag-covid-19-no-brasil","tag-covid-19-brasil-tem-mais-1-272-mortes-e-32-091-casos-confirmados","tag-ministerio-da-saude","tag-ministerio-da-saude-atualiza-numeros-do-coronavirus-no-brasil","tag-mortes-por-coronavirus-no-brasil","tag-mortes-por-covid-19-no-brasil","tag-novo-coronavirus","tag-numero-de-casos-de-covid-19-confirmados-no-brasil","tag-numeros-da-covid-19-no-brasil","tag-numeros-do-coronavirus-no-brasil","tag-obitos-por-coronavirus-no-brasil","tag-obitos-por-covid-19-no-brasil","tag-pandemia","tag-pandemia-de-coronavirus","tag-recorde-de-obitos-por-coronavirus-no-brasil","tag-recorde-de-obitos-por-covid-19-no-brasil","tag-virus-vai-atingir-70-da-populacao","tag-virus-vai-atingir-70-da-populacao-diz-jair-bolsonaro"],"_links":{"self":[{"href":"https:\/\/aconteceunovale.com.br\/portal\/index.php?rest_route=\/wp\/v2\/posts\/163803","targetHints":{"allow":["GET"]}}],"collection":[{"href":"https:\/\/aconteceunovale.com.br\/portal\/index.php?rest_route=\/wp\/v2\/posts"}],"about":[{"href":"https:\/\/aconteceunovale.com.br\/portal\/index.php?rest_route=\/wp\/v2\/types\/post"}],"author":[{"embeddable":true,"href":"https:\/\/aconteceunovale.com.br\/portal\/index.php?rest_route=\/wp\/v2\/users\/1"}],"replies":[{"embeddable":true,"href":"https:\/\/aconteceunovale.com.br\/portal\/index.php?rest_route=%2Fwp%2Fv2%2Fcomments&post=163803"}],"version-history":[{"count":1,"href":"https:\/\/aconteceunovale.com.br\/portal\/index.php?rest_route=\/wp\/v2\/posts\/163803\/revisions"}],"predecessor-version":[{"id":163805,"href":"https:\/\/aconteceunovale.com.br\/portal\/index.php?rest_route=\/wp\/v2\/posts\/163803\/revisions\/163805"}],"wp:featuredmedia":[{"embeddable":true,"href":"https:\/\/aconteceunovale.com.br\/portal\/index.php?rest_route=\/wp\/v2\/media\/163804"}],"wp:attachment":[{"href":"https:\/\/aconteceunovale.com.br\/portal\/index.php?rest_route=%2Fwp%2Fv2%2Fmedia&parent=163803"}],"wp:term":[{"taxonomy":"category","embeddable":true,"href":"https:\/\/aconteceunovale.com.br\/portal\/index.php?rest_route=%2Fwp%2Fv2%2Fcategories&post=163803"},{"taxonomy":"post_tag","embeddable":true,"href":"https:\/\/aconteceunovale.com.br\/portal\/index.php?rest_route=%2Fwp%2Fv2%2Ftags&post=163803"}],"curies":[{"name":"wp","href":"https:\/\/api.w.org\/{rel}","templated":true}]}}