{"id":163798,"date":"2020-06-09T20:09:36","date_gmt":"2020-06-09T23:09:36","guid":{"rendered":"https:\/\/aconteceunovale.com.br\/portal\/?p=163798"},"modified":"2020-06-09T20:09:45","modified_gmt":"2020-06-09T23:09:45","slug":"governo-de-minas-gerais-anuncia-primeira-parcela-do-salario-dos-servidores-e-quitacao-integral-para-saude-e-seguranca","status":"publish","type":"post","link":"https:\/\/aconteceunovale.com.br\/portal\/?p=163798","title":{"rendered":"Governo de Minas Gerais anuncia primeira parcela do sal\u00e1rio dos servidores e quita\u00e7\u00e3o integral para Sa\u00fade e Seguran\u00e7a"},"content":{"rendered":"\n<p>Os servidores das \u00e1reas de Sa\u00fade e de Seguran\u00e7a P\u00fablica do Estado de Minas Gerais receber\u00e3o o sal\u00e1rio referente ao m\u00eas de maio integralmente na pr\u00f3xima segunda-feira (15\/6\/2020). A medida, anunciada pelo\u00a0Governo de Minas\u00a0nesta ter\u00e7a-feira (9\/6), contempla os profissionais da linha de frente do combate ao coronav\u00edrus nos 853 munic\u00edpios mineiros.<\/p>\n\n\n\n<p>Na mesma data, ser\u00e1 realizado tamb\u00e9m o pagamento da primeira parcela do sal\u00e1rio dos servidores estaduais das demais categorias no valor de R$ 2 mil.<\/p>\n\n\n\n<p><em>&#8220;O pagamento ser\u00e1 poss\u00edvel em raz\u00e3o da libera\u00e7\u00e3o, tamb\u00e9m nesta ter\u00e7a-feira, da primeira parcela do aux\u00edlio emergencial repassado pela Uni\u00e3o a estados e munic\u00edpios, para compensar perdas de arrecada\u00e7\u00e3o e gastos extras com Sa\u00fade por causa da pandemia do coronav\u00edrus&#8221;<\/em>, diz nota do governo.<\/p>\n\n\n\n<p><em>&#8220;A quita\u00e7\u00e3o do sal\u00e1rio de todo o funcionalismo \u00e9 prioridade para o Governo de Minas. A crise desencadeada pela covid-19 tem impactado negativamente na arrecada\u00e7\u00e3o do Estado, mas o governo estadual segue acompanhando o fluxo de caixa e anunciar\u00e1 a data do pagamento da segunda parcela assim que poss\u00edvel&#8221;<\/em>, finaliza.<\/p>\n\n\n\n<p class=\"has-background has-very-light-gray-background-color\">Quer saber as not\u00edcias do <strong>Aconteceu no Vale<\/strong> em primeira m\u00e3o? Siga-nos no Facebook <a rel=\"noreferrer noopener\" href=\"http:\/\/facebook.com\/aconteceunovale\" target=\"_blank\">@aconteceunovale<\/a>, Twitter <a rel=\"noreferrer noopener\" href=\"https:\/\/twitter.com\/noticiadosvales\" target=\"_blank\">@noticiadosvales<\/a> e Instagram <a rel=\"noreferrer noopener\" href=\"https:\/\/www.instagram.com\/aconteceunovale\" target=\"_blank\">@aconteceunovale<\/a>.<\/p>\n","protected":false},"excerpt":{"rendered":"<p>Os servidores das \u00e1reas de Sa\u00fade e de Seguran\u00e7a P\u00fablica do Estado de Minas Gerais receber\u00e3o o sal\u00e1rio referente ao m\u00eas de maio integralmente na pr\u00f3xima segunda-feira (15\/6\/2020). A medida, anunciada pelo\u00a0Governo de Minas\u00a0nesta ter\u00e7a-feira (9\/6), contempla os profissionais da linha de frente do combate ao coronav\u00edrus nos 853 munic\u00edpios mineiros. Na mesma data, ser\u00e1 [&hellip;]<\/p>\n","protected":false},"author":1,"featured_media":147968,"comment_status":"open","ping_status":"closed","sticky":false,"template":"","format":"standard","meta":{"amp_status":"","footnotes":""},"categories":[123,40240],"tags":[222086,201492,201493,179027,179026,201494,223201,201491,201495,51191,222083,223200,201496,165569,223202,177628,201498,201497,223203],"class_list":["post-163798","post","type-post","status-publish","format-standard","has-post-thumbnail","hentry","category-gerais","category-politica-2","tag-13o-de-2019-governo-de-minas","tag-escala-de-pagamento-do-mes-de-maio-para-os-servidores-publicos","tag-escala-de-pagamento-do-mes-de-maio-para-os-servidores-publicos-de-minas-gerais","tag-escala-de-pagamento-governo-de-minas-gerais","tag-escala-governo-de-minas-gerais","tag-governo-de-minas-anuncia-escala-de-pagamento-para-maio","tag-governo-de-minas-anuncia-escala-de-pagamento-para-maio-e-quitacao-integral-do-13o-de-2018","tag-governo-de-minas-anuncia-escala-de-pagamento-para-o-mes-de-maio","tag-governo-de-minas-divulga-a-escala-de-pagamento-do-mes-de-maio","tag-governo-de-minas-gerais","tag-governo-de-minas-gerais-anuncia-escala-de-pagamento-para-servidores","tag-governo-de-minas-gerais-anuncia-primeira-parcela-do-salario-de-maio-dos-servidores-e-quitacao-integral-para-saude-e-seguranca","tag-governo-de-minas-gerais-divulga-escala-de-pagamento-de-maio-aos-servidores","tag-pagamento-13o-governo-de-minas","tag-pagamento-do-salario-de-maio-do-governo-de-minas","tag-pagamento-governo-de-minas-gerais","tag-pagamento-governo-de-minas-maio","tag-pagamento-maio-governo-de-minas","tag-salario-de-maio-governo-de-minas"],"_links":{"self":[{"href":"https:\/\/aconteceunovale.com.br\/portal\/index.php?rest_route=\/wp\/v2\/posts\/163798","targetHints":{"allow":["GET"]}}],"collection":[{"href":"https:\/\/aconteceunovale.com.br\/portal\/index.php?rest_route=\/wp\/v2\/posts"}],"about":[{"href":"https:\/\/aconteceunovale.com.br\/portal\/index.php?rest_route=\/wp\/v2\/types\/post"}],"author":[{"embeddable":true,"href":"https:\/\/aconteceunovale.com.br\/portal\/index.php?rest_route=\/wp\/v2\/users\/1"}],"replies":[{"embeddable":true,"href":"https:\/\/aconteceunovale.com.br\/portal\/index.php?rest_route=%2Fwp%2Fv2%2Fcomments&post=163798"}],"version-history":[{"count":1,"href":"https:\/\/aconteceunovale.com.br\/portal\/index.php?rest_route=\/wp\/v2\/posts\/163798\/revisions"}],"predecessor-version":[{"id":163799,"href":"https:\/\/aconteceunovale.com.br\/portal\/index.php?rest_route=\/wp\/v2\/posts\/163798\/revisions\/163799"}],"wp:featuredmedia":[{"embeddable":true,"href":"https:\/\/aconteceunovale.com.br\/portal\/index.php?rest_route=\/wp\/v2\/media\/147968"}],"wp:attachment":[{"href":"https:\/\/aconteceunovale.com.br\/portal\/index.php?rest_route=%2Fwp%2Fv2%2Fmedia&parent=163798"}],"wp:term":[{"taxonomy":"category","embeddable":true,"href":"https:\/\/aconteceunovale.com.br\/portal\/index.php?rest_route=%2Fwp%2Fv2%2Fcategories&post=163798"},{"taxonomy":"post_tag","embeddable":true,"href":"https:\/\/aconteceunovale.com.br\/portal\/index.php?rest_route=%2Fwp%2Fv2%2Ftags&post=163798"}],"curies":[{"name":"wp","href":"https:\/\/api.w.org\/{rel}","templated":true}]}}