{"id":163793,"date":"2020-06-09T16:27:17","date_gmt":"2020-06-09T19:27:17","guid":{"rendered":"https:\/\/aconteceunovale.com.br\/portal\/?p=163793"},"modified":"2020-06-09T16:27:29","modified_gmt":"2020-06-09T19:27:29","slug":"governo-vai-criar-programa-de-renda-minima-apos-a-pandemia-diz-ministro-paulo-guedes","status":"publish","type":"post","link":"https:\/\/aconteceunovale.com.br\/portal\/?p=163793","title":{"rendered":"Governo vai criar programa de renda m\u00ednima ap\u00f3s a pandemia, diz ministro Paulo Guedes"},"content":{"rendered":"\n<p>O ministro da Economia, Paulo Guedes, anunciou hoje (9\/6\/2020) que o governo federal criar\u00e1 um programa de renda m\u00ednima permanente, ap\u00f3s a pandemia do novo coronav\u00edrus (covid-19), batizado de Renda Brasil. O ministro disse ainda que ser\u00e1 criado um programa para gera\u00e7\u00e3o de empregos formais, com a retomada do projeto Carteira Verde e Amarela.\u00a0<\/p>\n\n\n\n<p>\u201cAprendemos durante toda essa crise que havia 38 milh\u00f5es de brasileiros invis\u00edveis e que tamb\u00e9m merecem ser inclu\u00eddos no mercado de trabalho\u201d, disse Guedes durante reuni\u00e3o ministerial coordenada pelo presidente Jair Bolsonaro.<\/p>\n\n\n\n<p>De acordo com o ministro, haver\u00e1 a unifica\u00e7\u00e3o de v\u00e1rios programas sociais para a cria\u00e7\u00e3o do Renda Brasil, que deve incluir os 38 milh\u00f5es de benefici\u00e1rios do aux\u00edlio emergencial, de tr\u00eas parcelas de R$ 600, pago em raz\u00e3o da pandemia da covid-19.<\/p>\n\n\n\n<p>J\u00e1 com o programa Carteira Verde e Amarela, umas das bandeiras de campanha de Bolsonaro, o governo pretende flexibilizar direitos trabalhistas como forma de facilitar novas contrata\u00e7\u00f5es. \u201cH\u00e1 regimes onde t\u00eam muitos direitos e pouqu\u00edssimos empregos e h\u00e1 40 milh\u00f5es de brasileiros andando pelas ruas sem carteira assinada. S\u00f3 que agora n\u00f3s sabemos quem eles s\u00e3o e vamos formalizar esse pessoal todo\u201d, ressaltou o ministro Guedes.<\/p>\n\n\n\n<p>Em novembro de 2019, o governo editou a Medida Provis\u00f3ria n\u00ba 905, que criou o Contrato de Trabalho Verde e Amarelo, para facilitar a contrata\u00e7\u00e3o de jovens entre 18 a 29 anos, mas ela perdeu a validade antes de ser aprovada pelo Congresso, em abril deste ano.<\/p>\n\n\n\n<p>O ministro Paulo Guedes confirmou ainda que o aux\u00edlio emergencial ser\u00e1 prorrogado por mais dois meses,\u00a0conforme j\u00e1 havia sido anunciado por Bolsonaro\u00a0e que, durante esse tempo, o setor produtivo pode se preparar para retomar as atividades, com a ado\u00e7\u00e3o de protocolos de seguran\u00e7a. \u201cE depois [a economia] entra em fase de decolar novamente, atravessando as duas ondas [da pandemia e do desemprego]\u201d, disse Guedes.<\/p>\n\n\n\n<p class=\"has-background has-very-light-gray-background-color\">Quer saber as not\u00edcias do <strong>Aconteceu no Vale<\/strong> em primeira m\u00e3o? Siga-nos no Facebook <a rel=\"noreferrer noopener\" href=\"http:\/\/facebook.com\/aconteceunovale\" target=\"_blank\">@aconteceunovale<\/a>, Twitter <a rel=\"noreferrer noopener\" href=\"https:\/\/twitter.com\/noticiadosvales\" target=\"_blank\">@noticiadosvales<\/a> e Instagram <a rel=\"noreferrer noopener\" href=\"https:\/\/www.instagram.com\/aconteceunovale\" target=\"_blank\">@aconteceunovale<\/a>.<\/p>\n","protected":false},"excerpt":{"rendered":"<p>O ministro da Economia, Paulo Guedes, anunciou hoje (9\/6\/2020) que o governo federal criar\u00e1 um programa de renda m\u00ednima permanente, ap\u00f3s a pandemia do novo coronav\u00edrus (covid-19), batizado de Renda Brasil. O ministro disse ainda que ser\u00e1 criado um programa para gera\u00e7\u00e3o de empregos formais, com a retomada do projeto Carteira Verde e Amarela.\u00a0 \u201cAprendemos [&hellip;]<\/p>\n","protected":false},"author":1,"featured_media":103762,"comment_status":"open","ping_status":"closed","sticky":false,"template":"","format":"standard","meta":{"amp_status":"","footnotes":""},"categories":[6,40239],"tags":[219383,222223,23072,28214,222206,222205,223191,223193,222204,1018,223195,223182,184661,222221,220231,219822,17364,223180,223194,223190,223181,223192,222222,220799,220232],"class_list":["post-163793","post","type-post","status-publish","format-standard","has-post-thumbnail","hentry","category-br","category-economia-2","tag-auxilio-emergencial","tag-auxilio-emergencial-for-negado","tag-caixa","tag-caixa-economica-federal","tag-caixa-pagou-ate-este-sabado-r-60-bilhoes-em-auxilio-emergencial","tag-calendario-do-auxilio-emergencial","tag-carteira-verde-e-amarela","tag-criacao-do-programa-renda-brasil","tag-cronograma-do-auxilio-emergencial","tag-destaque","tag-governo-vai-criar-programa-de-renda-minima-apos-a-pandemia","tag-mais-duas-parcelas-no-auxilio-emergencial","tag-ministerio-da-economia","tag-o-que-fazer-auxilio-emergencial-for-negado","tag-pagamento-da-segunda-parcela-do-auxilio-emergencial","tag-pagamento-do-auxilio-emergencial","tag-paulo-guedes","tag-paulo-guedes-confirma-prorrogacao-do-auxilio-emergencial-por-dois-meses","tag-programa-de-renda-minima-permanente","tag-programas-sociais-do-governo-bolsonaro","tag-prorrogacao-do-auxilio-emergencial","tag-renda-brasil","tag-saiba-o-que-fazer-se-o-auxilio-emergencial-for-negado","tag-saque-do-auxilio-emergencial","tag-segunda-parcela-do-auxilio-emergencial"],"_links":{"self":[{"href":"https:\/\/aconteceunovale.com.br\/portal\/index.php?rest_route=\/wp\/v2\/posts\/163793","targetHints":{"allow":["GET"]}}],"collection":[{"href":"https:\/\/aconteceunovale.com.br\/portal\/index.php?rest_route=\/wp\/v2\/posts"}],"about":[{"href":"https:\/\/aconteceunovale.com.br\/portal\/index.php?rest_route=\/wp\/v2\/types\/post"}],"author":[{"embeddable":true,"href":"https:\/\/aconteceunovale.com.br\/portal\/index.php?rest_route=\/wp\/v2\/users\/1"}],"replies":[{"embeddable":true,"href":"https:\/\/aconteceunovale.com.br\/portal\/index.php?rest_route=%2Fwp%2Fv2%2Fcomments&post=163793"}],"version-history":[{"count":1,"href":"https:\/\/aconteceunovale.com.br\/portal\/index.php?rest_route=\/wp\/v2\/posts\/163793\/revisions"}],"predecessor-version":[{"id":163794,"href":"https:\/\/aconteceunovale.com.br\/portal\/index.php?rest_route=\/wp\/v2\/posts\/163793\/revisions\/163794"}],"wp:featuredmedia":[{"embeddable":true,"href":"https:\/\/aconteceunovale.com.br\/portal\/index.php?rest_route=\/wp\/v2\/media\/103762"}],"wp:attachment":[{"href":"https:\/\/aconteceunovale.com.br\/portal\/index.php?rest_route=%2Fwp%2Fv2%2Fmedia&parent=163793"}],"wp:term":[{"taxonomy":"category","embeddable":true,"href":"https:\/\/aconteceunovale.com.br\/portal\/index.php?rest_route=%2Fwp%2Fv2%2Fcategories&post=163793"},{"taxonomy":"post_tag","embeddable":true,"href":"https:\/\/aconteceunovale.com.br\/portal\/index.php?rest_route=%2Fwp%2Fv2%2Ftags&post=163793"}],"curies":[{"name":"wp","href":"https:\/\/api.w.org\/{rel}","templated":true}]}}