{"id":163768,"date":"2020-06-09T11:38:40","date_gmt":"2020-06-09T14:38:40","guid":{"rendered":"https:\/\/aconteceunovale.com.br\/portal\/?p=163768"},"modified":"2020-06-09T11:39:12","modified_gmt":"2020-06-09T14:39:12","slug":"secretaria-de-saude-de-minas-gerais-atualiza-informacoes-sobre-o-coronavirus-2","status":"publish","type":"post","link":"https:\/\/aconteceunovale.com.br\/portal\/?p=163768","title":{"rendered":"Secretaria de Sa\u00fade de Minas Gerais atualiza informa\u00e7\u00f5es sobre o coronav\u00edrus"},"content":{"rendered":"\n<p>Minas Gerais chegou a 16.102 casos confirmados de Covid-19. As informa\u00e7\u00f5es s\u00e3o do Boletim Epidemiol\u00f3gico sobre a pandemia do novo coronav\u00edrus, da Secretaria de Estado de Sa\u00fade (SES-MG), atualizado na manh\u00e3 desta ter\u00e7a-feira (9\/6\/2020). O n\u00famero de \u00f3bitos causados pela doen\u00e7a subiu de 380 para 399.<\/p>\n\n\n\n<p>Nas \u00faltimas 24h, segundo o boletim, foram contabilizados 219 casos de pessoas infectadas com a doen\u00e7a. J\u00e1 os 19 novos \u00f3bitos s\u00e3o de Uberl\u00e2ndia (3), Formoso, Ipatinga (3), Po\u00e7os de Caldas, Betim (3), S\u00e3o Louren\u00e7o, Santa Cruz de Minas, Belo Horizonte (3), Capit\u00f3lio, Carmo do Rio Claro e Outros Estados (1).<\/p>\n\n\n\n<p>Do total de casos confirmados, 8.340 est\u00e3o em acompanhamento (2.210 internados) e 7.363 se recuperaram da doen\u00e7a. A taxa de letalidade ficou em 2,5%.<\/p>\n\n\n\n<p><strong>Confira os relat\u00f3rios da SES-MG:<\/strong><\/p>\n\n\n\n<div class=\"wp-block-file\"><a href=\"https:\/\/aconteceunovale.com.br\/portal\/wp-content\/uploads\/2020\/06\/casos_corona_mg_9junho.pdf\">&#8211; Casos confirmados at\u00e9 9\/6\/2020<\/a><a href=\"https:\/\/aconteceunovale.com.br\/portal\/wp-content\/uploads\/2020\/06\/casos_corona_mg_9junho.pdf\" class=\"wp-block-file__button\" download>Baixar<\/a><\/div>\n\n\n\n<div class=\"wp-block-file\"><a href=\"https:\/\/aconteceunovale.com.br\/portal\/wp-content\/uploads\/2020\/06\/obitos_corona_mg_9junho.pdf\">&#8211; \u00d3bitos confirmados at\u00e9 9\/6\/2020<\/a><a href=\"https:\/\/aconteceunovale.com.br\/portal\/wp-content\/uploads\/2020\/06\/obitos_corona_mg_9junho.pdf\" class=\"wp-block-file__button\" download>Baixar<\/a><\/div>\n\n\n\n<p>&#8211; <a rel=\"noreferrer noopener\" href=\"http:\/\/aconteceunovale.com.br\/portal\/?p=159949\" target=\"_blank\">Distribui\u00e7\u00e3o geogr\u00e1fica dos casos (clique aqui)<\/a><\/p>\n\n\n\n<p class=\"has-background has-very-light-gray-background-color\">Quer saber as not\u00edcias do <strong>Aconteceu no Vale<\/strong> em primeira m\u00e3o? Siga-nos no Facebook <a rel=\"noreferrer noopener\" href=\"http:\/\/facebook.com\/aconteceunovale\" target=\"_blank\">@aconteceunovale<\/a>, Twitter <a rel=\"noreferrer noopener\" href=\"https:\/\/twitter.com\/noticiadosvales\" target=\"_blank\">@noticiadosvales<\/a> e Instagram <a rel=\"noreferrer noopener\" href=\"https:\/\/www.instagram.com\/aconteceunovale\" target=\"_blank\">@aconteceunovale<\/a>.<\/p>\n","protected":false},"excerpt":{"rendered":"<p>Minas Gerais chegou a 16.102 casos confirmados de Covid-19. As informa\u00e7\u00f5es s\u00e3o do Boletim Epidemiol\u00f3gico sobre a pandemia do novo coronav\u00edrus, da Secretaria de Estado de Sa\u00fade (SES-MG), atualizado na manh\u00e3 desta ter\u00e7a-feira (9\/6\/2020). O n\u00famero de \u00f3bitos causados pela doen\u00e7a subiu de 380 para 399. Nas \u00faltimas 24h, segundo o boletim, foram contabilizados 219 [&hellip;]<\/p>\n","protected":false},"author":1,"featured_media":162615,"comment_status":"open","ping_status":"closed","sticky":false,"template":"","format":"standard","meta":{"amp_status":"","footnotes":""},"categories":[123,40242],"tags":[217799,219851,219853,214884,216498,221718,219855,215653,221717,219854,219852,217692,221719,220285,223168,220287,220286],"class_list":["post-163768","post","type-post","status-publish","format-standard","has-post-thumbnail","hentry","category-gerais","category-saude-2","tag-casos-de-coronavirus-em-minas-gerais","tag-casos-de-covid-19-em-minas-gerais","tag-cidades-com-casos-de-coronavirus-em-minas-gerais","tag-coronavirus","tag-covid-19","tag-curados-do-coronavirus-em-minas-gerais","tag-mortes-por-coronavirus-em-minas-gerais","tag-novo-coronavirus","tag-numero-de-curados-do-coronavirus-em-minas-gerais","tag-numeros-do-coronavirus-em-minas-gerais","tag-obitos-por-coronavirus-em-minas-gerias","tag-pandemia-de-coronavirus","tag-recuperados-do-coronavirus-em-minas-gerais","tag-secretaria-de-saude-atualiza-numeros-do-coronavirus-em-minas-gerais","tag-secretaria-de-saude-de-minas-gerais-atualiza-informacoes-sobre-o-coronavirus","tag-secretaria-de-saude-de-minas-gerais-atualiza-numeros-do-coronavirus","tag-ses-mg-atualiza-numeros-do-coronavirus"],"_links":{"self":[{"href":"https:\/\/aconteceunovale.com.br\/portal\/index.php?rest_route=\/wp\/v2\/posts\/163768","targetHints":{"allow":["GET"]}}],"collection":[{"href":"https:\/\/aconteceunovale.com.br\/portal\/index.php?rest_route=\/wp\/v2\/posts"}],"about":[{"href":"https:\/\/aconteceunovale.com.br\/portal\/index.php?rest_route=\/wp\/v2\/types\/post"}],"author":[{"embeddable":true,"href":"https:\/\/aconteceunovale.com.br\/portal\/index.php?rest_route=\/wp\/v2\/users\/1"}],"replies":[{"embeddable":true,"href":"https:\/\/aconteceunovale.com.br\/portal\/index.php?rest_route=%2Fwp%2Fv2%2Fcomments&post=163768"}],"version-history":[{"count":2,"href":"https:\/\/aconteceunovale.com.br\/portal\/index.php?rest_route=\/wp\/v2\/posts\/163768\/revisions"}],"predecessor-version":[{"id":163822,"href":"https:\/\/aconteceunovale.com.br\/portal\/index.php?rest_route=\/wp\/v2\/posts\/163768\/revisions\/163822"}],"wp:featuredmedia":[{"embeddable":true,"href":"https:\/\/aconteceunovale.com.br\/portal\/index.php?rest_route=\/wp\/v2\/media\/162615"}],"wp:attachment":[{"href":"https:\/\/aconteceunovale.com.br\/portal\/index.php?rest_route=%2Fwp%2Fv2%2Fmedia&parent=163768"}],"wp:term":[{"taxonomy":"category","embeddable":true,"href":"https:\/\/aconteceunovale.com.br\/portal\/index.php?rest_route=%2Fwp%2Fv2%2Fcategories&post=163768"},{"taxonomy":"post_tag","embeddable":true,"href":"https:\/\/aconteceunovale.com.br\/portal\/index.php?rest_route=%2Fwp%2Fv2%2Ftags&post=163768"}],"curies":[{"name":"wp","href":"https:\/\/api.w.org\/{rel}","templated":true}]}}