{"id":163763,"date":"2020-06-08T23:31:52","date_gmt":"2020-06-09T02:31:52","guid":{"rendered":"https:\/\/aconteceunovale.com.br\/portal\/?p=163763"},"modified":"2020-06-08T23:33:15","modified_gmt":"2020-06-09T02:33:15","slug":"covid-19-no-brasil-secretarias-estaduais-de-saude-confirmam-37-352-obitos","status":"publish","type":"post","link":"https:\/\/aconteceunovale.com.br\/portal\/?p=163763","title":{"rendered":"Covid-19 no Brasil: secretarias estaduais de Sa\u00fade confirmam 37.352 \u00f3bitos"},"content":{"rendered":"\n<p>Boletins epidemiol\u00f3gicos divulgados pelas secretarias estaduais de sa\u00fade do Brasil, at\u00e9 as 23h desta segunda-feira (8\/6\/2020), mostram que o n\u00famero de casos confirmados de Covid-19 no pa\u00eds \u00e9 de 711.658. Desse total, 37.352 pacientes morreram e 357.081 est\u00e3o recuperados da doen\u00e7a.<\/p>\n\n\n\n<p><strong>Confira o levantamento realizado pela equipe do Aconteceu no Vale:<\/strong><\/p>\n\n\n\n<figure class=\"wp-block-gallery columns-1 is-cropped wp-block-gallery-1 is-layout-flex wp-block-gallery-is-layout-flex\"><ul class=\"blocks-gallery-grid\"><li class=\"blocks-gallery-item\"><figure><img decoding=\"async\" src=\"http:\/\/aconteceu.info\/boletins\/corona_br_acv_8junho_1.png\" alt=\"\"\/><\/figure><\/li><\/ul><\/figure>\n\n\n\n<h2 class=\"wp-block-heading\"><strong>Minist\u00e9rio da Sa\u00fade e CONASS<\/strong><\/h2>\n\n\n\n<p>J\u00e1 o Minist\u00e9rio da Sa\u00fade, em balan\u00e7o atualizado \u00e0s 18h30, informou que nas \u00faltimas 24 horas foram registrados mais 679 \u00f3bitos por covid-19 no Brasil. Nesse per\u00edodo, foram confirmados mais 15.654 casos da doen\u00e7a e 6.088 recuperados.<\/p>\n\n\n\n<p>A soma do n\u00famero total, divulgado ontem (7), com o \u00faltimo balan\u00e7o di\u00e1rio, mostra que o Brasil chegou a 707.412 casos da doen\u00e7a, com 37.134 mortes, al\u00e9m de 290.040 pessoas recuperadas. Os dados s\u00e3o iguais aos divulgados pelo CONASS (Conselho Nacional de Secret\u00e1rios de Sa\u00fade).<\/p>\n\n\n\n<p><strong>Minist\u00e9rio da Sa\u00fade|<\/strong>Atualiza\u00e7\u00e3o: 08\/06\/2020 &#8211; 18h30<\/p>\n\n\n\n<ul class=\"wp-block-list\"><li>Casos confirmados &#8211; 707.412<\/li><li>\u00d3bitos confirmados &#8211; 37.134<\/li><li>Recuperados &#8211; 290.040<\/li><\/ul>\n\n\n\n<p><strong>CONASS (Conselho Nacional de Secret\u00e1rios de Sa\u00fade)|<\/strong>Atualiza\u00e7\u00e3o: 08\/06\/2020 &#8211; 18h00<\/p>\n\n\n\n<ul class=\"wp-block-list\"><li>Casos confirmados &#8211; 707.412<\/li><li>\u00d3bitos confirmados &#8211; 37.134<\/li><li>Recuperados &#8211; N\u00e3o divulgado<\/li><\/ul>\n\n\n\n<p><strong>Levantamento do Aconteceu no Vale (informa\u00e7\u00f5es das Secretarias Estaduais de Sa\u00fade)<\/strong> | Atualiza\u00e7\u00e3o: 08\/06\/2020 &#8211; 23h00<\/p>\n\n\n\n<ul class=\"wp-block-list\"><li>Casos confirmados &#8211; 711.658<\/li><li>\u00d3bitos confirmados &#8211; 37.352<\/li><li>Recuperados &#8211; 357.081<\/li><\/ul>\n\n\n\n<p class=\"has-background has-very-light-gray-background-color\">Quer saber as not\u00edcias do <strong>Aconteceu no Vale<\/strong> em primeira m\u00e3o? Siga-nos no Facebook <a rel=\"noreferrer noopener\" href=\"http:\/\/facebook.com\/aconteceunovale\" target=\"_blank\">@aconteceunovale<\/a>, Twitter <a rel=\"noreferrer noopener\" href=\"https:\/\/twitter.com\/noticiadosvales\" target=\"_blank\">@noticiadosvales<\/a> e Instagram <a rel=\"noreferrer noopener\" href=\"https:\/\/www.instagram.com\/aconteceunovale\" target=\"_blank\">@aconteceunovale<\/a>.<\/p>\n","protected":false},"excerpt":{"rendered":"<p>Boletins epidemiol\u00f3gicos divulgados pelas secretarias estaduais de sa\u00fade do Brasil, at\u00e9 as 23h desta segunda-feira (8\/6\/2020), mostram que o n\u00famero de casos confirmados de Covid-19 no pa\u00eds \u00e9 de 711.658. Desse total, 37.352 pacientes morreram e 357.081 est\u00e3o recuperados da doen\u00e7a. Confira o levantamento realizado pela equipe do Aconteceu no Vale: Minist\u00e9rio da Sa\u00fade e [&hellip;]<\/p>\n","protected":false},"author":1,"featured_media":163764,"comment_status":"open","ping_status":"closed","sticky":false,"template":"","format":"standard","meta":{"amp_status":"","footnotes":""},"categories":[6,40242],"tags":[223160,223161,4785,220477,220660,219520,218049,218205,223154,214884,215394,216498,218043,223155,223158,223159,19326,220349,218044,218045,215653,218206,223156,223157,219105,219104,218876,219519,140166,217692,220478,220479,220944,220945],"class_list":["post-163763","post","type-post","status-publish","format-standard","has-post-thumbnail","hentry","category-br","category-saude-2","tag-atualizacao-confiavel-da-covid-19-no-brasil","tag-atualizacao-confiavel-do-coronavirus-no-brasil","tag-brasil","tag-brasil-bate-recorde-de-obitos-e-casos-confirmados-em-um-dia","tag-brasil-ultrapassa-marca-de-4-mil-obitos-por-covid-19","tag-casos-confirmados-e-obitos-no-brasil","tag-casos-de-coronavirus-no-brasil","tag-casos-de-covid-19-no-brasil","tag-conass","tag-coronavirus","tag-coronavirus-no-brasil","tag-covid-19","tag-covid-19-no-brasil","tag-covid-19-no-brasil-secretarias-estaduais-de-saude-confirmam-37-352-obitos","tag-informacoes-confiaveis-da-covid-19-no-brasil","tag-informacoes-confiaveis-do-coronavirus-no-brasil","tag-ministerio-da-saude","tag-ministerio-da-saude-atualiza-numeros-do-coronavirus-no-brasil","tag-mortes-por-coronavirus-no-brasil","tag-mortes-por-covid-19-no-brasil","tag-novo-coronavirus","tag-numero-de-casos-de-covid-19-confirmados-no-brasil","tag-numeros-confiaveis-da-covid-19-no-brasil","tag-numeros-confiaveis-do-coronavirus-no-brasil","tag-numeros-da-covid-19-no-brasil","tag-numeros-do-coronavirus-no-brasil","tag-obitos-por-coronavirus-no-brasil","tag-obitos-por-covid-19-no-brasil","tag-pandemia","tag-pandemia-de-coronavirus","tag-recorde-de-obitos-por-coronavirus-no-brasil","tag-recorde-de-obitos-por-covid-19-no-brasil","tag-virus-vai-atingir-70-da-populacao","tag-virus-vai-atingir-70-da-populacao-diz-jair-bolsonaro"],"_links":{"self":[{"href":"https:\/\/aconteceunovale.com.br\/portal\/index.php?rest_route=\/wp\/v2\/posts\/163763","targetHints":{"allow":["GET"]}}],"collection":[{"href":"https:\/\/aconteceunovale.com.br\/portal\/index.php?rest_route=\/wp\/v2\/posts"}],"about":[{"href":"https:\/\/aconteceunovale.com.br\/portal\/index.php?rest_route=\/wp\/v2\/types\/post"}],"author":[{"embeddable":true,"href":"https:\/\/aconteceunovale.com.br\/portal\/index.php?rest_route=\/wp\/v2\/users\/1"}],"replies":[{"embeddable":true,"href":"https:\/\/aconteceunovale.com.br\/portal\/index.php?rest_route=%2Fwp%2Fv2%2Fcomments&post=163763"}],"version-history":[{"count":1,"href":"https:\/\/aconteceunovale.com.br\/portal\/index.php?rest_route=\/wp\/v2\/posts\/163763\/revisions"}],"predecessor-version":[{"id":163765,"href":"https:\/\/aconteceunovale.com.br\/portal\/index.php?rest_route=\/wp\/v2\/posts\/163763\/revisions\/163765"}],"wp:featuredmedia":[{"embeddable":true,"href":"https:\/\/aconteceunovale.com.br\/portal\/index.php?rest_route=\/wp\/v2\/media\/163764"}],"wp:attachment":[{"href":"https:\/\/aconteceunovale.com.br\/portal\/index.php?rest_route=%2Fwp%2Fv2%2Fmedia&parent=163763"}],"wp:term":[{"taxonomy":"category","embeddable":true,"href":"https:\/\/aconteceunovale.com.br\/portal\/index.php?rest_route=%2Fwp%2Fv2%2Fcategories&post=163763"},{"taxonomy":"post_tag","embeddable":true,"href":"https:\/\/aconteceunovale.com.br\/portal\/index.php?rest_route=%2Fwp%2Fv2%2Ftags&post=163763"}],"curies":[{"name":"wp","href":"https:\/\/api.w.org\/{rel}","templated":true}]}}