{"id":163690,"date":"2020-06-07T12:27:19","date_gmt":"2020-06-07T15:27:19","guid":{"rendered":"https:\/\/aconteceunovale.com.br\/portal\/?p=163690"},"modified":"2020-06-07T12:27:29","modified_gmt":"2020-06-07T15:27:29","slug":"ministerio-publico-federal-quer-explicacoes-sobre-mudanca-na-divulgacao-de-dados-da-covid-19","status":"publish","type":"post","link":"https:\/\/aconteceunovale.com.br\/portal\/?p=163690","title":{"rendered":"Minist\u00e9rio P\u00fablico Federal quer explica\u00e7\u00f5es sobre mudan\u00e7a na divulga\u00e7\u00e3o de dados da Covid-19"},"content":{"rendered":"\n<p>O Minist\u00e9rio P\u00fablico Federal (MPF) instaurou ontem (6) procedimento extrajudicial para apurar porque o Minist\u00e9rio da Sa\u00fade mudou a forma de divulga\u00e7\u00e3o dos dados do novo coronav\u00edrus no Brasil. Desde a \u00faltima sexta-feira (5), a pasta parou de divulgar os n\u00fameros totais da contamina\u00e7\u00e3o e passou a divulgar apenas os n\u00fameros di\u00e1rios.<\/p>\n\n\n\n<p>O ministro da Sa\u00fade, Eduardo Pazuello, tem 72 horas para explicar essa mudan\u00e7a no informativo di\u00e1rio.<\/p>\n\n\n\n<p>O \u00f3rg\u00e3o do MPF pedir\u00e1 ao minist\u00e9rio a c\u00f3pia do ato administrativo que determinou a retirada do n\u00famero acumulado de mortes do painel, bem como do inteiro teor do procedimento administrativo que resultou na ado\u00e7\u00e3o da medida. Ao justificar a instaura\u00e7\u00e3o do procedimento, a C\u00e2mara de Direitos Sociais do MPF lembrou que legisla\u00e7\u00e3o brasileira prev\u00ea a transpar\u00eancia como regra a ser adotada pelo Poder P\u00fablico. O Artigo 5\u00ba da Constitui\u00e7\u00e3o, que garante \u201ca todos o acesso \u00e0 informa\u00e7\u00e3o\u201d, e a pr\u00f3pria Lei de Acesso \u00e0 Informa\u00e7\u00e3o, de 2011, s\u00e3o exemplos citados pelo \u00f3rg\u00e3o.<\/p>\n\n\n\n<h2 class=\"wp-block-heading\">Governo<\/h2>\n\n\n\n<p>Em nota do Minist\u00e9rio da Sa\u00fade, reproduzida ontem pelo presidente Jair Bolsonaro em suas redes sociais, a pasta informou que \u201ca divulga\u00e7\u00e3o dos dados de 24 horas permite acompanhar a realidade do pa\u00eds neste momento e definir estrat\u00e9gias adequadas para o atendimento \u00e0 popula\u00e7\u00e3o\u201d. A nota acrescenta que \u201coutras a\u00e7\u00f5es est\u00e3o em curso para melhorar a notifica\u00e7\u00e3o dos casos e confirma\u00e7\u00e3o diagn\u00f3stica\u201d.<\/p>\n\n\n\n<p>Segundo o minist\u00e9rio, a divulga\u00e7\u00e3o de dados acumulados, \u201cal\u00e9m de n\u00e3o indicar que a maior parcela j\u00e1 n\u00e3o est\u00e1 com a doen\u00e7a, n\u00e3o retrata o momento do pa\u00eds\u201d. A soma do n\u00famero total, divulgado na quinta-feira (4), com os \u00faltimos balan\u00e7os di\u00e1rios mostra o contr\u00e1rio. Das 672.846 pessoas contaminadas, 277.149 foram curadas.<\/p>\n\n\n\n<p>\u201cPara evitar subnotifica\u00e7\u00e3o e inconsist\u00eancias, o Minist\u00e9rio da Sa\u00fade optou pela divulga\u00e7\u00e3o \u00e0s 22h, o que permite passar por esse processo completo. A divulga\u00e7\u00e3o entre as 17h e as 19h ainda havia risco de subnotifica\u00e7\u00e3o. Os fluxos est\u00e3o sendo padronizados e adequados para a melhor precis\u00e3o\u201d, encerra a nota.<\/p>\n\n\n\n<p class=\"has-background has-very-light-gray-background-color\">Quer saber as not\u00edcias do <strong>Aconteceu no Vale<\/strong> em primeira m\u00e3o? Siga-nos no Facebook <a rel=\"noreferrer noopener\" href=\"http:\/\/facebook.com\/aconteceunovale\" target=\"_blank\">@aconteceunovale<\/a>, Twitter <a rel=\"noreferrer noopener\" href=\"https:\/\/twitter.com\/noticiadosvales\" target=\"_blank\">@noticiadosvales<\/a> e Instagram <a rel=\"noreferrer noopener\" href=\"https:\/\/www.instagram.com\/aconteceunovale\" target=\"_blank\">@aconteceunovale<\/a>.<\/p>\n","protected":false},"excerpt":{"rendered":"<p>O Minist\u00e9rio P\u00fablico Federal (MPF) instaurou ontem (6) procedimento extrajudicial para apurar porque o Minist\u00e9rio da Sa\u00fade mudou a forma de divulga\u00e7\u00e3o dos dados do novo coronav\u00edrus no Brasil. Desde a \u00faltima sexta-feira (5), a pasta parou de divulgar os n\u00fameros totais da contamina\u00e7\u00e3o e passou a divulgar apenas os n\u00fameros di\u00e1rios. O ministro da [&hellip;]<\/p>\n","protected":false},"author":1,"featured_media":163094,"comment_status":"open","ping_status":"closed","sticky":false,"template":"","format":"standard","meta":{"amp_status":"","footnotes":""},"categories":[6,40242],"tags":[4785,220477,220660,219520,218049,218205,214884,215394,216498,218043,19326,220349,223057,218044,218045,18887,215653,218206,219105,219104,218876,219519,140166,217692,220478,220479,223056,220944,220945],"class_list":["post-163690","post","type-post","status-publish","format-standard","has-post-thumbnail","hentry","category-br","category-saude-2","tag-brasil","tag-brasil-bate-recorde-de-obitos-e-casos-confirmados-em-um-dia","tag-brasil-ultrapassa-marca-de-4-mil-obitos-por-covid-19","tag-casos-confirmados-e-obitos-no-brasil","tag-casos-de-coronavirus-no-brasil","tag-casos-de-covid-19-no-brasil","tag-coronavirus","tag-coronavirus-no-brasil","tag-covid-19","tag-covid-19-no-brasil","tag-ministerio-da-saude","tag-ministerio-da-saude-atualiza-numeros-do-coronavirus-no-brasil","tag-ministerio-publico-federal-quer-explicacoes-sobre-mudanca-na-divulgacao-de-dados-da-covid-19","tag-mortes-por-coronavirus-no-brasil","tag-mortes-por-covid-19-no-brasil","tag-mpf","tag-novo-coronavirus","tag-numero-de-casos-de-covid-19-confirmados-no-brasil","tag-numeros-da-covid-19-no-brasil","tag-numeros-do-coronavirus-no-brasil","tag-obitos-por-coronavirus-no-brasil","tag-obitos-por-covid-19-no-brasil","tag-pandemia","tag-pandemia-de-coronavirus","tag-recorde-de-obitos-por-coronavirus-no-brasil","tag-recorde-de-obitos-por-covid-19-no-brasil","tag-secretarias-estaduais-de-saude-do-brasil-confirmam-676-513-casos-de-coronavirus-292-722-pacientes-estao-recuperados-e-36-044-morreram","tag-virus-vai-atingir-70-da-populacao","tag-virus-vai-atingir-70-da-populacao-diz-jair-bolsonaro"],"_links":{"self":[{"href":"https:\/\/aconteceunovale.com.br\/portal\/index.php?rest_route=\/wp\/v2\/posts\/163690","targetHints":{"allow":["GET"]}}],"collection":[{"href":"https:\/\/aconteceunovale.com.br\/portal\/index.php?rest_route=\/wp\/v2\/posts"}],"about":[{"href":"https:\/\/aconteceunovale.com.br\/portal\/index.php?rest_route=\/wp\/v2\/types\/post"}],"author":[{"embeddable":true,"href":"https:\/\/aconteceunovale.com.br\/portal\/index.php?rest_route=\/wp\/v2\/users\/1"}],"replies":[{"embeddable":true,"href":"https:\/\/aconteceunovale.com.br\/portal\/index.php?rest_route=%2Fwp%2Fv2%2Fcomments&post=163690"}],"version-history":[{"count":1,"href":"https:\/\/aconteceunovale.com.br\/portal\/index.php?rest_route=\/wp\/v2\/posts\/163690\/revisions"}],"predecessor-version":[{"id":163691,"href":"https:\/\/aconteceunovale.com.br\/portal\/index.php?rest_route=\/wp\/v2\/posts\/163690\/revisions\/163691"}],"wp:featuredmedia":[{"embeddable":true,"href":"https:\/\/aconteceunovale.com.br\/portal\/index.php?rest_route=\/wp\/v2\/media\/163094"}],"wp:attachment":[{"href":"https:\/\/aconteceunovale.com.br\/portal\/index.php?rest_route=%2Fwp%2Fv2%2Fmedia&parent=163690"}],"wp:term":[{"taxonomy":"category","embeddable":true,"href":"https:\/\/aconteceunovale.com.br\/portal\/index.php?rest_route=%2Fwp%2Fv2%2Fcategories&post=163690"},{"taxonomy":"post_tag","embeddable":true,"href":"https:\/\/aconteceunovale.com.br\/portal\/index.php?rest_route=%2Fwp%2Fv2%2Ftags&post=163690"}],"curies":[{"name":"wp","href":"https:\/\/api.w.org\/{rel}","templated":true}]}}