{"id":163684,"date":"2020-06-07T11:23:53","date_gmt":"2020-06-07T14:23:53","guid":{"rendered":"https:\/\/aconteceunovale.com.br\/portal\/?p=163684"},"modified":"2020-06-07T11:28:31","modified_gmt":"2020-06-07T14:28:31","slug":"secretarias-estaduais-de-saude-do-brasil-confirmam-676-513-casos-de-coronavirus-292-722-pacientes-estao-recuperados-e-36-044-morreram","status":"publish","type":"post","link":"https:\/\/aconteceunovale.com.br\/portal\/?p=163684","title":{"rendered":"Secretarias estaduais de Sa\u00fade do Brasil confirmam 676.513 casos de coronav\u00edrus; 292.722 pacientes est\u00e3o recuperados e 36.044 morreram"},"content":{"rendered":"\n<p>Boletins epidemiol\u00f3gicos divulgados at\u00e9 as 23h de s\u00e1bado (6\/6\/2020) pelas secretarias estaduais de sa\u00fade do Brasil mostraram que o n\u00famero de casos confirmados de Covid-19 no pa\u00eds \u00e9 de 676.513. Desse total, 36.044 pacientes morreram e 292.722 est\u00e3o recuperados da doen\u00e7a.<\/p>\n\n\n\n<p><strong>Confira o levantamento realizado pela equipe do Aconteceu no Vale:<\/strong><\/p>\n\n\n\n<figure class=\"wp-block-image size-large\"><img decoding=\"async\" src=\"https:\/\/aconteceu.info\/boletins\/corona_br_6junho_ses.jpg\" alt=\"\"\/><\/figure>\n\n\n\n<p>J\u00e1 o Minist\u00e9rio da Sa\u00fade, em balan\u00e7o atualizado \u00e0s 23h de s\u00e1bado (6), informou que nas \u00faltimas 24 horas foram registrados mais 904 \u00f3bitos por covid-19 no Brasil. Nesse per\u00edodo, foram confirmados mais 27.075 casos da doen\u00e7a e 10.209 recuperados.<\/p>\n\n\n\n<p>Desde a \u00faltima sexta-feira (5), o Minist\u00e9rio da Sa\u00fade parou de divulgar os n\u00fameros totais da contamina\u00e7\u00e3o do novo coronav\u00edrus no pa\u00eds. Mas a soma do n\u00famero total, divulgado na quinta-feira (4), com os \u00faltimos balan\u00e7os di\u00e1rios, mostra que o Brasil chegou a 672.846 casos da doen\u00e7a, com 35.930 mortes, al\u00e9m de 277.149 pessoas recuperadas.<\/p>\n\n\n\n<p><strong>Casos confirmados<\/strong><\/p>\n\n\n\n<figure class=\"wp-block-table\"><table class=\"has-subtle-pale-pink-background-color has-background\"><tbody><tr><td>Novos casos confirmados pelo Minist\u00e9rio da Sa\u00fade at\u00e9 as 23h de 6\/6<\/td><td>Total de casos confirmados pelo Minist\u00e9rio da Sa\u00fade at\u00e9 23h de 6\/6<\/td><td>Total de casos confirmados pelas secretarias at\u00e9 23h de 6\/6<\/td><td>Diferen\u00e7a entre os casos confirmados pelas secretarias e o Minist\u00e9rio <\/td><\/tr><tr><td><strong>27.075<\/strong><\/td><td><strong>672.846<\/strong><\/td><td><strong>676.513<\/strong><\/td><td><strong>3.667 a mais<\/strong><\/td><\/tr><\/tbody><\/table><\/figure>\n\n\n\n<p><strong>\u00d3bitos confirmados<\/strong><\/p>\n\n\n\n<figure class=\"wp-block-table\"><table class=\"has-subtle-light-gray-background-color has-background\"><tbody><tr><td>Novos \u00f3bitos confirmados pelo Minist\u00e9rio da Sa\u00fade at\u00e9 as 23h de 6\/6<\/td><td>Total de \u00f3bitos confirmados pelo Minist\u00e9rio da Sa\u00fade at\u00e9 23h de 6\/6<\/td><td>Total de \u00f3bitos confirmados pelas secretarias at\u00e9 23h de 6\/6<\/td><td>Diferen\u00e7a entre os \u00f3bitos confirmados pelas secretarias e o Minist\u00e9rio da Sa\u00fade<\/td><\/tr><tr><td><strong>904<\/strong><\/td><td><strong>35.930<\/strong><\/td><td><strong>36.044<\/strong><\/td><td><strong>114 a mais<\/strong><\/td><\/tr><\/tbody><\/table><\/figure>\n\n\n\n<p><strong>Pacientes recuperados<\/strong><\/p>\n\n\n\n<figure class=\"wp-block-table\"><table class=\"has-subtle-pale-green-background-color has-background\"><tbody><tr><td>Novos pacientes recuperados &#8211; Minist\u00e9rio da Sa\u00fade at\u00e9 as 23h de 6\/6<\/td><td>Total de pacientes recuperados &#8211; Minist\u00e9rio da Sa\u00fade at\u00e9 23h de 6\/6<\/td><td>Total de pacientes recuperados &#8211; secretarias estaduais at\u00e9 23h de 6\/6<\/td><td>Diferen\u00e7a pacientes recuperados &#8211; secretarias e o Minist\u00e9rio da Sa\u00fade<\/td><\/tr><tr><td><strong>10.209<\/strong><\/td><td><strong>277.149<\/strong><\/td><td><strong>292.722<\/strong><\/td><td><strong>15.573 a mais<\/strong><\/td><\/tr><\/tbody><\/table><\/figure>\n\n\n\n<p class=\"has-background has-very-light-gray-background-color\">Quer saber as not\u00edcias do <strong>Aconteceu no Vale<\/strong> em primeira m\u00e3o? Siga-nos no Facebook <a rel=\"noreferrer noopener\" href=\"http:\/\/facebook.com\/aconteceunovale\" target=\"_blank\">@aconteceunovale<\/a>, Twitter <a rel=\"noreferrer noopener\" href=\"https:\/\/twitter.com\/noticiadosvales\" target=\"_blank\">@noticiadosvales<\/a> e Instagram <a rel=\"noreferrer noopener\" href=\"https:\/\/www.instagram.com\/aconteceunovale\" target=\"_blank\">@aconteceunovale<\/a>.<\/p>\n","protected":false},"excerpt":{"rendered":"<p>Boletins epidemiol\u00f3gicos divulgados at\u00e9 as 23h de s\u00e1bado (6\/6\/2020) pelas secretarias estaduais de sa\u00fade do Brasil mostraram que o n\u00famero de casos confirmados de Covid-19 no pa\u00eds \u00e9 de 676.513. Desse total, 36.044 pacientes morreram e 292.722 est\u00e3o recuperados da doen\u00e7a. Confira o levantamento realizado pela equipe do Aconteceu no Vale: J\u00e1 o Minist\u00e9rio da [&hellip;]<\/p>\n","protected":false},"author":1,"featured_media":163685,"comment_status":"open","ping_status":"closed","sticky":false,"template":"","format":"standard","meta":{"amp_status":"","footnotes":""},"categories":[6,40242],"tags":[4785,220477,220660,219520,218049,218205,214884,215394,216498,218043,19326,220349,218044,218045,215653,218206,219105,219104,218876,219519,140166,217692,220478,220479,223056,220944,220945],"class_list":["post-163684","post","type-post","status-publish","format-standard","has-post-thumbnail","hentry","category-br","category-saude-2","tag-brasil","tag-brasil-bate-recorde-de-obitos-e-casos-confirmados-em-um-dia","tag-brasil-ultrapassa-marca-de-4-mil-obitos-por-covid-19","tag-casos-confirmados-e-obitos-no-brasil","tag-casos-de-coronavirus-no-brasil","tag-casos-de-covid-19-no-brasil","tag-coronavirus","tag-coronavirus-no-brasil","tag-covid-19","tag-covid-19-no-brasil","tag-ministerio-da-saude","tag-ministerio-da-saude-atualiza-numeros-do-coronavirus-no-brasil","tag-mortes-por-coronavirus-no-brasil","tag-mortes-por-covid-19-no-brasil","tag-novo-coronavirus","tag-numero-de-casos-de-covid-19-confirmados-no-brasil","tag-numeros-da-covid-19-no-brasil","tag-numeros-do-coronavirus-no-brasil","tag-obitos-por-coronavirus-no-brasil","tag-obitos-por-covid-19-no-brasil","tag-pandemia","tag-pandemia-de-coronavirus","tag-recorde-de-obitos-por-coronavirus-no-brasil","tag-recorde-de-obitos-por-covid-19-no-brasil","tag-secretarias-estaduais-de-saude-do-brasil-confirmam-676-513-casos-de-coronavirus-292-722-pacientes-estao-recuperados-e-36-044-morreram","tag-virus-vai-atingir-70-da-populacao","tag-virus-vai-atingir-70-da-populacao-diz-jair-bolsonaro"],"_links":{"self":[{"href":"https:\/\/aconteceunovale.com.br\/portal\/index.php?rest_route=\/wp\/v2\/posts\/163684","targetHints":{"allow":["GET"]}}],"collection":[{"href":"https:\/\/aconteceunovale.com.br\/portal\/index.php?rest_route=\/wp\/v2\/posts"}],"about":[{"href":"https:\/\/aconteceunovale.com.br\/portal\/index.php?rest_route=\/wp\/v2\/types\/post"}],"author":[{"embeddable":true,"href":"https:\/\/aconteceunovale.com.br\/portal\/index.php?rest_route=\/wp\/v2\/users\/1"}],"replies":[{"embeddable":true,"href":"https:\/\/aconteceunovale.com.br\/portal\/index.php?rest_route=%2Fwp%2Fv2%2Fcomments&post=163684"}],"version-history":[{"count":3,"href":"https:\/\/aconteceunovale.com.br\/portal\/index.php?rest_route=\/wp\/v2\/posts\/163684\/revisions"}],"predecessor-version":[{"id":163688,"href":"https:\/\/aconteceunovale.com.br\/portal\/index.php?rest_route=\/wp\/v2\/posts\/163684\/revisions\/163688"}],"wp:featuredmedia":[{"embeddable":true,"href":"https:\/\/aconteceunovale.com.br\/portal\/index.php?rest_route=\/wp\/v2\/media\/163685"}],"wp:attachment":[{"href":"https:\/\/aconteceunovale.com.br\/portal\/index.php?rest_route=%2Fwp%2Fv2%2Fmedia&parent=163684"}],"wp:term":[{"taxonomy":"category","embeddable":true,"href":"https:\/\/aconteceunovale.com.br\/portal\/index.php?rest_route=%2Fwp%2Fv2%2Fcategories&post=163684"},{"taxonomy":"post_tag","embeddable":true,"href":"https:\/\/aconteceunovale.com.br\/portal\/index.php?rest_route=%2Fwp%2Fv2%2Ftags&post=163684"}],"curies":[{"name":"wp","href":"https:\/\/api.w.org\/{rel}","templated":true}]}}