{"id":163680,"date":"2020-06-06T21:22:33","date_gmt":"2020-06-07T00:22:33","guid":{"rendered":"https:\/\/aconteceunovale.com.br\/portal\/?p=163680"},"modified":"2020-06-07T19:08:49","modified_gmt":"2020-06-07T22:08:49","slug":"ipatinga-registra-o-nono-obito-por-covid-19","status":"publish","type":"post","link":"https:\/\/aconteceunovale.com.br\/portal\/?p=163680","title":{"rendered":"Ipatinga registra o nono \u00f3bito por Covid-19"},"content":{"rendered":"\n<p>A Prefeitura de Ipatinga (MG) confirmou neste s\u00e1bado (6\/6\/2020) o nono \u00f3bito por Covid-19 no munic\u00edpio. Trata-se de uma mulher, de 51 anos, que residia no bairro Horto.<\/p>\n\n\n\n<p>Segundo a prefeitura, a paciente foi internada na \u00faltima ter\u00e7a-feira (2), na Unidade de Pronto Atendimento (UPA), com dificuldade respirat\u00f3ria, e morreu horas depois.<\/p>\n\n\n\n<h2 class=\"wp-block-heading\"><strong>Atualiza\u00e7\u00e3o dos casos<\/strong><\/h2>\n\n\n\n<p>Ipatinga registrou quarenta e tr\u00eas novos casos de Covid-19 nas \u00faltimas 24 horas. Segundo informa\u00e7\u00f5es do boletim epidemiol\u00f3gico, atualizado na noite deste s\u00e1bado (6\/6\/2020), o munic\u00edpio soma 453 pessoas infectadas pelo v\u00edrus.<\/p>\n\n\n\n<p>De acordo com a prefeitura, vinte e tr\u00eas pacientes est\u00e3o internados e 190 em isolamento domiciliar. Dentro das estat\u00edsticas de casos confirmados, Ipatinga tem 231 recuperados da doen\u00e7a e nove \u00f3bitos (um a mais que ontem).<\/p>\n\n\n\n<p><strong>Confira o boletim de 6\/6\/2020:<\/strong><\/p>\n\n\n\n<figure class=\"wp-block-image size-large\"><img decoding=\"async\" src=\"https:\/\/aconteceu.info\/boletins\/corona_ipatinga_6junho_1.jpg\" alt=\"\"\/><\/figure>\n\n\n\n<figure class=\"wp-block-image size-large\"><img decoding=\"async\" src=\"https:\/\/aconteceu.info\/boletins\/corona_ipatinga_6junho_2.jpg\" alt=\"\"\/><\/figure>\n\n\n\n<p class=\"has-background has-very-light-gray-background-color\">Quer saber as not\u00edcias do <strong>Aconteceu no Vale<\/strong> em primeira m\u00e3o? Siga-nos no Facebook <a rel=\"noreferrer noopener\" href=\"http:\/\/facebook.com\/aconteceunovale\" target=\"_blank\">@aconteceunovale<\/a>, Twitter <a rel=\"noreferrer noopener\" href=\"https:\/\/twitter.com\/noticiadosvales\" target=\"_blank\">@noticiadosvales<\/a> e Instagram <a rel=\"noreferrer noopener\" href=\"https:\/\/www.instagram.com\/aconteceunovale\" target=\"_blank\">@aconteceunovale<\/a>.<\/p>\n","protected":false},"excerpt":{"rendered":"<p>A Prefeitura de Ipatinga (MG) confirmou neste s\u00e1bado (6\/6\/2020) o nono \u00f3bito por Covid-19 no munic\u00edpio. Trata-se de uma mulher, de 51 anos, que residia no bairro Horto. Segundo a prefeitura, a paciente foi internada na \u00faltima ter\u00e7a-feira (2), na Unidade de Pronto Atendimento (UPA), com dificuldade respirat\u00f3ria, e morreu horas depois. Atualiza\u00e7\u00e3o dos casos [&hellip;]<\/p>\n","protected":false},"author":1,"featured_media":163681,"comment_status":"open","ping_status":"closed","sticky":false,"template":"","format":"standard","meta":{"amp_status":"","footnotes":""},"categories":[121,40242],"tags":[222294,222296,214884,217741,216498,222878,222972,222975,201,223028,222974,222596,222641,222754,222370,222849,222917,222369,222368,46322,222852,222295,222417,223029,223027,222973],"class_list":["post-163680","post","type-post","status-publish","format-standard","has-post-thumbnail","hentry","category-leste","category-saude-2","tag-casos-confirmados-de-coronavirus-em-ipatinga","tag-casos-confirmados-de-covid-19-em-ipatinga","tag-coronavirus","tag-coronavirus-em-ipatinga","tag-covid-19","tag-covid-19-ipatinga-tem-319-casos-confirmados-e-4-obitos","tag-covid-19-prefeitura-de-ipatinga-confirma-mais-30-casos-e-dois-obitos","tag-equipe-do-ibope-realiza-segunda-fase-de-pesquisa-sobre-coronavirus-em-ipatinga","tag-ipatinga","tag-ipatinga-atinge-100-da-taxa-de-ocupacao-de-leitos-uti-covid-19-sus","tag-ipatinga-ativa-barreiras-sanitarias","tag-ipatinga-chega-a-200-casos-de-covid-19","tag-ipatinga-confirma-mais-dois-obitos-por-covid-19","tag-ipatinga-registra-mais-29-casos-de-covid-19","tag-ipatinga-registra-o-primeiro-obito-por-covid-19","tag-ipatinga-registra-o-quarto-obito-por-covid-19","tag-numero-de-casos-confirmados-de-covid-19-em-ipatinga-chega-a-340","tag-obito-por-coronavirus-em-ipatinga","tag-obito-por-covid-19-em-ipatinga","tag-prefeitura-de-ipatinga","tag-prefeitura-de-ipatinga-confirma-mais-27-casos-de-covid-19","tag-sobe-para-102-o-numero-de-casos-confirmados-de-covid-19-em-ipatinga","tag-sobe-para-149-o-numero-de-casos-confirmados-de-coronavirus-em-ipatinga","tag-sobe-para-oito-o-numero-de-mortes-por-covid-19-em-ipatinga","tag-sobem-para-oito-os-obitos-por-covid-19-em-ipatinga","tag-sobem-para-seis-os-obitos-por-covid-19-em-ipatinga"],"_links":{"self":[{"href":"https:\/\/aconteceunovale.com.br\/portal\/index.php?rest_route=\/wp\/v2\/posts\/163680","targetHints":{"allow":["GET"]}}],"collection":[{"href":"https:\/\/aconteceunovale.com.br\/portal\/index.php?rest_route=\/wp\/v2\/posts"}],"about":[{"href":"https:\/\/aconteceunovale.com.br\/portal\/index.php?rest_route=\/wp\/v2\/types\/post"}],"author":[{"embeddable":true,"href":"https:\/\/aconteceunovale.com.br\/portal\/index.php?rest_route=\/wp\/v2\/users\/1"}],"replies":[{"embeddable":true,"href":"https:\/\/aconteceunovale.com.br\/portal\/index.php?rest_route=%2Fwp%2Fv2%2Fcomments&post=163680"}],"version-history":[{"count":1,"href":"https:\/\/aconteceunovale.com.br\/portal\/index.php?rest_route=\/wp\/v2\/posts\/163680\/revisions"}],"predecessor-version":[{"id":163682,"href":"https:\/\/aconteceunovale.com.br\/portal\/index.php?rest_route=\/wp\/v2\/posts\/163680\/revisions\/163682"}],"wp:featuredmedia":[{"embeddable":true,"href":"https:\/\/aconteceunovale.com.br\/portal\/index.php?rest_route=\/wp\/v2\/media\/163681"}],"wp:attachment":[{"href":"https:\/\/aconteceunovale.com.br\/portal\/index.php?rest_route=%2Fwp%2Fv2%2Fmedia&parent=163680"}],"wp:term":[{"taxonomy":"category","embeddable":true,"href":"https:\/\/aconteceunovale.com.br\/portal\/index.php?rest_route=%2Fwp%2Fv2%2Fcategories&post=163680"},{"taxonomy":"post_tag","embeddable":true,"href":"https:\/\/aconteceunovale.com.br\/portal\/index.php?rest_route=%2Fwp%2Fv2%2Ftags&post=163680"}],"curies":[{"name":"wp","href":"https:\/\/api.w.org\/{rel}","templated":true}]}}