{"id":163564,"date":"2020-06-04T12:54:55","date_gmt":"2020-06-04T15:54:55","guid":{"rendered":"https:\/\/aconteceunovale.com.br\/portal\/?p=163564"},"modified":"2020-06-04T12:55:49","modified_gmt":"2020-06-04T15:55:49","slug":"homem-que-vive-isolado-no-mato-ha-37-anos-tem-vida-transformada","status":"publish","type":"post","link":"https:\/\/aconteceunovale.com.br\/portal\/?p=163564","title":{"rendered":"Homem que vive isolado no mato h\u00e1 37 anos tem vida transformada"},"content":{"rendered":"\n<p>At\u00e9 cinco anos atr\u00e1s, a hist\u00f3ria de vida do senhor Ca\u00e7imiro Alves de Sousa, hoje com 76 anos, era uma esp\u00e9cie de lenda para os moradores do pequeno munic\u00edpio de Santa Cruz de Salinas, no Norte de Minas. \u00c0quela \u00e9poca, havia 32 anos que o idoso vivia sozinho e isolado da cidade em um peda\u00e7o de terra de dif\u00edcil acesso situado na localidade Fazenda Brejinho, distante cerca de sete quil\u00f4metros da comunidade. Havia, ainda, 15 anos que ele n\u00e3o colocava os p\u00e9s na estrada para ir \u00e0 cidade.<\/p>\n\n\n\n<p>Al\u00e9m do inusitado isolamento mantido por Ca\u00e7imiro h\u00e1 mais de tr\u00eas d\u00e9cadas, o que chamava a aten\u00e7\u00e3o dos moradores era o fato de que o idoso vivia sem qualquer fonte de renda em uma casa extremamente prec\u00e1ria, uma esp\u00e9cie de oca, de um s\u00f3 c\u00f4modo, constru\u00edda por ele mesmo com barro e areia \u2013 estrutura que pouqu\u00edssimas pessoas chegaram a ver, devido \u00e0 dificuldade de acesso. O h\u00e1bito de vida do morador mantinha desperta a curiosidade da popula\u00e7\u00e3o, que passou a se referir a ele como \u201chomem das cavernas\u201d.<\/p>\n\n\n\n<p>A hist\u00f3ria de Ca\u00e7imiro, por tanto tempo viva e, paradoxalmente, desconhecida por quase toda a popula\u00e7\u00e3o local, come\u00e7ou a ganhar p\u00e1ginas novas a partir do dia 27 de maio de 2015, quando o projeto Minist\u00e9rio P\u00fablico Itinerante desembarcou em Santa Cruz de Salinas. A iniciativa, criada pelo Minist\u00e9rio P\u00fablico de Minas Gerais (MPMG) h\u00e1 10 anos, tem como objetivo principal atender comunidades que vivem em munic\u00edpios mineiros de baixo \u00edndice de desenvolvimento humano e est\u00e3o distantes dos \u00f3rg\u00e3os p\u00fablicos garantidores dos direitos individuais e coletivos. Por meio de parcerias firmadas com prefeituras e outros \u00f3rg\u00e3os do sistema de Justi\u00e7a, tendas de servi\u00e7os s\u00e3o montadas em uma pra\u00e7a da cidade, a fim de oferecer aos moradores atendimentos nas mais diversas \u00e1reas do direito, como sa\u00fade, fam\u00edlia, idoso, pessoa com defici\u00eancia, crian\u00e7a e adolescente, previd\u00eancia social, entre outras.<\/p>\n\n\n\n<figure class=\"wp-block-gallery columns-1 is-cropped wp-block-gallery-1 is-layout-flex wp-block-gallery-is-layout-flex\"><ul class=\"blocks-gallery-grid\"><li class=\"blocks-gallery-item\"><figure><img loading=\"lazy\" decoding=\"async\" width=\"650\" height=\"430\" src=\"https:\/\/aconteceunovale.com.br\/portal\/wp-content\/uploads\/2020\/06\/historia_cacimiro_scs_1.jpg\" alt=\"\" data-id=\"163565\" data-full-url=\"https:\/\/aconteceunovale.com.br\/portal\/wp-content\/uploads\/2020\/06\/historia_cacimiro_scs_1.jpg\" data-link=\"https:\/\/aconteceunovale.com.br\/portal\/?attachment_id=163565\" class=\"wp-image-163565\" srcset=\"https:\/\/aconteceunovale.com.br\/portal\/wp-content\/uploads\/2020\/06\/historia_cacimiro_scs_1.jpg 650w, https:\/\/aconteceunovale.com.br\/portal\/wp-content\/uploads\/2020\/06\/historia_cacimiro_scs_1-300x198.jpg 300w, https:\/\/aconteceunovale.com.br\/portal\/wp-content\/uploads\/2020\/06\/historia_cacimiro_scs_1-635x420.jpg 635w\" sizes=\"auto, (max-width: 650px) 100vw, 650px\" \/><figcaption class=\"blocks-gallery-item__caption\"><em>Foto: Divulga\u00e7\u00e3o \/ MPMG<\/em><\/figcaption><\/figure><\/li><\/ul><\/figure>\n\n\n\n<p>Foi exatamente durante essa a\u00e7\u00e3o do MPMG em Santa Cruz de Salinas que os irm\u00e3os Arlando Manoel Marcelino e Jos\u00e9 Eduardo Manoel Marcelino, conhecidos de Ca\u00e7imiro, resolveram conversar com os promotores de Justi\u00e7a que participavam do projeto para contar a eles sobre a situa\u00e7\u00e3o de vida do idoso, na esperan\u00e7a de que algum direito pudesse ser garantido ao morador. Enquanto o promotor Jean Ernane Mendes da Silva, de Salinas, munic\u00edpio vizinho, cumpria os atendimentos na pra\u00e7a, o ent\u00e3o coordenador de Inclus\u00e3o e Mobiliza\u00e7\u00e3o Sociais do MPMG, promotor de Justi\u00e7a Paulo C\u00e9sar Vicente de Lima, e o coordenador estadual de Defesa do Direito de Fam\u00edlia, das Pessoas com Defici\u00eancia e dos Idosos, procurador de Justi\u00e7a Bertoldo Mateus de Oliveira Filho, foram at\u00e9 a moradia de Ca\u00e7imiro, levados por Arlando, Jos\u00e9 Eduardo e Genilson da Costa Rocha, motorista da Prefeitura.<\/p>\n\n\n\n<figure class=\"wp-block-gallery columns-1 is-cropped wp-block-gallery-2 is-layout-flex wp-block-gallery-is-layout-flex\"><ul class=\"blocks-gallery-grid\"><li class=\"blocks-gallery-item\"><figure><img loading=\"lazy\" decoding=\"async\" width=\"650\" height=\"430\" src=\"https:\/\/aconteceunovale.com.br\/portal\/wp-content\/uploads\/2020\/06\/historia_cacimiro_scs_2.jpg\" alt=\"\" data-id=\"163566\" data-full-url=\"https:\/\/aconteceunovale.com.br\/portal\/wp-content\/uploads\/2020\/06\/historia_cacimiro_scs_2.jpg\" data-link=\"https:\/\/aconteceunovale.com.br\/portal\/?attachment_id=163566\" class=\"wp-image-163566\" srcset=\"https:\/\/aconteceunovale.com.br\/portal\/wp-content\/uploads\/2020\/06\/historia_cacimiro_scs_2.jpg 650w, https:\/\/aconteceunovale.com.br\/portal\/wp-content\/uploads\/2020\/06\/historia_cacimiro_scs_2-300x198.jpg 300w, https:\/\/aconteceunovale.com.br\/portal\/wp-content\/uploads\/2020\/06\/historia_cacimiro_scs_2-635x420.jpg 635w\" sizes=\"auto, (max-width: 650px) 100vw, 650px\" \/><figcaption class=\"blocks-gallery-item__caption\"><em>Foto: Divulga\u00e7\u00e3o \/ MPMG<\/em><\/figcaption><\/figure><\/li><\/ul><\/figure>\n\n\n\n<p>Al\u00e9m dos sete quil\u00f4metros de estrada de ch\u00e3o, o grupo precisou percorrer outros 2,5 quil\u00f4metros a p\u00e9, em terreno arenoso e \u00edngreme, para chegar at\u00e9 o local. O impacto causado pela realidade de vida do idoso e o atendimento feito pelos promotores de Justi\u00e7a foram contados em reportagem publicada pela Diretoria de Imprensa no portal do MPMG, em 2 de junho de 2015, h\u00e1 exatamente cinco anos. <\/p>\n\n\n\n<p><strong>Vulnerabilidade extrema<\/strong><\/p>\n\n\n\n<p>Por todos esses anos, Ca\u00e7imiro viveu sem acesso a servi\u00e7os b\u00e1sicos, como \u00e1gua tratada, saneamento e energia el\u00e9trica, al\u00e9m de n\u00e3o manter qualquer contato com dinheiro. A avers\u00e3o ao capital parece ter decorrido de experi\u00eancias traum\u00e1ticas vividas por ele como empregado em uma f\u00e1brica localizada em Suzano, no estado de S\u00e3o Paulo, antes de retornar definitivamente para Santa Cruz de Salinas.<\/p>\n\n\n\n<p>At\u00e9 cerca de 20 anos atr\u00e1s, Ca\u00e7imiro garantia sua sobreviv\u00eancia por meio do escambo. Percorria a p\u00e9 todo o trajeto da sua casa at\u00e9 a cidade, levando nas costas frutas que plantava e a lenha que cortava, para troc\u00e1-los por itens de primeira necessidade. Por\u00e9m, com o desenvolvimento da cidade e o consequente fim das permutas, o morador acabou por recolher-se ao que tinha \u2013 a terra \u2013, vivendo em um mundo pr\u00f3prio e lutando, todos os dias, contra o escasseamento dos recursos necess\u00e1rios \u00e0 sua sobreviv\u00eancia.<\/p>\n\n\n\n<figure class=\"wp-block-gallery columns-1 is-cropped wp-block-gallery-3 is-layout-flex wp-block-gallery-is-layout-flex\"><ul class=\"blocks-gallery-grid\"><li class=\"blocks-gallery-item\"><figure><img loading=\"lazy\" decoding=\"async\" width=\"650\" height=\"430\" src=\"https:\/\/aconteceunovale.com.br\/portal\/wp-content\/uploads\/2020\/06\/historia_cacimiro_scs_3.jpg\" alt=\"\" data-id=\"163567\" data-full-url=\"https:\/\/aconteceunovale.com.br\/portal\/wp-content\/uploads\/2020\/06\/historia_cacimiro_scs_3.jpg\" data-link=\"https:\/\/aconteceunovale.com.br\/portal\/?attachment_id=163567\" class=\"wp-image-163567\" srcset=\"https:\/\/aconteceunovale.com.br\/portal\/wp-content\/uploads\/2020\/06\/historia_cacimiro_scs_3.jpg 650w, https:\/\/aconteceunovale.com.br\/portal\/wp-content\/uploads\/2020\/06\/historia_cacimiro_scs_3-300x198.jpg 300w, https:\/\/aconteceunovale.com.br\/portal\/wp-content\/uploads\/2020\/06\/historia_cacimiro_scs_3-635x420.jpg 635w\" sizes=\"auto, (max-width: 650px) 100vw, 650px\" \/><figcaption class=\"blocks-gallery-item__caption\"><em>Foto: Divulga\u00e7\u00e3o \/ MPMG<\/em><\/figcaption><\/figure><\/li><\/ul><\/figure>\n\n\n\n<p>A \u00e1gua que, por todo esse tempo, ele usou para beber e para tomar banho \u00e9 a da chuva, acumulada em piscinas naturais abertas por ele na terra. J\u00e1 a alimenta\u00e7\u00e3o vinha das frutas que plantava e, nos \u00faltimos anos, tamb\u00e9m da generosidade de alguns moradores da cidade que, compadecidos pela situa\u00e7\u00e3o, passaram a, eventualmente, levar para ele alimentos como mortadela, sardinha, toucinho e carne seca. Tamb\u00e9m o munic\u00edpio de Santa Cruz de Salinas, por meio da Secretaria de Assist\u00eancia Social, passou a auxiliar o idoso com a doa\u00e7\u00e3o de cestas b\u00e1sicas., ap\u00f3s ser acionado por conhecidos de Ca\u00e7imiro.<\/p>\n\n\n\n<p>Conforme Bertoldo Mateus, o quadro visto pela equipe do MP Itinerante no atendimento ao idoso impactou a todos. \u201cExistia uma situa\u00e7\u00e3o de extrema vulnerabilidade de uma pessoa que, embora vivendo perto da cidade, estava distante de todos e de tudo, sem acesso ao m\u00ednimo existencial\u201d.<\/p>\n\n\n\n<figure class=\"wp-block-gallery columns-1 is-cropped wp-block-gallery-4 is-layout-flex wp-block-gallery-is-layout-flex\"><ul class=\"blocks-gallery-grid\"><li class=\"blocks-gallery-item\"><figure><img loading=\"lazy\" decoding=\"async\" width=\"650\" height=\"430\" src=\"https:\/\/aconteceunovale.com.br\/portal\/wp-content\/uploads\/2020\/06\/historia_cacimiro_scs_4.jpg\" alt=\"\" data-id=\"163568\" data-full-url=\"https:\/\/aconteceunovale.com.br\/portal\/wp-content\/uploads\/2020\/06\/historia_cacimiro_scs_4.jpg\" data-link=\"https:\/\/aconteceunovale.com.br\/portal\/?attachment_id=163568\" class=\"wp-image-163568\" srcset=\"https:\/\/aconteceunovale.com.br\/portal\/wp-content\/uploads\/2020\/06\/historia_cacimiro_scs_4.jpg 650w, https:\/\/aconteceunovale.com.br\/portal\/wp-content\/uploads\/2020\/06\/historia_cacimiro_scs_4-300x198.jpg 300w, https:\/\/aconteceunovale.com.br\/portal\/wp-content\/uploads\/2020\/06\/historia_cacimiro_scs_4-635x420.jpg 635w\" sizes=\"auto, (max-width: 650px) 100vw, 650px\" \/><figcaption class=\"blocks-gallery-item__caption\"><em>Foto: Divulga\u00e7\u00e3o \/ MPMG<\/em><\/figcaption><\/figure><\/li><\/ul><\/figure>\n\n\n\n<p>O procurador de Justi\u00e7a acredita que a realiza\u00e7\u00e3o do projeto MP Itinerante na cidade gerou uma esp\u00e9cie de toque nos irm\u00e3os Arlando e Jos\u00e9 Eduardo, que decidiram relatar o caso aos promotores. A partir de ent\u00e3o, come\u00e7ou a girar uma engrenagem que mudaria de forma significativa a vida do idoso.<\/p>\n\n\n\n<p><strong>O trabalho pela dignidade<\/strong><\/p>\n\n\n\n<p>Ap\u00f3s a visita a Ca\u00e7imiro, os promotores de Justi\u00e7a envolvidos no caso come\u00e7aram a trabalhar para oferecer ao idoso uma vida mais digna, cuidando, contudo, para n\u00e3o violar sua autonomia e seus h\u00e1bitos de vida. O primeiro passo foi resgatar a documenta\u00e7\u00e3o do atendido, uma vez que ele n\u00e3o guardava qualquer documento, e os registros civis seriam necess\u00e1rios para garantir a ele o pagamento mensal de um sal\u00e1rio-m\u00ednimo, por meio do Benef\u00edcio de Presta\u00e7\u00e3o Continuada da Assist\u00eancia Social (BPC) \u2013 valor destinado pelo Instituto Nacional do Seguro Social (INSS) a idosos e deficientes que n\u00e3o possam se manter e n\u00e3o possam ser mantidos por suas fam\u00edlias.<\/p>\n\n\n\n<p>Foi preciso uma mobiliza\u00e7\u00e3o conjunta do MPMG e da Prefeitura de Santa Cruz de Salinas para localizar a certid\u00e3o de registro civil do idoso e para confeccionar os documentos necess\u00e1rios. \u201cA busca da certid\u00e3o levou mais tempo do que o esperado, porque o nome dele n\u00e3o \u00e9 grafado com \u2018ss\u2019, como supunhamos, mas com \u2018c\u00ea-cedilha\u2019\u201d, contou a promotora de Justi\u00e7a Liliane Kissila Avelar Lessa.<\/p>\n\n\n\n<p>Liliane come\u00e7ou a atuar na Promotoria de Justi\u00e7a de Salinas pouco tempo depois do atendimento a Ca\u00e7imiro pelo MP Itinerante e imediatamente abra\u00e7ou o caso, mantendo comunica\u00e7\u00e3o direta e constante com a Secretaria de Assist\u00eancia Social do munic\u00edpio. Como o idoso n\u00e3o tinha contato com dinheiro e sabendo que Ca\u00e7imiro era amigo de uma mulher da comunidade que o ajudava com doa\u00e7\u00f5es, a promotora decidiu ajuizar uma a\u00e7\u00e3o de interdi\u00e7\u00e3o parcial do atendido, para que essa moradora, chamada Maria dos Anjos, o ajudasse na gest\u00e3o do benef\u00edcio, fazendo valer as vontades dele. \u201cSempre tivemos todo o cuidado para que o senhor Ca\u00e7imiro n\u00e3o se sentisse invadido. Foi uma situa\u00e7\u00e3o dif\u00edcil, que n\u00e3o est\u00e1 nos livros de direito. As condi\u00e7\u00f5es para a nossa atua\u00e7\u00e3o foram surgindo com o tempo\u201d, explica.<\/p>\n\n\n\n<p>A interdi\u00e7\u00e3o do idoso foi decretada pela Justi\u00e7a em mar\u00e7o do ano passado, e, na sequ\u00eancia, o INSS come\u00e7ou a pagar a ele o benef\u00edcio devido, com um valor retroativo acumulado de quase R$10mil. Antes disso, em 2018, o Centro de Refer\u00eancia de Assist\u00eancia Social (Cras) j\u00e1 havia obtido para o morador o pagamento de bolsa-fam\u00edlia no valor de R$ 90, quantia que foi suspensa ap\u00f3s a aquisi\u00e7\u00e3o do BPC.<\/p>\n\n\n\n<p><strong>Casa nova<\/strong><\/p>\n\n\n\n<p>Com o pagamento retroativo do BPC, os integrantes da rede de apoio a Ca\u00e7imiro propuseram a ele a constru\u00e7\u00e3o de uma casa digna, no mesmo terreno, o que foi aceito pelo idoso, com a condi\u00e7\u00e3o de que participasse de toda a obra. \u201cConstru\u00edmos a casa em 18 dias, com a ajuda de 35 pessoas da comunidade, que doaram a m\u00e3o de obra e tamb\u00e9m recursos para complementar os gastos\u201d, conta, com alegria, Vilmar Manoel Marcelino, respons\u00e1vel pela elabora\u00e7\u00e3o de um livro de ata da edifica\u00e7\u00e3o. \u201cDo in\u00edcio ao final, tudo foi feito do jeito dele\u201d, salienta Maria dos Anjos.<\/p>\n\n\n\n<figure class=\"wp-block-gallery columns-1 is-cropped wp-block-gallery-5 is-layout-flex wp-block-gallery-is-layout-flex\"><ul class=\"blocks-gallery-grid\"><li class=\"blocks-gallery-item\"><figure><img loading=\"lazy\" decoding=\"async\" width=\"650\" height=\"430\" src=\"https:\/\/aconteceunovale.com.br\/portal\/wp-content\/uploads\/2020\/06\/historia_cacimiro_scs_5.jpg\" alt=\"\" data-id=\"163569\" data-full-url=\"https:\/\/aconteceunovale.com.br\/portal\/wp-content\/uploads\/2020\/06\/historia_cacimiro_scs_5.jpg\" data-link=\"https:\/\/aconteceunovale.com.br\/portal\/?attachment_id=163569\" class=\"wp-image-163569\" srcset=\"https:\/\/aconteceunovale.com.br\/portal\/wp-content\/uploads\/2020\/06\/historia_cacimiro_scs_5.jpg 650w, https:\/\/aconteceunovale.com.br\/portal\/wp-content\/uploads\/2020\/06\/historia_cacimiro_scs_5-300x198.jpg 300w, https:\/\/aconteceunovale.com.br\/portal\/wp-content\/uploads\/2020\/06\/historia_cacimiro_scs_5-635x420.jpg 635w\" sizes=\"auto, (max-width: 650px) 100vw, 650px\" \/><figcaption class=\"blocks-gallery-item__caption\"><em>Foto: Divulga\u00e7\u00e3o \/ MPMG<\/em><\/figcaption><\/figure><\/li><\/ul><\/figure>\n\n\n\n<p>A nova moradia de Ca\u00e7imiro, formada por dois c\u00f4modos, um banheiro e uma \u00e1rea com fog\u00e3o a lenha, foi conclu\u00edda no m\u00eas passado, para a felicidade de todos os envolvidos. Conforme Maria dos Anjos, havia, por parte dos amigos, o receio de que o idoso n\u00e3o se mudasse para a casa nova. Por\u00e9m, antes mesmo de a obra ser finalizada, Ca\u00e7imiro j\u00e1 estava no novo espa\u00e7o. \u201cEstamos muito felizes porque agora ele est\u00e1 mais feliz e mais socializado. Teve um dia que ele at\u00e9 se emocionou com a gente l\u00e1. Mas se perguntarmos se ele est\u00e1 feliz, ele fala que est\u00e1 com sorte\u201d, conta a curadora.<\/p>\n\n\n\n<p>Segundo Vilmar, o amigo mudou muito depois que passou a viver na nova moradia. \u201cAcho que ele est\u00e1 muito diferente. Na casinha antiga, n\u00e3o deixava ningu\u00e9m entrar, acho que por vergonha. Agora est\u00e1 feliz demais, recebendo as pessoas. Faz at\u00e9 caf\u00e9 para as visitas\u201d.<\/p>\n\n\n\n<figure class=\"wp-block-gallery columns-1 is-cropped wp-block-gallery-6 is-layout-flex wp-block-gallery-is-layout-flex\"><ul class=\"blocks-gallery-grid\"><li class=\"blocks-gallery-item\"><figure><img loading=\"lazy\" decoding=\"async\" width=\"650\" height=\"430\" src=\"https:\/\/aconteceunovale.com.br\/portal\/wp-content\/uploads\/2020\/06\/historia_cacimiro_scs_6.jpg\" alt=\"\" data-id=\"163570\" data-full-url=\"https:\/\/aconteceunovale.com.br\/portal\/wp-content\/uploads\/2020\/06\/historia_cacimiro_scs_6.jpg\" data-link=\"https:\/\/aconteceunovale.com.br\/portal\/?attachment_id=163570\" class=\"wp-image-163570\" srcset=\"https:\/\/aconteceunovale.com.br\/portal\/wp-content\/uploads\/2020\/06\/historia_cacimiro_scs_6.jpg 650w, https:\/\/aconteceunovale.com.br\/portal\/wp-content\/uploads\/2020\/06\/historia_cacimiro_scs_6-300x198.jpg 300w, https:\/\/aconteceunovale.com.br\/portal\/wp-content\/uploads\/2020\/06\/historia_cacimiro_scs_6-635x420.jpg 635w\" sizes=\"auto, (max-width: 650px) 100vw, 650px\" \/><figcaption class=\"blocks-gallery-item__caption\"><em>Foto: Divulga\u00e7\u00e3o \/ MPMG<\/em><\/figcaption><\/figure><\/li><\/ul><\/figure>\n\n\n\n<p>A nova casa de Ca\u00e7imiro foi constru\u00edda mais perto da estrada, o que facilitou a entrega dos alimentos e a visita dos amigos, comenta K\u00eannia Daniela Mendes, assistente social do Cras. \u201cAntes, era preciso andar muito a p\u00e9 para chegarmos at\u00e9 ele. Hoje, o carro vai na porta. O caminh\u00e3o-pipa da prefeitura, que tem levado \u00e1gua pot\u00e1vel para ele, tamb\u00e9m consegue chegar at\u00e9 l\u00e1\u201d, comemora.<\/p>\n\n\n\n<p>Mas os amigos de Ca\u00e7imiro ainda querem fazer mais por ele, embora a limita\u00e7\u00e3o de recursos represente um impedimento para isso. \u201cO Ca\u00e7imiro vive sem energia el\u00e9trica, sem geladeira. Al\u00e9m de a energia n\u00e3o chegar at\u00e9 a casa dele, ele tem medo dos fios, da tens\u00e3o. Mas sempre diz que gostaria de ter \u00e1gua fria para tomar, o que a gente tenta resolver levando gelo quando vai l\u00e1. Estamos pensando na possibilidade de colocar uma placa de energia solar na casa, mas isso \u00e9 muito caro. Ent\u00e3o, por enquanto \u00e9 s\u00f3 sonho\u201d, lamenta Maria.<\/p>\n\n\n\n<p>Vilmar tamb\u00e9m sonha em realizar outro grande desejo do amigo, que \u00e9 ter uma sanfona. \u201cEle deseja muito ter uma. Todo ano, faz um encontro de S\u00e3o Jo\u00e3o e re\u00fane as pessoas que v\u00e3o visit\u00e1-lo em torno da fogueira. Dizem que quando ele era mais novo, tocava muito forr\u00f3 para o povo dan\u00e7ar na Folia de Reis\u201d. Para matar a saudade que o idoso tem do instrumento, Vilmar pegou uma sanfona emprestada com um conhecido certo dia e levou para Ca\u00e7imiro passar o dia. \u201cFoi uma alegria. O dif\u00edcil foi levar embora, viu!\u201d, conta. \u201cEspero muito que ele possa ter uma um dia\u201d, projeta o amigo.<\/p>\n\n\n\n<figure class=\"wp-block-gallery columns-1 is-cropped wp-block-gallery-7 is-layout-flex wp-block-gallery-is-layout-flex\"><ul class=\"blocks-gallery-grid\"><li class=\"blocks-gallery-item\"><figure><img loading=\"lazy\" decoding=\"async\" width=\"650\" height=\"430\" src=\"https:\/\/aconteceunovale.com.br\/portal\/wp-content\/uploads\/2020\/06\/historia_cacimiro_scs_7.jpg\" alt=\"\" data-id=\"163571\" data-full-url=\"https:\/\/aconteceunovale.com.br\/portal\/wp-content\/uploads\/2020\/06\/historia_cacimiro_scs_7.jpg\" data-link=\"https:\/\/aconteceunovale.com.br\/portal\/?attachment_id=163571\" class=\"wp-image-163571\" srcset=\"https:\/\/aconteceunovale.com.br\/portal\/wp-content\/uploads\/2020\/06\/historia_cacimiro_scs_7.jpg 650w, https:\/\/aconteceunovale.com.br\/portal\/wp-content\/uploads\/2020\/06\/historia_cacimiro_scs_7-300x198.jpg 300w, https:\/\/aconteceunovale.com.br\/portal\/wp-content\/uploads\/2020\/06\/historia_cacimiro_scs_7-635x420.jpg 635w\" sizes=\"auto, (max-width: 650px) 100vw, 650px\" \/><figcaption class=\"blocks-gallery-item__caption\"><em>Foto: Divulga\u00e7\u00e3o \/ MPMG<\/em><\/figcaption><\/figure><\/li><\/ul><\/figure>\n\n\n\n<p><strong>Os cuidados de Maria dos Anjos<\/strong><\/p>\n\n\n\n<p>A curadora de Ca\u00e7imiro, Maria dos Anjos Mendes, conheceu o idoso h\u00e1 nove anos, quando ela se mudou de S\u00e3o Paulo para Santa Cruz de Salinas. A mulher conta que soube da hist\u00f3ria do morador logo que chegou na cidade e pediu ao cunhado para acompanh\u00e1-la at\u00e9 a casa dele, para conhec\u00ea-lo. A situa\u00e7\u00e3o de Ca\u00e7imiro sensibilizou profundamente Maria, que vive com o marido e possui tr\u00eas filhos adultos em S\u00e3o Paulo. \u201cDepois disso, eu nunca mais deixei de ir l\u00e1 ajud\u00e1-lo\u201d, conta. Aos poucos, a mulher foi estreitando os la\u00e7os de afeto com Ca\u00e7imiro e hoje tem por ele um amor de filha. \u201cAcho que n\u00e3o fiz nada t\u00e3o bem na minha vida como cuidar dele. N\u00e3o h\u00e1 nada que me fa\u00e7a mais feliz\u201d, afirma.<\/p>\n\n\n\n<p>\u00c9 Maria quem manda as refei\u00e7\u00f5es para Ca\u00e7imiro, algumas vezes atrav\u00e9s de Vilmar, quando n\u00e3o pode ir at\u00e9 l\u00e1. \u00c9 ela quem providencia tudo o que o idoso precisa. Foi ela quem acompanhou todo o processo de constru\u00e7\u00e3o da casa, quem comprou a mob\u00edlia e \u00e9 tamb\u00e9m quem vai, uma vez por semana, \u00e0 casa do idoso fazer faxina e lavar as roupas. \u00c9 tamb\u00e9m quem est\u00e1 mais habituada com os h\u00e1bitos peculiares do amigo, como o uso de roupas de cores espec\u00edficas e de um calend\u00e1rio pr\u00f3prio. \u201cCa\u00e7imiro \u00e9 cheio dos h\u00e1bitos, tem muita coisa do jeito dele. S\u00f3 usa cal\u00e7a branca e blusa verde ou cor de ab\u00f3bora, como ele fala. Diz que s\u00e3o as cores do sinal. Como ele n\u00e3o gosta dos n\u00fameros \u00edmpares, ele tem um calend\u00e1rio pr\u00f3prio, s\u00f3 com os meses pares. Ent\u00e3o, est\u00e1 sempre na nossa frente\u201d, diverte-se.<\/p>\n\n\n\n<figure class=\"wp-block-gallery columns-1 is-cropped wp-block-gallery-8 is-layout-flex wp-block-gallery-is-layout-flex\"><ul class=\"blocks-gallery-grid\"><li class=\"blocks-gallery-item\"><figure><img loading=\"lazy\" decoding=\"async\" width=\"650\" height=\"430\" src=\"https:\/\/aconteceunovale.com.br\/portal\/wp-content\/uploads\/2020\/06\/historia_cacimiro_scs_8.jpg\" alt=\"\" data-id=\"163572\" data-full-url=\"https:\/\/aconteceunovale.com.br\/portal\/wp-content\/uploads\/2020\/06\/historia_cacimiro_scs_8.jpg\" data-link=\"https:\/\/aconteceunovale.com.br\/portal\/?attachment_id=163572\" class=\"wp-image-163572\" srcset=\"https:\/\/aconteceunovale.com.br\/portal\/wp-content\/uploads\/2020\/06\/historia_cacimiro_scs_8.jpg 650w, https:\/\/aconteceunovale.com.br\/portal\/wp-content\/uploads\/2020\/06\/historia_cacimiro_scs_8-300x198.jpg 300w, https:\/\/aconteceunovale.com.br\/portal\/wp-content\/uploads\/2020\/06\/historia_cacimiro_scs_8-635x420.jpg 635w\" sizes=\"auto, (max-width: 650px) 100vw, 650px\" \/><figcaption class=\"blocks-gallery-item__caption\"><em>Foto: Divulga\u00e7\u00e3o \/ MPMG<\/em><\/figcaption><\/figure><\/li><\/ul><\/figure>\n\n\n\n<p>A curadora se impressiona, todos os dias, com a disposi\u00e7\u00e3o do idoso para o trabalho e com a for\u00e7a que ele possui, mesmo tendo vivido por tanto tempo em situa\u00e7\u00e3o de miserabilidade. \u201c\u00c9 uma pessoa que n\u00e3o vai ao m\u00e9dico, n\u00e3o aceita que se me\u00e7a a press\u00e3o, nem rem\u00e9dio, nem uma pomadinha. E mesmo assim tem a for\u00e7a de um trator\u201d.<\/p>\n\n\n\n<p>Para Maria, se n\u00e3o fosse o MPMG e a Assist\u00eancia Social do munic\u00edpio, a vida do idoso n\u00e3o teria se transformado. \u201cAcho que ele n\u00e3o teria conseguido nada. N\u00e3o sei mesmo como sobrevivia antes. Acho que foi Deus, viu!\u201d.<\/p>\n\n\n\n<figure class=\"wp-block-gallery columns-1 is-cropped wp-block-gallery-9 is-layout-flex wp-block-gallery-is-layout-flex\"><ul class=\"blocks-gallery-grid\"><li class=\"blocks-gallery-item\"><figure><img loading=\"lazy\" decoding=\"async\" width=\"650\" height=\"430\" src=\"https:\/\/aconteceunovale.com.br\/portal\/wp-content\/uploads\/2020\/06\/historia_cacimiro_scs_9.jpg\" alt=\"\" data-id=\"163573\" data-full-url=\"https:\/\/aconteceunovale.com.br\/portal\/wp-content\/uploads\/2020\/06\/historia_cacimiro_scs_9.jpg\" data-link=\"https:\/\/aconteceunovale.com.br\/portal\/?attachment_id=163573\" class=\"wp-image-163573\" srcset=\"https:\/\/aconteceunovale.com.br\/portal\/wp-content\/uploads\/2020\/06\/historia_cacimiro_scs_9.jpg 650w, https:\/\/aconteceunovale.com.br\/portal\/wp-content\/uploads\/2020\/06\/historia_cacimiro_scs_9-300x198.jpg 300w, https:\/\/aconteceunovale.com.br\/portal\/wp-content\/uploads\/2020\/06\/historia_cacimiro_scs_9-635x420.jpg 635w\" sizes=\"auto, (max-width: 650px) 100vw, 650px\" \/><figcaption class=\"blocks-gallery-item__caption\"><em>Foto: Divulga\u00e7\u00e3o \/ MPMG<\/em><\/figcaption><\/figure><\/li><\/ul><\/figure>\n\n\n\n<p><strong>\u201cN\u00e3o podemos normalizar o absurdo\u201d<\/strong><\/p>\n\n\n\n<p>O promotor de Justi\u00e7a Paulo C\u00e9sar e o procurador Bertoldo Mateus ficaram muito felizes ao receberem da promotora Liliane a not\u00edcia sobre a constru\u00e7\u00e3o da casa de Ca\u00e7imiro. \u201cO Minist\u00e9rio P\u00fablico \u00e9 um s\u00f3, a soma dos esfor\u00e7os de v\u00e1rias pessoas. Ver esse corpo funcionando t\u00e3o bem e envolvendo a comunidade \u00e9 motivo de muito orgulho\u201d, afirma Paulo C\u00e9sar.<\/p>\n\n\n\n<p>O promotor recorda que depois que voltou do MP Itinerante para Belo Horizonte ainda ficou por um m\u00eas com a hist\u00f3ria de Ca\u00e7imiro na cabe\u00e7a. Para ele, o caso refor\u00e7a a import\u00e2ncia da aproxima\u00e7\u00e3o dos promotores de Justi\u00e7a com a sociedade. \u201cTemos muitos outros Ca\u00e7imiros por a\u00ed, em condi\u00e7\u00f5es de extrema vulnerabilidade social, em situa\u00e7\u00f5es inaceit\u00e1veis. N\u00e3o podemos normalizar o absurdo e a indignidade. Esse caso nos mostrou, com clareza, como \u00e9 importante que os promotores saiam do gabinete, se aproximem da comunidade, para serem, de fato, agentes de transforma\u00e7\u00e3o social. Se a gente n\u00e3o decide ir a campo, ver de perto a situa\u00e7\u00e3o, nada muda\u201d.<\/p>\n\n\n\n<p>Bertoldo Mateus ressalta tamb\u00e9m que as institui\u00e7\u00f5es s\u00e3o feitas de pessoas e que estas precisam estar imbu\u00eddas do desejo de ajudar e de transformar. \u201cFoi uma engrenagem que come\u00e7ou a rodar a partir de um impulso e que transformou n\u00e3o s\u00f3 a vida do Ca\u00e7imiro, mas tamb\u00e9m da comunidade e de todos os outros atores que se envolveram no caso dele\u201d, avalia.<\/p>\n\n\n\n<p>O procurador recorda, ainda, que l\u00edderes inspiradores da sociedade, como Martin Luther King, Gandhi, Nelson Mandela e Madre Tereza, j\u00e1 ensinavam que, quando se modifica a vida de uma pessoa, o mundo est\u00e1 sendo modificado para melhor. \u201cA gente se emociona com a dignidade que Ca\u00e7imiro adquiriu e se alegra demais sabendo que alguma coisa se transformou para o bem\u201d.<\/p>\n\n\n\n<p class=\"has-background has-very-light-gray-background-color\">Quer saber as not\u00edcias do <strong>Aconteceu no Vale<\/strong> em primeira m\u00e3o? Siga-nos no Facebook <a rel=\"noreferrer noopener\" href=\"http:\/\/facebook.com\/aconteceunovale\" target=\"_blank\">@aconteceunovale<\/a>, Twitter <a rel=\"noreferrer noopener\" href=\"https:\/\/twitter.com\/noticiadosvales\" target=\"_blank\">@noticiadosvales<\/a> e Instagram <a rel=\"noreferrer noopener\" href=\"https:\/\/www.instagram.com\/aconteceunovale\" target=\"_blank\">@aconteceunovale<\/a>.<\/p>\n","protected":false},"excerpt":{"rendered":"<p>At\u00e9 cinco anos atr\u00e1s, a hist\u00f3ria de vida do senhor Ca\u00e7imiro Alves de Sousa, hoje com 76 anos, era uma esp\u00e9cie de lenda para os moradores do pequeno munic\u00edpio de Santa Cruz de Salinas, no Norte de Minas. \u00c0quela \u00e9poca, havia 32 anos que o idoso vivia sozinho e isolado da cidade em um peda\u00e7o [&hellip;]<\/p>\n","protected":false},"author":1,"featured_media":163565,"comment_status":"open","ping_status":"closed","sticky":false,"template":"","format":"standard","meta":{"amp_status":"","footnotes":""},"categories":[1236],"tags":[222953,222951,47047,47049,1018,47048,222952,222957,222956,222950,222955,222954,19674,15352,43298,19675,47050,190,927,75509],"class_list":["post-163564","post","type-post","status-publish","format-standard","has-post-thumbnail","hentry","category-norte_de_minas","tag-arlando-manoel-marcelino","tag-cacimiro-alves-de-sousa","tag-cassimiro-alves-de-souza","tag-conheca-o-ermitao-de-santa-cruz-de-salinas","tag-destaque","tag-ermitao-de-santa-cruz-de-salinas","tag-fazenda-brejinho","tag-homem-das-cavernas-de-santa-cruz-de-salinas","tag-homem-que-vive-isolado-no-mato-ha-37-anos-tem-vida-transformada","tag-idoso-que-vive-isolado-no-mato-em-santa-cruz-de-salinas-ha-37-anos-tem-vida-transformada","tag-jean-ernane-mendes-da-silva","tag-jose-eduardo-manoel-marcelino","tag-ministerio-publico-de-minas-gerais","tag-ministerio-publico-itinerante","tag-mp-itinerante","tag-mpmg","tag-o-ermitao-de-santa-cruz-de-salinas","tag-salinas","tag-santa-cruz-de-salinas","tag-suzano"],"_links":{"self":[{"href":"https:\/\/aconteceunovale.com.br\/portal\/index.php?rest_route=\/wp\/v2\/posts\/163564","targetHints":{"allow":["GET"]}}],"collection":[{"href":"https:\/\/aconteceunovale.com.br\/portal\/index.php?rest_route=\/wp\/v2\/posts"}],"about":[{"href":"https:\/\/aconteceunovale.com.br\/portal\/index.php?rest_route=\/wp\/v2\/types\/post"}],"author":[{"embeddable":true,"href":"https:\/\/aconteceunovale.com.br\/portal\/index.php?rest_route=\/wp\/v2\/users\/1"}],"replies":[{"embeddable":true,"href":"https:\/\/aconteceunovale.com.br\/portal\/index.php?rest_route=%2Fwp%2Fv2%2Fcomments&post=163564"}],"version-history":[{"count":1,"href":"https:\/\/aconteceunovale.com.br\/portal\/index.php?rest_route=\/wp\/v2\/posts\/163564\/revisions"}],"predecessor-version":[{"id":163574,"href":"https:\/\/aconteceunovale.com.br\/portal\/index.php?rest_route=\/wp\/v2\/posts\/163564\/revisions\/163574"}],"wp:featuredmedia":[{"embeddable":true,"href":"https:\/\/aconteceunovale.com.br\/portal\/index.php?rest_route=\/wp\/v2\/media\/163565"}],"wp:attachment":[{"href":"https:\/\/aconteceunovale.com.br\/portal\/index.php?rest_route=%2Fwp%2Fv2%2Fmedia&parent=163564"}],"wp:term":[{"taxonomy":"category","embeddable":true,"href":"https:\/\/aconteceunovale.com.br\/portal\/index.php?rest_route=%2Fwp%2Fv2%2Fcategories&post=163564"},{"taxonomy":"post_tag","embeddable":true,"href":"https:\/\/aconteceunovale.com.br\/portal\/index.php?rest_route=%2Fwp%2Fv2%2Ftags&post=163564"}],"curies":[{"name":"wp","href":"https:\/\/api.w.org\/{rel}","templated":true}]}}