{"id":163552,"date":"2020-06-04T10:27:53","date_gmt":"2020-06-04T13:27:53","guid":{"rendered":"https:\/\/aconteceunovale.com.br\/portal\/?p=163552"},"modified":"2020-06-04T10:30:44","modified_gmt":"2020-06-04T13:30:44","slug":"romeu-zema-empossa-novo-comandante-geral-da-policia-militar","status":"publish","type":"post","link":"https:\/\/aconteceunovale.com.br\/portal\/?p=163552","title":{"rendered":"Romeu Zema empossa novo comandante-geral da Pol\u00edcia Militar"},"content":{"rendered":"\n<p>O governador Romeu Zema empossou nesta quarta-feira (3\/6\/2020) o novo comandante-geral da&nbsp;<a rel=\"noreferrer noopener\" href=\"http:\/\/www.policiamilitar.mg.gov.br\/\" target=\"_blank\">Pol\u00edcia Militar de Minas Gerais (PMMG)<\/a>, coronel Rodrigo Sousa Rodrigues. Durante a cerim\u00f4nia, o coronel Osvaldo de Souza Marques assumiu a chefia do&nbsp;Gabinete Militar do Governador (GMG)&nbsp;e a&nbsp;Coordenadoria Estadual de Defesa Civil (Cedec). J\u00e1 o coronel Eduardo Felisberto Alves foi nomeado como o chefe do Estado Maior.<\/p>\n\n\n\n<p>Romeu Zema agradeceu aos servi\u00e7os prestados pelos militares que deixaram os respectivos cargos (ex-comandante-geral, coronel Giovanne Gomes da Silva; e ex-chefe do Estado Maior, coronel Marcelo Fernandes) e destacou a confian\u00e7a no trabalho da nova tr\u00edade do comando da institui\u00e7\u00e3o para a manuten\u00e7\u00e3o da ordem e a seguran\u00e7a da sociedade mineira.<\/p>\n\n\n\n<p>Minas Gerais registrou queda de 27% nos \u00edndices de crimes violentos em 2020, comparados ao mesmo per\u00edodo de 2019. Zema lembrou que o resultado \u00e9 fruto de um trabalho integrado das For\u00e7as de Seguran\u00e7a do estado no combate \u00e0 criminalidade.<\/p>\n\n\n\n<p>\u201cDesejo aos tr\u00eas novos integrantes, coron\u00e9is Rodrigo, Osvaldo e Eduardo, sucesso nessa miss\u00e3o t\u00e3o importante que os senhores t\u00eam pela frente. Lembro que voc\u00eas est\u00e3o assumindo a PMMG num momento em que os indicadores s\u00e3o os melhores poss\u00edveis. A criminalidade, que j\u00e1 estava caindo ano ap\u00f3s ano, em 2020 registrou uma queda expressiva \u2013 enquanto outros estados est\u00e3o tendo uma curva oposta \u00e0 nossa. O que demonstra que n\u00e3o \u00e9 somente quest\u00e3o da pandemia, \u00e9 fruto de trabalho, integra\u00e7\u00e3o e intelig\u00eancia\u201d, disse o governador.<\/p>\n\n\n\n<figure class=\"wp-block-gallery columns-1 is-cropped wp-block-gallery-1 is-layout-flex wp-block-gallery-is-layout-flex\"><ul class=\"blocks-gallery-grid\"><li class=\"blocks-gallery-item\"><figure><img loading=\"lazy\" decoding=\"async\" width=\"675\" height=\"450\" src=\"https:\/\/aconteceunovale.com.br\/portal\/wp-content\/uploads\/2020\/06\/novo_comando_pmmg_1.jpg\" alt=\"\" data-id=\"163553\" data-full-url=\"https:\/\/aconteceunovale.com.br\/portal\/wp-content\/uploads\/2020\/06\/novo_comando_pmmg_1.jpg\" data-link=\"https:\/\/aconteceunovale.com.br\/portal\/?attachment_id=163553\" class=\"wp-image-163553\" srcset=\"https:\/\/aconteceunovale.com.br\/portal\/wp-content\/uploads\/2020\/06\/novo_comando_pmmg_1.jpg 675w, https:\/\/aconteceunovale.com.br\/portal\/wp-content\/uploads\/2020\/06\/novo_comando_pmmg_1-300x200.jpg 300w, https:\/\/aconteceunovale.com.br\/portal\/wp-content\/uploads\/2020\/06\/novo_comando_pmmg_1-630x420.jpg 630w\" sizes=\"auto, (max-width: 675px) 100vw, 675px\" \/><figcaption class=\"blocks-gallery-item__caption\"><em>Foto: Gil Leonardi \/ Imprensa MG<\/em><\/figcaption><\/figure><\/li><\/ul><\/figure>\n\n\n\n<p><strong>Institui\u00e7\u00e3o refer\u00eancia<\/strong><\/p>\n\n\n\n<p>Zema lembrou, ainda, que a institui\u00e7\u00e3o \u00e9 considerada refer\u00eancia no pa\u00eds. \u201cPara mim \u00e9 uma satisfa\u00e7\u00e3o enorme ver uma institui\u00e7\u00e3o t\u00e3o forte e respeitada como a nossa Pol\u00edcia Militar funcionar. Fica aqui o meu orgulho de ser mineiro e de pertencer a um povo que tem uma institui\u00e7\u00e3o de 245 anos que \u00e9 respeitada em todo o Brasil e que \u00e9 citada como exemplo. Contem com o meio apoio\u201d, finalizou.<\/p>\n\n\n\n<p><strong>Responsabilidade<\/strong><\/p>\n\n\n\n<p>Coronel Rodrigo, que at\u00e9 ent\u00e3o acumulava as fun\u00e7\u00f5es de chefe do GMG e coordenador estadual da Cedec, tem vasta experi\u00eancia na PMMG e coordenou o Comando de Avia\u00e7\u00e3o do Estado (Comave) entre 2015 e 2019. Ele destacou o compromisso com a sociedade mineira e a continuidade do trabalho da entidade que tem alcan\u00e7ado importantes resultados.<\/p>\n\n\n\n<p>\u201cAgrade\u00e7o pela confian\u00e7a do nosso trabalho \u00e0 frente do Gabinete Militar e da Defesa Civil e por acreditar na continuidade da nossa dedica\u00e7\u00e3o, agora no comando dessa institui\u00e7\u00e3o. Esteja certo, governador, que o senhor possui um aliado na dif\u00edcil tarefa de zelar pelas Minas Gerais, com o objetivo de construir um estado diferente e eficiente. As diretrizes emanadas comungam com o objetivo de promover uma gest\u00e3o t\u00e9cnica, eficiente, transparente, na busca do resgate pelo orgulho de ser mineiro\u201d, afirmou.<\/p>\n\n\n\n<p>O novo comandante-geral tamb\u00e9m ressaltou o comprometimento com a institui\u00e7\u00e3o. \u201c\u00c0 tropa da Pol\u00edcia Militar de Minas Gerais, composta de mulheres e homens de honra, que tornam essa institui\u00e7\u00e3o orgulho do povo mineiro, assumo o compromisso de continuar a zelar pelo bem-estar dos nossos policiais militares, da ativa e veteranos, e pela sustentabilidade de nossa institui\u00e7\u00e3o\u201d, finalizou.<\/p>\n\n\n\n<figure class=\"wp-block-gallery columns-1 is-cropped wp-block-gallery-2 is-layout-flex wp-block-gallery-is-layout-flex\"><ul class=\"blocks-gallery-grid\"><li class=\"blocks-gallery-item\"><figure><img loading=\"lazy\" decoding=\"async\" width=\"675\" height=\"450\" src=\"https:\/\/aconteceunovale.com.br\/portal\/wp-content\/uploads\/2020\/06\/novo_comando_pmmg_3.jpg\" alt=\"\" data-id=\"163556\" data-full-url=\"https:\/\/aconteceunovale.com.br\/portal\/wp-content\/uploads\/2020\/06\/novo_comando_pmmg_3.jpg\" data-link=\"https:\/\/aconteceunovale.com.br\/portal\/?attachment_id=163556\" class=\"wp-image-163556\" srcset=\"https:\/\/aconteceunovale.com.br\/portal\/wp-content\/uploads\/2020\/06\/novo_comando_pmmg_3.jpg 675w, https:\/\/aconteceunovale.com.br\/portal\/wp-content\/uploads\/2020\/06\/novo_comando_pmmg_3-300x200.jpg 300w, https:\/\/aconteceunovale.com.br\/portal\/wp-content\/uploads\/2020\/06\/novo_comando_pmmg_3-630x420.jpg 630w\" sizes=\"auto, (max-width: 675px) 100vw, 675px\" \/><figcaption class=\"blocks-gallery-item__caption\"><em>Foto: Gil Leonardi \/ Imprensa MG<\/em><\/figcaption><\/figure><\/li><\/ul><\/figure>\n\n\n\n<p><strong>Resultados<\/strong><\/p>\n\n\n\n<p>O coronel Giovanne Gomes da Silva deixa a Pol\u00edcia Militar mineira ap\u00f3s 31 anos, ao ser nomeado, na \u00faltima semana, para a presid\u00eancia da Funda\u00e7\u00e3o Nacional de Sa\u00fade (Funasa). O agora veterano destacou os principais resultados alcan\u00e7ados pelo sistema de Seguran\u00e7a do Estado.<\/p>\n\n\n\n<p>\u201cProtegemos o povo mineiro nas diversas agruras vivenciadas como a trag\u00e9dia de Brumadinho, enchentes avassaladoras e na pandemia da covid-19. Neste tempo em que estive \u00e0 frente do comando-geral, o Estado alcan\u00e7ou o menor \u00edndice de crime violento nos \u00faltimos oito anos. Nos \u00faltimos 17 meses o crime violento caiu mais de 40%, a taxa de homic\u00eddios consumados reduziu 15%. Isso \u00e9 uma demonstra\u00e7\u00e3o da qualidade dos servi\u00e7os prestados, n\u00e3o s\u00f3 pela Pol\u00edcia Militar, mas por todas as institui\u00e7\u00f5es que comp\u00f5em o sistema de Seguran\u00e7a P\u00fablica de Minas Gerais\u201d, afirmou o coronel Giovanne.<\/p>\n\n\n\n<p><strong>Integra\u00e7\u00e3o<\/strong><\/p>\n\n\n\n<p>Para a chefia do Gabinete Militar do Governador e coordena\u00e7\u00e3o estadual da Cedec foi empossado o coronel Osvaldo de Souza Marques. Em seu discurso, o novo chefe do GMG lembrou dos compromissos da institui\u00e7\u00e3o.<\/p>\n\n\n\n<p>\u201cTemos sete valores que norteiam a Pol\u00edcia Militar de Minas Gerais e que s\u00e3o aplic\u00e1veis a qualquer rela\u00e7\u00e3o humana. Os dois primeiros s\u00e3o a hierarquia e a disciplina. E a primeira institui\u00e7\u00e3o a que me dirijo \u00e9 o Governo do Estado de Minas Gerais, na pessoa do governador Romeu Zema, representante de todo o povo mineiro, a quem devemos servir e proteger. Esses princ\u00edpios ser\u00e3o transmutados em um trabalho cooperativo e integrat\u00f3rio, visando uma harmonia de esfor\u00e7os em prol de tornar Minas cada vez mais um lugar melhor para se viver, para se trabalhar e para se empreender\u201d, afirmou.<\/p>\n\n\n\n<p>O novo chefe do Estado Maior ser\u00e1 o coronel Eduardo Felisberto Alves. Ele substitui o coronel Marcelo Fernandes, que vai para a reserva da corpora\u00e7\u00e3o.<\/p>\n\n\n\n<p>Tamb\u00e9m participaram da cerim\u00f4nia o vice-governador de Minas Gerais, Paulo Brant; o presidente eleito do Tribunal de Justi\u00e7a de Minas Gerais (TJMG), desembargador Gilson Soares Lemes; o procurador-geral de Justi\u00e7a de Minas Gerais, Ant\u00f4nio S\u00e9rgio Tonet; o secret\u00e1rio de&nbsp;Justi\u00e7a e Seguran\u00e7a P\u00fablica, general Mario Araujo; &nbsp;a&nbsp;defensora p\u00fablica-geral do Estado de Minas Gerais em exerc\u00edcio,&nbsp;Marina Lage Pessoa da Costa, e demais autoridades militares e representantes de \u00f3rg\u00e3os e institui\u00e7\u00f5es do Estado.&nbsp;<\/p>\n\n\n\n<figure class=\"wp-block-gallery columns-1 is-cropped wp-block-gallery-3 is-layout-flex wp-block-gallery-is-layout-flex\"><ul class=\"blocks-gallery-grid\"><li class=\"blocks-gallery-item\"><figure><img loading=\"lazy\" decoding=\"async\" width=\"648\" height=\"450\" src=\"https:\/\/aconteceunovale.com.br\/portal\/wp-content\/uploads\/2020\/06\/novo_comando_pmmg_2.jpg\" alt=\"\" data-id=\"163554\" data-full-url=\"https:\/\/aconteceunovale.com.br\/portal\/wp-content\/uploads\/2020\/06\/novo_comando_pmmg_2.jpg\" data-link=\"https:\/\/aconteceunovale.com.br\/portal\/?attachment_id=163554\" class=\"wp-image-163554\" srcset=\"https:\/\/aconteceunovale.com.br\/portal\/wp-content\/uploads\/2020\/06\/novo_comando_pmmg_2.jpg 648w, https:\/\/aconteceunovale.com.br\/portal\/wp-content\/uploads\/2020\/06\/novo_comando_pmmg_2-300x208.jpg 300w, https:\/\/aconteceunovale.com.br\/portal\/wp-content\/uploads\/2020\/06\/novo_comando_pmmg_2-100x70.jpg 100w, https:\/\/aconteceunovale.com.br\/portal\/wp-content\/uploads\/2020\/06\/novo_comando_pmmg_2-218x150.jpg 218w, https:\/\/aconteceunovale.com.br\/portal\/wp-content\/uploads\/2020\/06\/novo_comando_pmmg_2-605x420.jpg 605w\" sizes=\"auto, (max-width: 648px) 100vw, 648px\" \/><figcaption class=\"blocks-gallery-item__caption\"><em>Foto: Gil Leonardi \/ Imprensa MG<\/em><\/figcaption><\/figure><\/li><\/ul><\/figure>\n\n\n\n<p class=\"has-background has-very-light-gray-background-color\">Quer saber as not\u00edcias do <strong>Aconteceu no Vale<\/strong> em primeira m\u00e3o? Siga-nos no Facebook <a rel=\"noreferrer noopener\" href=\"http:\/\/facebook.com\/aconteceunovale\" target=\"_blank\">@aconteceunovale<\/a>, Twitter <a rel=\"noreferrer noopener\" href=\"https:\/\/twitter.com\/noticiadosvales\" target=\"_blank\">@noticiadosvales<\/a> e Instagram <a rel=\"noreferrer noopener\" href=\"https:\/\/www.instagram.com\/aconteceunovale\" target=\"_blank\">@aconteceunovale<\/a>.<\/p>\n","protected":false},"excerpt":{"rendered":"<p>O governador Romeu Zema empossou nesta quarta-feira (3\/6\/2020) o novo comandante-geral da&nbsp;Pol\u00edcia Militar de Minas Gerais (PMMG), coronel Rodrigo Sousa Rodrigues. Durante a cerim\u00f4nia, o coronel Osvaldo de Souza Marques assumiu a chefia do&nbsp;Gabinete Militar do Governador (GMG)&nbsp;e a&nbsp;Coordenadoria Estadual de Defesa Civil (Cedec). J\u00e1 o coronel Eduardo Felisberto Alves foi nomeado como o chefe [&hellip;]<\/p>\n","protected":false},"author":1,"featured_media":163553,"comment_status":"open","ping_status":"closed","sticky":false,"template":"","format":"standard","meta":{"amp_status":"","footnotes":""},"categories":[123],"tags":[132887,222941,222939,222936,1018,222940,184213,222938,38187,222937,178207,222942],"class_list":["post-163552","post","type-post","status-publish","format-standard","has-post-thumbnail","hentry","category-gerais","tag-cedec-mg","tag-coronel-eduardo-felisberto-alves","tag-coronel-osvaldo-de-souza-marques","tag-coronel-rodrigo-sousa-rodrigues","tag-destaque","tag-gmg","tag-governador-romeu-zema","tag-osvaldo-de-souza-marques","tag-pmmg","tag-rodrigo-sousa-rodrigues","tag-romeu-zema","tag-romeu-zema-empossa-novo-comandante-geral-da-policia-militar"],"_links":{"self":[{"href":"https:\/\/aconteceunovale.com.br\/portal\/index.php?rest_route=\/wp\/v2\/posts\/163552","targetHints":{"allow":["GET"]}}],"collection":[{"href":"https:\/\/aconteceunovale.com.br\/portal\/index.php?rest_route=\/wp\/v2\/posts"}],"about":[{"href":"https:\/\/aconteceunovale.com.br\/portal\/index.php?rest_route=\/wp\/v2\/types\/post"}],"author":[{"embeddable":true,"href":"https:\/\/aconteceunovale.com.br\/portal\/index.php?rest_route=\/wp\/v2\/users\/1"}],"replies":[{"embeddable":true,"href":"https:\/\/aconteceunovale.com.br\/portal\/index.php?rest_route=%2Fwp%2Fv2%2Fcomments&post=163552"}],"version-history":[{"count":2,"href":"https:\/\/aconteceunovale.com.br\/portal\/index.php?rest_route=\/wp\/v2\/posts\/163552\/revisions"}],"predecessor-version":[{"id":163557,"href":"https:\/\/aconteceunovale.com.br\/portal\/index.php?rest_route=\/wp\/v2\/posts\/163552\/revisions\/163557"}],"wp:featuredmedia":[{"embeddable":true,"href":"https:\/\/aconteceunovale.com.br\/portal\/index.php?rest_route=\/wp\/v2\/media\/163553"}],"wp:attachment":[{"href":"https:\/\/aconteceunovale.com.br\/portal\/index.php?rest_route=%2Fwp%2Fv2%2Fmedia&parent=163552"}],"wp:term":[{"taxonomy":"category","embeddable":true,"href":"https:\/\/aconteceunovale.com.br\/portal\/index.php?rest_route=%2Fwp%2Fv2%2Fcategories&post=163552"},{"taxonomy":"post_tag","embeddable":true,"href":"https:\/\/aconteceunovale.com.br\/portal\/index.php?rest_route=%2Fwp%2Fv2%2Ftags&post=163552"}],"curies":[{"name":"wp","href":"https:\/\/api.w.org\/{rel}","templated":true}]}}