{"id":163463,"date":"2020-06-02T00:40:22","date_gmt":"2020-06-02T03:40:22","guid":{"rendered":"https:\/\/aconteceunovale.com.br\/portal\/?p=163463"},"modified":"2020-06-02T00:40:49","modified_gmt":"2020-06-02T03:40:49","slug":"prefeitura-de-montes-claros-confirma-mais-tres-casos-de-covid-19","status":"publish","type":"post","link":"https:\/\/aconteceunovale.com.br\/portal\/?p=163463","title":{"rendered":"Prefeitura de Montes Claros confirma mais tr\u00eas casos de Covid-19"},"content":{"rendered":"\n<p class=\"wp-block-paragraph\">A Prefeitura de Montes Claros (MG) confirmou na tarde desta segunda-feira (1\/6\/2020) tr\u00eas novos casos de Covid-19. Com isso, segundo o boletim epidemiol\u00f3gico, o munic\u00edpio contabiliza 72 infectados pela doen\u00e7a.<\/p>\n\n\n\n<p class=\"wp-block-paragraph\">De acordo com o Executivo Municipal, entre os novos pacientes h\u00e1 um casal, de 41 e 43 anos, que est\u00e1 em isolamento domiciliar. A terceira pessoa \u00e9 uma idosa, de 60, que est\u00e1 internada e permanece est\u00e1vel. A fam\u00edlia dela \u00e9 monitorada.<\/p>\n\n\n\n<p class=\"wp-block-paragraph\">Do total de pacientes que testaram positivo para a Covid-19, 47 est\u00e3o recuperados e dois morreram. O munic\u00edpio ainda investiga outros 457 casos.<\/p>\n\n\n\n<p class=\"wp-block-paragraph\"><strong>Confira o boletim de 1\/6\/2020:<\/strong><\/p>\n\n\n\n<figure class=\"wp-block-image size-large\"><img decoding=\"async\" src=\"https:\/\/aconteceu.info\/boletins\/corona_moc_1junho.jpg\" alt=\"\"\/><\/figure>\n\n\n\n<figure class=\"wp-block-image size-large\"><img decoding=\"async\" src=\"https:\/\/aconteceu.info\/boletins\/corona_moc_1junho1.jpg\" alt=\"\"\/><\/figure>\n\n\n\n<p class=\"has-background has-very-light-gray-background-color wp-block-paragraph\">Quer saber as not\u00edcias do <strong>Aconteceu no Vale<\/strong> em primeira m\u00e3o? Siga-nos no Facebook <a rel=\"noreferrer noopener\" href=\"http:\/\/facebook.com\/aconteceunovale\" target=\"_blank\">@aconteceunovale<\/a>, Twitter <a rel=\"noreferrer noopener\" href=\"https:\/\/twitter.com\/noticiadosvales\" target=\"_blank\">@noticiadosvales<\/a> e Instagram <a rel=\"noreferrer noopener\" href=\"https:\/\/www.instagram.com\/aconteceunovale\" target=\"_blank\">@aconteceunovale<\/a>.<\/p>\n","protected":false},"excerpt":{"rendered":"<p>A Prefeitura de Montes Claros (MG) confirmou na tarde desta segunda-feira (1\/6\/2020) tr\u00eas novos casos de Covid-19. Com isso, segundo o boletim epidemiol\u00f3gico, o munic\u00edpio contabiliza 72 infectados pela doen\u00e7a. De acordo com o Executivo Municipal, entre os novos pacientes h\u00e1 um casal, de 41 e 43 anos, que est\u00e1 em isolamento domiciliar. A terceira [&hellip;]<\/p>\n","protected":false},"author":1,"featured_media":160828,"comment_status":"open","ping_status":"closed","sticky":false,"template":"","format":"standard","meta":{"amp_status":"","footnotes":""},"categories":[1236,40242],"tags":[218086,222764,217228,220749,222765,1018,222763,210,221820,222767,222864,222766,222846],"class_list":["post-163463","post","type-post","status-publish","format-standard","has-post-thumbnail","hentry","category-norte_de_minas","category-saude-2","tag-casos-de-coronavirus-em-montes-claros","tag-casos-de-covid-19-em-montes-claros","tag-coronavirus-em-montes-claros","tag-covid-19-em-montes-claros","tag-curados-do-coronavirus-em-montes-claros","tag-destaque","tag-mais-de-60-dos-infectados-com-coronavirus-em-montes-claros-ja-estao-recuperados","tag-montes-claros","tag-mortes-por-coronavirus-em-montes-claros","tag-mortes-por-covid-19-em-montes-claros","tag-prefeitura-de-montes-claros-confirma-mais-tres-casos-de-covid-19","tag-recuperados-do-coronavirus-em-montes-claros","tag-sobe-para-69-o-numero-de-casos-confirmados-de-covid-19-em-montes-claros"],"yoast_head":"<!-- This site is optimized with the Yoast SEO plugin v28.3 - https:\/\/yoast.com\/product\/yoast-seo-wordpress\/ -->\n<title>Prefeitura de Montes Claros confirma mais tr\u00eas casos de Covid-19 - Aconteceu no Vale<\/title>\n<meta name=\"robots\" content=\"index, follow, max-snippet:-1, max-image-preview:large, max-video-preview:-1\" \/>\n<link rel=\"canonical\" href=\"https:\/\/aconteceunovale.com.br\/portal\/?p=163463\" \/>\n<meta property=\"og:locale\" content=\"pt_BR\" \/>\n<meta property=\"og:type\" content=\"article\" \/>\n<meta property=\"og:title\" content=\"Prefeitura de Montes Claros confirma mais tr\u00eas casos de Covid-19 - Aconteceu no Vale\" \/>\n<meta property=\"og:description\" content=\"A Prefeitura de Montes Claros (MG) confirmou na tarde desta segunda-feira (1\/6\/2020) tr\u00eas novos casos de Covid-19. Com isso, segundo o boletim epidemiol\u00f3gico, o munic\u00edpio contabiliza 72 infectados pela doen\u00e7a. De acordo com o Executivo Municipal, entre os novos pacientes h\u00e1 um casal, de 41 e 43 anos, que est\u00e1 em isolamento domiciliar. A terceira [&hellip;]\" \/>\n<meta property=\"og:url\" content=\"https:\/\/aconteceunovale.com.br\/portal\/?p=163463\" \/>\n<meta property=\"og:site_name\" content=\"Aconteceu no Vale\" \/>\n<meta property=\"article:publisher\" content=\"https:\/\/www.facebook.com\/aconteceunovale\/\" \/>\n<meta property=\"article:published_time\" content=\"2020-06-02T03:40:22+00:00\" \/>\n<meta property=\"article:modified_time\" content=\"2020-06-02T03:40:49+00:00\" \/>\n<meta property=\"og:image\" content=\"https:\/\/aconteceunovale.com.br\/portal\/wp-content\/uploads\/2020\/04\/montes_claros.jpg\" \/>\n\t<meta property=\"og:image:width\" content=\"678\" \/>\n\t<meta property=\"og:image:height\" content=\"381\" \/>\n\t<meta property=\"og:image:type\" content=\"image\/jpeg\" \/>\n<meta name=\"author\" content=\"Aconteceu no Vale\" \/>\n<meta name=\"twitter:card\" content=\"summary_large_image\" \/>\n<meta name=\"twitter:creator\" content=\"@noticiadosvales\" \/>\n<meta name=\"twitter:site\" content=\"@noticiadosvales\" \/>\n<meta name=\"twitter:label1\" content=\"Escrito por\" \/>\n\t<meta name=\"twitter:data1\" content=\"Aconteceu no Vale\" \/>\n\t<meta name=\"twitter:label2\" content=\"Est. tempo de leitura\" \/>\n\t<meta name=\"twitter:data2\" content=\"1 minuto\" \/>\n<script type=\"application\/ld+json\" class=\"yoast-schema-graph\">{\"@context\":\"https:\\\/\\\/schema.org\",\"@graph\":[{\"@type\":\"Article\",\"@id\":\"https:\\\/\\\/aconteceunovale.com.br\\\/portal\\\/?p=163463#article\",\"isPartOf\":{\"@id\":\"https:\\\/\\\/aconteceunovale.com.br\\\/portal\\\/?p=163463\"},\"author\":{\"name\":\"Aconteceu no Vale\",\"@id\":\"https:\\\/\\\/aconteceunovale.com.br\\\/portal\\\/#\\\/schema\\\/person\\\/633529146f2c94272bef50ac2953d589\"},\"headline\":\"Prefeitura de Montes Claros confirma mais tr\u00eas casos de Covid-19\",\"datePublished\":\"2020-06-02T03:40:22+00:00\",\"dateModified\":\"2020-06-02T03:40:49+00:00\",\"mainEntityOfPage\":{\"@id\":\"https:\\\/\\\/aconteceunovale.com.br\\\/portal\\\/?p=163463\"},\"wordCount\":131,\"commentCount\":0,\"image\":{\"@id\":\"https:\\\/\\\/aconteceunovale.com.br\\\/portal\\\/?p=163463#primaryimage\"},\"thumbnailUrl\":\"https:\\\/\\\/aconteceunovale.com.br\\\/portal\\\/wp-content\\\/uploads\\\/2020\\\/04\\\/montes_claros.jpg\",\"keywords\":[\"Casos de coronav\u00edrus em Montes Claros\",\"Casos de covid-19 em Montes Claros\",\"Coronav\u00edrus em Montes Claros\",\"Covid-19 em Montes Claros\",\"Curados do coronav\u00edrus em Montes Claros\",\"destaque\",\"Mais de 60% dos infectados com coronav\u00edrus em Montes Claros j\u00e1 est\u00e3o recuperados\",\"Montes Claros\",\"Mortes por coronav\u00edrus em Montes Claros\",\"Mortes por Covid-19 em Montes Claros\",\"Prefeitura de Montes Claros confirma mais tr\u00eas casos de Covid-19\",\"Recuperados do coronav\u00edrus em Montes Claros\",\"Sobe para 69 o n\u00famero de casos confirmados de Covid-19 em Montes Claros\"],\"articleSection\":[\"Norte de Minas\",\"Sa\u00fade\"],\"inLanguage\":\"pt-BR\",\"potentialAction\":[{\"@type\":\"CommentAction\",\"name\":\"Comment\",\"target\":[\"https:\\\/\\\/aconteceunovale.com.br\\\/portal\\\/?p=163463#respond\"]}]},{\"@type\":\"WebPage\",\"@id\":\"https:\\\/\\\/aconteceunovale.com.br\\\/portal\\\/?p=163463\",\"url\":\"https:\\\/\\\/aconteceunovale.com.br\\\/portal\\\/?p=163463\",\"name\":\"Prefeitura de Montes Claros confirma mais tr\u00eas casos de Covid-19 - Aconteceu no Vale\",\"isPartOf\":{\"@id\":\"https:\\\/\\\/aconteceunovale.com.br\\\/portal\\\/#website\"},\"primaryImageOfPage\":{\"@id\":\"https:\\\/\\\/aconteceunovale.com.br\\\/portal\\\/?p=163463#primaryimage\"},\"image\":{\"@id\":\"https:\\\/\\\/aconteceunovale.com.br\\\/portal\\\/?p=163463#primaryimage\"},\"thumbnailUrl\":\"https:\\\/\\\/aconteceunovale.com.br\\\/portal\\\/wp-content\\\/uploads\\\/2020\\\/04\\\/montes_claros.jpg\",\"datePublished\":\"2020-06-02T03:40:22+00:00\",\"dateModified\":\"2020-06-02T03:40:49+00:00\",\"author\":{\"@id\":\"https:\\\/\\\/aconteceunovale.com.br\\\/portal\\\/#\\\/schema\\\/person\\\/633529146f2c94272bef50ac2953d589\"},\"breadcrumb\":{\"@id\":\"https:\\\/\\\/aconteceunovale.com.br\\\/portal\\\/?p=163463#breadcrumb\"},\"inLanguage\":\"pt-BR\",\"potentialAction\":[{\"@type\":\"ReadAction\",\"target\":[\"https:\\\/\\\/aconteceunovale.com.br\\\/portal\\\/?p=163463\"]}]},{\"@type\":\"ImageObject\",\"inLanguage\":\"pt-BR\",\"@id\":\"https:\\\/\\\/aconteceunovale.com.br\\\/portal\\\/?p=163463#primaryimage\",\"url\":\"https:\\\/\\\/aconteceunovale.com.br\\\/portal\\\/wp-content\\\/uploads\\\/2020\\\/04\\\/montes_claros.jpg\",\"contentUrl\":\"https:\\\/\\\/aconteceunovale.com.br\\\/portal\\\/wp-content\\\/uploads\\\/2020\\\/04\\\/montes_claros.jpg\",\"width\":678,\"height\":381},{\"@type\":\"BreadcrumbList\",\"@id\":\"https:\\\/\\\/aconteceunovale.com.br\\\/portal\\\/?p=163463#breadcrumb\",\"itemListElement\":[{\"@type\":\"ListItem\",\"position\":1,\"name\":\"In\u00edcio\",\"item\":\"https:\\\/\\\/aconteceunovale.com.br\\\/portal\\\/\"},{\"@type\":\"ListItem\",\"position\":2,\"name\":\"Prefeitura de Montes Claros confirma mais tr\u00eas casos de Covid-19\"}]},{\"@type\":\"WebSite\",\"@id\":\"https:\\\/\\\/aconteceunovale.com.br\\\/portal\\\/#website\",\"url\":\"https:\\\/\\\/aconteceunovale.com.br\\\/portal\\\/\",\"name\":\"Aconteceu no Vale\",\"description\":\"Portal de Not\u00edcias\",\"potentialAction\":[{\"@type\":\"SearchAction\",\"target\":{\"@type\":\"EntryPoint\",\"urlTemplate\":\"https:\\\/\\\/aconteceunovale.com.br\\\/portal\\\/?s={search_term_string}\"},\"query-input\":{\"@type\":\"PropertyValueSpecification\",\"valueRequired\":true,\"valueName\":\"search_term_string\"}}],\"inLanguage\":\"pt-BR\"},{\"@type\":\"Person\",\"@id\":\"https:\\\/\\\/aconteceunovale.com.br\\\/portal\\\/#\\\/schema\\\/person\\\/633529146f2c94272bef50ac2953d589\",\"name\":\"Aconteceu no Vale\",\"description\":\"Equipe de reportagem do Aconteceu no Vale, portal de not\u00edcias do Vale do Jequitinhonha, em Minas Gerais. Cobrimos as 51 cidades do Vale desde 2013. Sugest\u00f5es de pauta e pedidos de corre\u00e7\u00e3o: contato@aconteceunovale.com.br\",\"sameAs\":[\"http:\\\/\\\/www.aconteceunovale.com.br\"],\"url\":\"https:\\\/\\\/aconteceunovale.com.br\\\/portal\\\/?author=1\"}]}<\/script>\n<!-- \/ Yoast SEO plugin. -->","yoast_head_json":{"title":"Prefeitura de Montes Claros confirma mais tr\u00eas casos de Covid-19 - Aconteceu no Vale","robots":{"index":"index","follow":"follow","max-snippet":"max-snippet:-1","max-image-preview":"max-image-preview:large","max-video-preview":"max-video-preview:-1"},"canonical":"https:\/\/aconteceunovale.com.br\/portal\/?p=163463","og_locale":"pt_BR","og_type":"article","og_title":"Prefeitura de Montes Claros confirma mais tr\u00eas casos de Covid-19 - Aconteceu no Vale","og_description":"A Prefeitura de Montes Claros (MG) confirmou na tarde desta segunda-feira (1\/6\/2020) tr\u00eas novos casos de Covid-19. Com isso, segundo o boletim epidemiol\u00f3gico, o munic\u00edpio contabiliza 72 infectados pela doen\u00e7a. De acordo com o Executivo Municipal, entre os novos pacientes h\u00e1 um casal, de 41 e 43 anos, que est\u00e1 em isolamento domiciliar. A terceira [&hellip;]","og_url":"https:\/\/aconteceunovale.com.br\/portal\/?p=163463","og_site_name":"Aconteceu no Vale","article_publisher":"https:\/\/www.facebook.com\/aconteceunovale\/","article_published_time":"2020-06-02T03:40:22+00:00","article_modified_time":"2020-06-02T03:40:49+00:00","og_image":[{"width":678,"height":381,"url":"https:\/\/aconteceunovale.com.br\/portal\/wp-content\/uploads\/2020\/04\/montes_claros.jpg","type":"image\/jpeg"}],"author":"Aconteceu no Vale","twitter_card":"summary_large_image","twitter_creator":"@noticiadosvales","twitter_site":"@noticiadosvales","twitter_misc":{"Escrito por":"Aconteceu no Vale","Est. tempo de leitura":"1 minuto"},"schema":{"@context":"https:\/\/schema.org","@graph":[{"@type":"Article","@id":"https:\/\/aconteceunovale.com.br\/portal\/?p=163463#article","isPartOf":{"@id":"https:\/\/aconteceunovale.com.br\/portal\/?p=163463"},"author":{"name":"Aconteceu no Vale","@id":"https:\/\/aconteceunovale.com.br\/portal\/#\/schema\/person\/633529146f2c94272bef50ac2953d589"},"headline":"Prefeitura de Montes Claros confirma mais tr\u00eas casos de Covid-19","datePublished":"2020-06-02T03:40:22+00:00","dateModified":"2020-06-02T03:40:49+00:00","mainEntityOfPage":{"@id":"https:\/\/aconteceunovale.com.br\/portal\/?p=163463"},"wordCount":131,"commentCount":0,"image":{"@id":"https:\/\/aconteceunovale.com.br\/portal\/?p=163463#primaryimage"},"thumbnailUrl":"https:\/\/aconteceunovale.com.br\/portal\/wp-content\/uploads\/2020\/04\/montes_claros.jpg","keywords":["Casos de coronav\u00edrus em Montes Claros","Casos de covid-19 em Montes Claros","Coronav\u00edrus em Montes Claros","Covid-19 em Montes Claros","Curados do coronav\u00edrus em Montes Claros","destaque","Mais de 60% dos infectados com coronav\u00edrus em Montes Claros j\u00e1 est\u00e3o recuperados","Montes Claros","Mortes por coronav\u00edrus em Montes Claros","Mortes por Covid-19 em Montes Claros","Prefeitura de Montes Claros confirma mais tr\u00eas casos de Covid-19","Recuperados do coronav\u00edrus em Montes Claros","Sobe para 69 o n\u00famero de casos confirmados de Covid-19 em Montes Claros"],"articleSection":["Norte de Minas","Sa\u00fade"],"inLanguage":"pt-BR","potentialAction":[{"@type":"CommentAction","name":"Comment","target":["https:\/\/aconteceunovale.com.br\/portal\/?p=163463#respond"]}]},{"@type":"WebPage","@id":"https:\/\/aconteceunovale.com.br\/portal\/?p=163463","url":"https:\/\/aconteceunovale.com.br\/portal\/?p=163463","name":"Prefeitura de Montes Claros confirma mais tr\u00eas casos de Covid-19 - Aconteceu no Vale","isPartOf":{"@id":"https:\/\/aconteceunovale.com.br\/portal\/#website"},"primaryImageOfPage":{"@id":"https:\/\/aconteceunovale.com.br\/portal\/?p=163463#primaryimage"},"image":{"@id":"https:\/\/aconteceunovale.com.br\/portal\/?p=163463#primaryimage"},"thumbnailUrl":"https:\/\/aconteceunovale.com.br\/portal\/wp-content\/uploads\/2020\/04\/montes_claros.jpg","datePublished":"2020-06-02T03:40:22+00:00","dateModified":"2020-06-02T03:40:49+00:00","author":{"@id":"https:\/\/aconteceunovale.com.br\/portal\/#\/schema\/person\/633529146f2c94272bef50ac2953d589"},"breadcrumb":{"@id":"https:\/\/aconteceunovale.com.br\/portal\/?p=163463#breadcrumb"},"inLanguage":"pt-BR","potentialAction":[{"@type":"ReadAction","target":["https:\/\/aconteceunovale.com.br\/portal\/?p=163463"]}]},{"@type":"ImageObject","inLanguage":"pt-BR","@id":"https:\/\/aconteceunovale.com.br\/portal\/?p=163463#primaryimage","url":"https:\/\/aconteceunovale.com.br\/portal\/wp-content\/uploads\/2020\/04\/montes_claros.jpg","contentUrl":"https:\/\/aconteceunovale.com.br\/portal\/wp-content\/uploads\/2020\/04\/montes_claros.jpg","width":678,"height":381},{"@type":"BreadcrumbList","@id":"https:\/\/aconteceunovale.com.br\/portal\/?p=163463#breadcrumb","itemListElement":[{"@type":"ListItem","position":1,"name":"In\u00edcio","item":"https:\/\/aconteceunovale.com.br\/portal\/"},{"@type":"ListItem","position":2,"name":"Prefeitura de Montes Claros confirma mais tr\u00eas casos de Covid-19"}]},{"@type":"WebSite","@id":"https:\/\/aconteceunovale.com.br\/portal\/#website","url":"https:\/\/aconteceunovale.com.br\/portal\/","name":"Aconteceu no Vale","description":"Portal de Not\u00edcias","potentialAction":[{"@type":"SearchAction","target":{"@type":"EntryPoint","urlTemplate":"https:\/\/aconteceunovale.com.br\/portal\/?s={search_term_string}"},"query-input":{"@type":"PropertyValueSpecification","valueRequired":true,"valueName":"search_term_string"}}],"inLanguage":"pt-BR"},{"@type":"Person","@id":"https:\/\/aconteceunovale.com.br\/portal\/#\/schema\/person\/633529146f2c94272bef50ac2953d589","name":"Aconteceu no Vale","description":"Equipe de reportagem do Aconteceu no Vale, portal de not\u00edcias do Vale do Jequitinhonha, em Minas Gerais. Cobrimos as 51 cidades do Vale desde 2013. Sugest\u00f5es de pauta e pedidos de corre\u00e7\u00e3o: contato@aconteceunovale.com.br","sameAs":["http:\/\/www.aconteceunovale.com.br"],"url":"https:\/\/aconteceunovale.com.br\/portal\/?author=1"}]}},"_links":{"self":[{"href":"https:\/\/aconteceunovale.com.br\/portal\/index.php?rest_route=\/wp\/v2\/posts\/163463","targetHints":{"allow":["GET"]}}],"collection":[{"href":"https:\/\/aconteceunovale.com.br\/portal\/index.php?rest_route=\/wp\/v2\/posts"}],"about":[{"href":"https:\/\/aconteceunovale.com.br\/portal\/index.php?rest_route=\/wp\/v2\/types\/post"}],"author":[{"embeddable":true,"href":"https:\/\/aconteceunovale.com.br\/portal\/index.php?rest_route=\/wp\/v2\/users\/1"}],"replies":[{"embeddable":true,"href":"https:\/\/aconteceunovale.com.br\/portal\/index.php?rest_route=%2Fwp%2Fv2%2Fcomments&post=163463"}],"version-history":[{"count":1,"href":"https:\/\/aconteceunovale.com.br\/portal\/index.php?rest_route=\/wp\/v2\/posts\/163463\/revisions"}],"predecessor-version":[{"id":163464,"href":"https:\/\/aconteceunovale.com.br\/portal\/index.php?rest_route=\/wp\/v2\/posts\/163463\/revisions\/163464"}],"wp:featuredmedia":[{"embeddable":true,"href":"https:\/\/aconteceunovale.com.br\/portal\/index.php?rest_route=\/wp\/v2\/media\/160828"}],"wp:attachment":[{"href":"https:\/\/aconteceunovale.com.br\/portal\/index.php?rest_route=%2Fwp%2Fv2%2Fmedia&parent=163463"}],"wp:term":[{"taxonomy":"category","embeddable":true,"href":"https:\/\/aconteceunovale.com.br\/portal\/index.php?rest_route=%2Fwp%2Fv2%2Fcategories&post=163463"},{"taxonomy":"post_tag","embeddable":true,"href":"https:\/\/aconteceunovale.com.br\/portal\/index.php?rest_route=%2Fwp%2Fv2%2Ftags&post=163463"}],"curies":[{"name":"wp","href":"https:\/\/api.w.org\/{rel}","templated":true}]}}