{"id":163453,"date":"2020-06-01T21:03:33","date_gmt":"2020-06-02T00:03:33","guid":{"rendered":"https:\/\/aconteceunovale.com.br\/portal\/?p=163453"},"modified":"2020-06-01T21:04:18","modified_gmt":"2020-06-02T00:04:18","slug":"sobe-para-30-o-numero-de-casos-confirmados-de-covid-19-em-caratinga","status":"publish","type":"post","link":"https:\/\/aconteceunovale.com.br\/portal\/?p=163453","title":{"rendered":"Sobe para 30 o n\u00famero de casos confirmados de Covid-19 em Caratinga"},"content":{"rendered":"\n<p class=\"wp-block-paragraph\">A Prefeitura de Caratinga (MG) confirmou nesta segunda-feira (1\/6\/2020) dois novos casos de Covid-19. Com isso, segundo o boletim epidemiol\u00f3gico, o munic\u00edpio contabiliza 30 infectados pela doen\u00e7a.<\/p>\n\n\n\n<p class=\"wp-block-paragraph\">De acordo com o Executivo Municipal, um deles \u00e9 um homem de 59 anos morador do bairro Esperan\u00e7a. O outro \u00e9 uma idosa, de 85 anos, que teve altera\u00e7\u00e3o de endere\u00e7o.<\/p>\n\n\n\n<p class=\"wp-block-paragraph\"><em>&#8220;A Secretaria de Sa\u00fade de Caratinga, atrav\u00e9s do Departamento de Epidemiologia e Estat\u00edstica, informa o Boletim Epidemiol\u00f3gico Di\u00e1rio do Covid-19 desta segunda-feira, dia 01\/06\/2020, e esclarece que, ao final do dia 30\/05, ap\u00f3s o envio do boletim, a equipe foi informada da altera\u00e7\u00e3o de endere\u00e7o de uma paciente de 85 anos que est\u00e1 internada no Hospital Irm\u00e3 Denise (CASU) em estado grav\u00edssimo, a qual, at\u00e9 ent\u00e3o, constava como residente no munic\u00edpio de Iapu, passando a constar como moradora do C\u00f3rrego \u00c1gua Limpa, em Caratinga. A atualiza\u00e7\u00e3o j\u00e1 foi feita para o envio deste \u00faltimo informe&#8221;<\/em>, diz nota do munic\u00edpio.<\/p>\n\n\n\n<p class=\"wp-block-paragraph\">Segundo o boletim epidemiol\u00f3gico, atualizado \u00e0s 17h03, do total de confirmados, oito pessoas est\u00e3o recuperadas. O munic\u00edpio ainda investiga 68 casos suspeitos de infec\u00e7\u00e3o pelo coronav\u00edrus.<\/p>\n\n\n\n<p class=\"wp-block-paragraph\"><strong>Confira o boletim de 1\/6\/2020:<\/strong><\/p>\n\n\n\n<figure class=\"wp-block-image size-large\"><img decoding=\"async\" src=\"https:\/\/aconteceu.info\/boletins\/corona_caratinga_1junho.jpg\" alt=\"\"\/><\/figure>\n\n\n\n<p class=\"has-background has-very-light-gray-background-color wp-block-paragraph\">Quer saber as not\u00edcias do <strong>Aconteceu no Vale<\/strong> em primeira m\u00e3o? Siga-nos no Facebook <a rel=\"noreferrer noopener\" href=\"http:\/\/facebook.com\/aconteceunovale\" target=\"_blank\">@aconteceunovale<\/a>, Twitter <a rel=\"noreferrer noopener\" href=\"https:\/\/twitter.com\/noticiadosvales\" target=\"_blank\">@noticiadosvales<\/a> e Instagram <a rel=\"noreferrer noopener\" href=\"https:\/\/www.instagram.com\/aconteceunovale\" target=\"_blank\">@aconteceunovale<\/a>.<\/p>\n","protected":false},"excerpt":{"rendered":"<p>A Prefeitura de Caratinga (MG) confirmou nesta segunda-feira (1\/6\/2020) dois novos casos de Covid-19. Com isso, segundo o boletim epidemiol\u00f3gico, o munic\u00edpio contabiliza 30 infectados pela doen\u00e7a. De acordo com o Executivo Municipal, um deles \u00e9 um homem de 59 anos morador do bairro Esperan\u00e7a. O outro \u00e9 uma idosa, de 85 anos, que teve [&hellip;]<\/p>\n","protected":false},"author":1,"featured_media":163454,"comment_status":"open","ping_status":"closed","sticky":false,"template":"","format":"standard","meta":{"amp_status":"","footnotes":""},"categories":[121,40242],"tags":[237,222425,222428,218091,222427,222426,222861],"class_list":["post-163453","post","type-post","status-publish","format-standard","has-post-thumbnail","hentry","category-leste","category-saude-2","tag-caratinga","tag-casos-de-coronavirus-em-caratinga","tag-casos-de-covid-19-em-caratinga","tag-coronavirus-em-caratinga","tag-covid-19-em-caratinga","tag-sobe-para-22-o-numero-de-casos-confirmados-de-covid-19-em-caratinga","tag-sobe-para-30-o-numero-de-casos-confirmados-de-covid-19-em-caratinga"],"yoast_head":"<!-- This site is optimized with the Yoast SEO plugin v28.3 - https:\/\/yoast.com\/product\/yoast-seo-wordpress\/ -->\n<title>Sobe para 30 o n\u00famero de casos confirmados de Covid-19 em Caratinga - Aconteceu no Vale<\/title>\n<meta name=\"robots\" content=\"index, follow, max-snippet:-1, max-image-preview:large, max-video-preview:-1\" \/>\n<link rel=\"canonical\" href=\"https:\/\/aconteceunovale.com.br\/portal\/?p=163453\" \/>\n<meta property=\"og:locale\" content=\"pt_BR\" \/>\n<meta property=\"og:type\" content=\"article\" \/>\n<meta property=\"og:title\" content=\"Sobe para 30 o n\u00famero de casos confirmados de Covid-19 em Caratinga - Aconteceu no Vale\" \/>\n<meta property=\"og:description\" content=\"A Prefeitura de Caratinga (MG) confirmou nesta segunda-feira (1\/6\/2020) dois novos casos de Covid-19. Com isso, segundo o boletim epidemiol\u00f3gico, o munic\u00edpio contabiliza 30 infectados pela doen\u00e7a. De acordo com o Executivo Municipal, um deles \u00e9 um homem de 59 anos morador do bairro Esperan\u00e7a. O outro \u00e9 uma idosa, de 85 anos, que teve [&hellip;]\" \/>\n<meta property=\"og:url\" content=\"https:\/\/aconteceunovale.com.br\/portal\/?p=163453\" \/>\n<meta property=\"og:site_name\" content=\"Aconteceu no Vale\" \/>\n<meta property=\"article:publisher\" content=\"https:\/\/www.facebook.com\/aconteceunovale\/\" \/>\n<meta property=\"article:published_time\" content=\"2020-06-02T00:03:33+00:00\" \/>\n<meta property=\"article:modified_time\" content=\"2020-06-02T00:04:18+00:00\" \/>\n<meta property=\"og:image\" content=\"https:\/\/aconteceunovale.com.br\/portal\/wp-content\/uploads\/2020\/06\/corona_caratinga_1junho2.jpg\" \/>\n\t<meta property=\"og:image:width\" content=\"678\" \/>\n\t<meta property=\"og:image:height\" content=\"347\" \/>\n\t<meta property=\"og:image:type\" content=\"image\/jpeg\" \/>\n<meta name=\"author\" content=\"Aconteceu no Vale\" \/>\n<meta name=\"twitter:card\" content=\"summary_large_image\" \/>\n<meta name=\"twitter:creator\" content=\"@noticiadosvales\" \/>\n<meta name=\"twitter:site\" content=\"@noticiadosvales\" \/>\n<meta name=\"twitter:label1\" content=\"Escrito por\" \/>\n\t<meta name=\"twitter:data1\" content=\"Aconteceu no Vale\" \/>\n\t<meta name=\"twitter:label2\" content=\"Est. tempo de leitura\" \/>\n\t<meta name=\"twitter:data2\" content=\"1 minuto\" \/>\n<script type=\"application\/ld+json\" class=\"yoast-schema-graph\">{\"@context\":\"https:\\\/\\\/schema.org\",\"@graph\":[{\"@type\":\"Article\",\"@id\":\"https:\\\/\\\/aconteceunovale.com.br\\\/portal\\\/?p=163453#article\",\"isPartOf\":{\"@id\":\"https:\\\/\\\/aconteceunovale.com.br\\\/portal\\\/?p=163453\"},\"author\":{\"name\":\"Aconteceu no Vale\",\"@id\":\"https:\\\/\\\/aconteceunovale.com.br\\\/portal\\\/#\\\/schema\\\/person\\\/633529146f2c94272bef50ac2953d589\"},\"headline\":\"Sobe para 30 o n\u00famero de casos confirmados de Covid-19 em Caratinga\",\"datePublished\":\"2020-06-02T00:03:33+00:00\",\"dateModified\":\"2020-06-02T00:04:18+00:00\",\"mainEntityOfPage\":{\"@id\":\"https:\\\/\\\/aconteceunovale.com.br\\\/portal\\\/?p=163453\"},\"wordCount\":236,\"commentCount\":0,\"image\":{\"@id\":\"https:\\\/\\\/aconteceunovale.com.br\\\/portal\\\/?p=163453#primaryimage\"},\"thumbnailUrl\":\"https:\\\/\\\/aconteceunovale.com.br\\\/portal\\\/wp-content\\\/uploads\\\/2020\\\/06\\\/corona_caratinga_1junho2.jpg\",\"keywords\":[\"Caratinga\",\"Casos de coronav\u00edrus em Caratinga\",\"Casos de covid-19 em Caratinga\",\"Coronav\u00edrus em Caratinga\",\"Covid-19 em Caratinga\",\"Sobe para 22 o n\u00famero de casos confirmados de Covid-19 em Caratinga\",\"Sobe para 30 o n\u00famero de casos confirmados de Covid-19 em Caratinga\"],\"articleSection\":[\"Leste de Minas\",\"Sa\u00fade\"],\"inLanguage\":\"pt-BR\",\"potentialAction\":[{\"@type\":\"CommentAction\",\"name\":\"Comment\",\"target\":[\"https:\\\/\\\/aconteceunovale.com.br\\\/portal\\\/?p=163453#respond\"]}]},{\"@type\":\"WebPage\",\"@id\":\"https:\\\/\\\/aconteceunovale.com.br\\\/portal\\\/?p=163453\",\"url\":\"https:\\\/\\\/aconteceunovale.com.br\\\/portal\\\/?p=163453\",\"name\":\"Sobe para 30 o n\u00famero de casos confirmados de Covid-19 em Caratinga - Aconteceu no Vale\",\"isPartOf\":{\"@id\":\"https:\\\/\\\/aconteceunovale.com.br\\\/portal\\\/#website\"},\"primaryImageOfPage\":{\"@id\":\"https:\\\/\\\/aconteceunovale.com.br\\\/portal\\\/?p=163453#primaryimage\"},\"image\":{\"@id\":\"https:\\\/\\\/aconteceunovale.com.br\\\/portal\\\/?p=163453#primaryimage\"},\"thumbnailUrl\":\"https:\\\/\\\/aconteceunovale.com.br\\\/portal\\\/wp-content\\\/uploads\\\/2020\\\/06\\\/corona_caratinga_1junho2.jpg\",\"datePublished\":\"2020-06-02T00:03:33+00:00\",\"dateModified\":\"2020-06-02T00:04:18+00:00\",\"author\":{\"@id\":\"https:\\\/\\\/aconteceunovale.com.br\\\/portal\\\/#\\\/schema\\\/person\\\/633529146f2c94272bef50ac2953d589\"},\"breadcrumb\":{\"@id\":\"https:\\\/\\\/aconteceunovale.com.br\\\/portal\\\/?p=163453#breadcrumb\"},\"inLanguage\":\"pt-BR\",\"potentialAction\":[{\"@type\":\"ReadAction\",\"target\":[\"https:\\\/\\\/aconteceunovale.com.br\\\/portal\\\/?p=163453\"]}]},{\"@type\":\"ImageObject\",\"inLanguage\":\"pt-BR\",\"@id\":\"https:\\\/\\\/aconteceunovale.com.br\\\/portal\\\/?p=163453#primaryimage\",\"url\":\"https:\\\/\\\/aconteceunovale.com.br\\\/portal\\\/wp-content\\\/uploads\\\/2020\\\/06\\\/corona_caratinga_1junho2.jpg\",\"contentUrl\":\"https:\\\/\\\/aconteceunovale.com.br\\\/portal\\\/wp-content\\\/uploads\\\/2020\\\/06\\\/corona_caratinga_1junho2.jpg\",\"width\":678,\"height\":347},{\"@type\":\"BreadcrumbList\",\"@id\":\"https:\\\/\\\/aconteceunovale.com.br\\\/portal\\\/?p=163453#breadcrumb\",\"itemListElement\":[{\"@type\":\"ListItem\",\"position\":1,\"name\":\"In\u00edcio\",\"item\":\"https:\\\/\\\/aconteceunovale.com.br\\\/portal\\\/\"},{\"@type\":\"ListItem\",\"position\":2,\"name\":\"Sobe para 30 o n\u00famero de casos confirmados de Covid-19 em Caratinga\"}]},{\"@type\":\"WebSite\",\"@id\":\"https:\\\/\\\/aconteceunovale.com.br\\\/portal\\\/#website\",\"url\":\"https:\\\/\\\/aconteceunovale.com.br\\\/portal\\\/\",\"name\":\"Aconteceu no Vale\",\"description\":\"Portal de Not\u00edcias\",\"potentialAction\":[{\"@type\":\"SearchAction\",\"target\":{\"@type\":\"EntryPoint\",\"urlTemplate\":\"https:\\\/\\\/aconteceunovale.com.br\\\/portal\\\/?s={search_term_string}\"},\"query-input\":{\"@type\":\"PropertyValueSpecification\",\"valueRequired\":true,\"valueName\":\"search_term_string\"}}],\"inLanguage\":\"pt-BR\"},{\"@type\":\"Person\",\"@id\":\"https:\\\/\\\/aconteceunovale.com.br\\\/portal\\\/#\\\/schema\\\/person\\\/633529146f2c94272bef50ac2953d589\",\"name\":\"Aconteceu no Vale\",\"description\":\"Equipe de reportagem do Aconteceu no Vale, portal de not\u00edcias do Vale do Jequitinhonha, em Minas Gerais. Cobrimos as 51 cidades do Vale desde 2013. Sugest\u00f5es de pauta e pedidos de corre\u00e7\u00e3o: contato@aconteceunovale.com.br\",\"sameAs\":[\"http:\\\/\\\/www.aconteceunovale.com.br\"],\"url\":\"https:\\\/\\\/aconteceunovale.com.br\\\/portal\\\/?author=1\"}]}<\/script>\n<!-- \/ Yoast SEO plugin. -->","yoast_head_json":{"title":"Sobe para 30 o n\u00famero de casos confirmados de Covid-19 em Caratinga - Aconteceu no Vale","robots":{"index":"index","follow":"follow","max-snippet":"max-snippet:-1","max-image-preview":"max-image-preview:large","max-video-preview":"max-video-preview:-1"},"canonical":"https:\/\/aconteceunovale.com.br\/portal\/?p=163453","og_locale":"pt_BR","og_type":"article","og_title":"Sobe para 30 o n\u00famero de casos confirmados de Covid-19 em Caratinga - Aconteceu no Vale","og_description":"A Prefeitura de Caratinga (MG) confirmou nesta segunda-feira (1\/6\/2020) dois novos casos de Covid-19. Com isso, segundo o boletim epidemiol\u00f3gico, o munic\u00edpio contabiliza 30 infectados pela doen\u00e7a. De acordo com o Executivo Municipal, um deles \u00e9 um homem de 59 anos morador do bairro Esperan\u00e7a. O outro \u00e9 uma idosa, de 85 anos, que teve [&hellip;]","og_url":"https:\/\/aconteceunovale.com.br\/portal\/?p=163453","og_site_name":"Aconteceu no Vale","article_publisher":"https:\/\/www.facebook.com\/aconteceunovale\/","article_published_time":"2020-06-02T00:03:33+00:00","article_modified_time":"2020-06-02T00:04:18+00:00","og_image":[{"width":678,"height":347,"url":"https:\/\/aconteceunovale.com.br\/portal\/wp-content\/uploads\/2020\/06\/corona_caratinga_1junho2.jpg","type":"image\/jpeg"}],"author":"Aconteceu no Vale","twitter_card":"summary_large_image","twitter_creator":"@noticiadosvales","twitter_site":"@noticiadosvales","twitter_misc":{"Escrito por":"Aconteceu no Vale","Est. tempo de leitura":"1 minuto"},"schema":{"@context":"https:\/\/schema.org","@graph":[{"@type":"Article","@id":"https:\/\/aconteceunovale.com.br\/portal\/?p=163453#article","isPartOf":{"@id":"https:\/\/aconteceunovale.com.br\/portal\/?p=163453"},"author":{"name":"Aconteceu no Vale","@id":"https:\/\/aconteceunovale.com.br\/portal\/#\/schema\/person\/633529146f2c94272bef50ac2953d589"},"headline":"Sobe para 30 o n\u00famero de casos confirmados de Covid-19 em Caratinga","datePublished":"2020-06-02T00:03:33+00:00","dateModified":"2020-06-02T00:04:18+00:00","mainEntityOfPage":{"@id":"https:\/\/aconteceunovale.com.br\/portal\/?p=163453"},"wordCount":236,"commentCount":0,"image":{"@id":"https:\/\/aconteceunovale.com.br\/portal\/?p=163453#primaryimage"},"thumbnailUrl":"https:\/\/aconteceunovale.com.br\/portal\/wp-content\/uploads\/2020\/06\/corona_caratinga_1junho2.jpg","keywords":["Caratinga","Casos de coronav\u00edrus em Caratinga","Casos de covid-19 em Caratinga","Coronav\u00edrus em Caratinga","Covid-19 em Caratinga","Sobe para 22 o n\u00famero de casos confirmados de Covid-19 em Caratinga","Sobe para 30 o n\u00famero de casos confirmados de Covid-19 em Caratinga"],"articleSection":["Leste de Minas","Sa\u00fade"],"inLanguage":"pt-BR","potentialAction":[{"@type":"CommentAction","name":"Comment","target":["https:\/\/aconteceunovale.com.br\/portal\/?p=163453#respond"]}]},{"@type":"WebPage","@id":"https:\/\/aconteceunovale.com.br\/portal\/?p=163453","url":"https:\/\/aconteceunovale.com.br\/portal\/?p=163453","name":"Sobe para 30 o n\u00famero de casos confirmados de Covid-19 em Caratinga - Aconteceu no Vale","isPartOf":{"@id":"https:\/\/aconteceunovale.com.br\/portal\/#website"},"primaryImageOfPage":{"@id":"https:\/\/aconteceunovale.com.br\/portal\/?p=163453#primaryimage"},"image":{"@id":"https:\/\/aconteceunovale.com.br\/portal\/?p=163453#primaryimage"},"thumbnailUrl":"https:\/\/aconteceunovale.com.br\/portal\/wp-content\/uploads\/2020\/06\/corona_caratinga_1junho2.jpg","datePublished":"2020-06-02T00:03:33+00:00","dateModified":"2020-06-02T00:04:18+00:00","author":{"@id":"https:\/\/aconteceunovale.com.br\/portal\/#\/schema\/person\/633529146f2c94272bef50ac2953d589"},"breadcrumb":{"@id":"https:\/\/aconteceunovale.com.br\/portal\/?p=163453#breadcrumb"},"inLanguage":"pt-BR","potentialAction":[{"@type":"ReadAction","target":["https:\/\/aconteceunovale.com.br\/portal\/?p=163453"]}]},{"@type":"ImageObject","inLanguage":"pt-BR","@id":"https:\/\/aconteceunovale.com.br\/portal\/?p=163453#primaryimage","url":"https:\/\/aconteceunovale.com.br\/portal\/wp-content\/uploads\/2020\/06\/corona_caratinga_1junho2.jpg","contentUrl":"https:\/\/aconteceunovale.com.br\/portal\/wp-content\/uploads\/2020\/06\/corona_caratinga_1junho2.jpg","width":678,"height":347},{"@type":"BreadcrumbList","@id":"https:\/\/aconteceunovale.com.br\/portal\/?p=163453#breadcrumb","itemListElement":[{"@type":"ListItem","position":1,"name":"In\u00edcio","item":"https:\/\/aconteceunovale.com.br\/portal\/"},{"@type":"ListItem","position":2,"name":"Sobe para 30 o n\u00famero de casos confirmados de Covid-19 em Caratinga"}]},{"@type":"WebSite","@id":"https:\/\/aconteceunovale.com.br\/portal\/#website","url":"https:\/\/aconteceunovale.com.br\/portal\/","name":"Aconteceu no Vale","description":"Portal de Not\u00edcias","potentialAction":[{"@type":"SearchAction","target":{"@type":"EntryPoint","urlTemplate":"https:\/\/aconteceunovale.com.br\/portal\/?s={search_term_string}"},"query-input":{"@type":"PropertyValueSpecification","valueRequired":true,"valueName":"search_term_string"}}],"inLanguage":"pt-BR"},{"@type":"Person","@id":"https:\/\/aconteceunovale.com.br\/portal\/#\/schema\/person\/633529146f2c94272bef50ac2953d589","name":"Aconteceu no Vale","description":"Equipe de reportagem do Aconteceu no Vale, portal de not\u00edcias do Vale do Jequitinhonha, em Minas Gerais. Cobrimos as 51 cidades do Vale desde 2013. Sugest\u00f5es de pauta e pedidos de corre\u00e7\u00e3o: contato@aconteceunovale.com.br","sameAs":["http:\/\/www.aconteceunovale.com.br"],"url":"https:\/\/aconteceunovale.com.br\/portal\/?author=1"}]}},"_links":{"self":[{"href":"https:\/\/aconteceunovale.com.br\/portal\/index.php?rest_route=\/wp\/v2\/posts\/163453","targetHints":{"allow":["GET"]}}],"collection":[{"href":"https:\/\/aconteceunovale.com.br\/portal\/index.php?rest_route=\/wp\/v2\/posts"}],"about":[{"href":"https:\/\/aconteceunovale.com.br\/portal\/index.php?rest_route=\/wp\/v2\/types\/post"}],"author":[{"embeddable":true,"href":"https:\/\/aconteceunovale.com.br\/portal\/index.php?rest_route=\/wp\/v2\/users\/1"}],"replies":[{"embeddable":true,"href":"https:\/\/aconteceunovale.com.br\/portal\/index.php?rest_route=%2Fwp%2Fv2%2Fcomments&post=163453"}],"version-history":[{"count":1,"href":"https:\/\/aconteceunovale.com.br\/portal\/index.php?rest_route=\/wp\/v2\/posts\/163453\/revisions"}],"predecessor-version":[{"id":163455,"href":"https:\/\/aconteceunovale.com.br\/portal\/index.php?rest_route=\/wp\/v2\/posts\/163453\/revisions\/163455"}],"wp:featuredmedia":[{"embeddable":true,"href":"https:\/\/aconteceunovale.com.br\/portal\/index.php?rest_route=\/wp\/v2\/media\/163454"}],"wp:attachment":[{"href":"https:\/\/aconteceunovale.com.br\/portal\/index.php?rest_route=%2Fwp%2Fv2%2Fmedia&parent=163453"}],"wp:term":[{"taxonomy":"category","embeddable":true,"href":"https:\/\/aconteceunovale.com.br\/portal\/index.php?rest_route=%2Fwp%2Fv2%2Fcategories&post=163453"},{"taxonomy":"post_tag","embeddable":true,"href":"https:\/\/aconteceunovale.com.br\/portal\/index.php?rest_route=%2Fwp%2Fv2%2Ftags&post=163453"}],"curies":[{"name":"wp","href":"https:\/\/api.w.org\/{rel}","templated":true}]}}