{"id":163451,"date":"2020-06-01T20:52:34","date_gmt":"2020-06-01T23:52:34","guid":{"rendered":"https:\/\/aconteceunovale.com.br\/portal\/?p=163451"},"modified":"2020-06-01T20:52:40","modified_gmt":"2020-06-01T23:52:40","slug":"santana-do-paraiso-tem-63-casos-confirmados-de-covid-19","status":"publish","type":"post","link":"https:\/\/aconteceunovale.com.br\/portal\/?p=163451","title":{"rendered":"Santana do Para\u00edso tem 63 casos confirmados de Covid-19"},"content":{"rendered":"\n<p class=\"wp-block-paragraph\">Mais sete casos de Covid-19 foram confirmados em Santana do Para\u00edso, no Vale do A\u00e7o, nesta segunda-feira (1\/6\/2020). De acordo com a Prefeitura Municipal, trata-se de tr\u00eas mulheres, com 33, 37 e 42 anos, uma crian\u00e7a do sexo feminino de um ano e tr\u00eas homens, com 29, 31 e 44 anos. Todos os novos pacientes est\u00e3o em isolamento domiciliar e s\u00e3o monitorados por equipes da Vigil\u00e2ncia Epidemiol\u00f3gica.<\/p>\n\n\n\n<p class=\"wp-block-paragraph\">Segundo o boletim, atualizado \u00e0s 18h, o munic\u00edpio contabiliza 63 casos confirmados da doen\u00e7a. Desse total, 15 pessoas est\u00e3o recuperadas e duas morreram. A prefeitura ainda investiga 158 casos suspeitos, incluindo um \u00f3bito.<\/p>\n\n\n\n<p class=\"wp-block-paragraph\"><strong>Confira o boletim de 1\/6\/2020:<\/strong><\/p>\n\n\n\n<figure class=\"wp-block-image size-large\"><img decoding=\"async\" src=\"https:\/\/aconteceu.info\/boletins\/corona_santanadoparaiso_1junho.jpg\" alt=\"\"\/><\/figure>\n\n\n\n<p class=\"has-background has-very-light-gray-background-color wp-block-paragraph\">Quer saber as not\u00edcias do <strong>Aconteceu no Vale<\/strong> em primeira m\u00e3o? Siga-nos no Facebook <a rel=\"noreferrer noopener\" href=\"http:\/\/facebook.com\/aconteceunovale\" target=\"_blank\">@aconteceunovale<\/a>, Twitter <a rel=\"noreferrer noopener\" href=\"https:\/\/twitter.com\/noticiadosvales\" target=\"_blank\">@noticiadosvales<\/a> e Instagram <a rel=\"noreferrer noopener\" href=\"https:\/\/www.instagram.com\/aconteceunovale\" target=\"_blank\">@aconteceunovale<\/a>.<\/p>\n","protected":false},"excerpt":{"rendered":"<p>Mais sete casos de Covid-19 foram confirmados em Santana do Para\u00edso, no Vale do A\u00e7o, nesta segunda-feira (1\/6\/2020). De acordo com a Prefeitura Municipal, trata-se de tr\u00eas mulheres, com 33, 37 e 42 anos, uma crian\u00e7a do sexo feminino de um ano e tr\u00eas homens, com 29, 31 e 44 anos. Todos os novos pacientes [&hellip;]<\/p>\n","protected":false},"author":1,"featured_media":162950,"comment_status":"open","ping_status":"closed","sticky":false,"template":"","format":"standard","meta":{"amp_status":"","footnotes":""},"categories":[121,40242],"tags":[222392,222394,218105,222393,34360,2101,222461,222860,222391],"class_list":["post-163451","post","type-post","status-publish","format-standard","has-post-thumbnail","hentry","category-leste","category-saude-2","tag-casos-de-coronavirus-em-santana-do-paraiso","tag-casos-de-covid-19-em-santana-do-paraiso","tag-coronavirus-em-santana-do-paraiso","tag-covid-19-em-santana-do-paraiso","tag-prefeitura-de-santana-do-paraiso","tag-santana-do-paraiso","tag-santana-do-paraiso-registra-primeiro-obito-por-covid-19","tag-santana-do-paraiso-tem-63-casos-confirmados-de-covid-19","tag-sobe-para-19-o-numero-de-casos-confirmados-de-covid-19-em-santana-do-paraiso"],"yoast_head":"<!-- This site is optimized with the Yoast SEO plugin v28.3 - https:\/\/yoast.com\/product\/yoast-seo-wordpress\/ -->\n<title>Santana do Para\u00edso tem 63 casos confirmados de Covid-19 - Aconteceu no Vale<\/title>\n<meta name=\"robots\" content=\"index, follow, max-snippet:-1, max-image-preview:large, max-video-preview:-1\" \/>\n<link rel=\"canonical\" href=\"https:\/\/aconteceunovale.com.br\/portal\/?p=163451\" \/>\n<meta property=\"og:locale\" content=\"pt_BR\" \/>\n<meta property=\"og:type\" content=\"article\" \/>\n<meta property=\"og:title\" content=\"Santana do Para\u00edso tem 63 casos confirmados de Covid-19 - Aconteceu no Vale\" \/>\n<meta property=\"og:description\" content=\"Mais sete casos de Covid-19 foram confirmados em Santana do Para\u00edso, no Vale do A\u00e7o, nesta segunda-feira (1\/6\/2020). De acordo com a Prefeitura Municipal, trata-se de tr\u00eas mulheres, com 33, 37 e 42 anos, uma crian\u00e7a do sexo feminino de um ano e tr\u00eas homens, com 29, 31 e 44 anos. Todos os novos pacientes [&hellip;]\" \/>\n<meta property=\"og:url\" content=\"https:\/\/aconteceunovale.com.br\/portal\/?p=163451\" \/>\n<meta property=\"og:site_name\" content=\"Aconteceu no Vale\" \/>\n<meta property=\"article:publisher\" content=\"https:\/\/www.facebook.com\/aconteceunovale\/\" \/>\n<meta property=\"article:published_time\" content=\"2020-06-01T23:52:34+00:00\" \/>\n<meta property=\"article:modified_time\" content=\"2020-06-01T23:52:40+00:00\" \/>\n<meta property=\"og:image\" content=\"https:\/\/aconteceunovale.com.br\/portal\/wp-content\/uploads\/2020\/05\/santana_paraiso.jpg\" \/>\n\t<meta property=\"og:image:width\" content=\"650\" \/>\n\t<meta property=\"og:image:height\" content=\"436\" \/>\n\t<meta property=\"og:image:type\" content=\"image\/jpeg\" \/>\n<meta name=\"author\" content=\"Aconteceu no Vale\" \/>\n<meta name=\"twitter:card\" content=\"summary_large_image\" \/>\n<meta name=\"twitter:creator\" content=\"@noticiadosvales\" \/>\n<meta name=\"twitter:site\" content=\"@noticiadosvales\" \/>\n<meta name=\"twitter:label1\" content=\"Escrito por\" \/>\n\t<meta name=\"twitter:data1\" content=\"Aconteceu no Vale\" \/>\n\t<meta name=\"twitter:label2\" content=\"Est. tempo de leitura\" \/>\n\t<meta name=\"twitter:data2\" content=\"1 minuto\" \/>\n<script type=\"application\/ld+json\" class=\"yoast-schema-graph\">{\"@context\":\"https:\\\/\\\/schema.org\",\"@graph\":[{\"@type\":\"Article\",\"@id\":\"https:\\\/\\\/aconteceunovale.com.br\\\/portal\\\/?p=163451#article\",\"isPartOf\":{\"@id\":\"https:\\\/\\\/aconteceunovale.com.br\\\/portal\\\/?p=163451\"},\"author\":{\"name\":\"Aconteceu no Vale\",\"@id\":\"https:\\\/\\\/aconteceunovale.com.br\\\/portal\\\/#\\\/schema\\\/person\\\/633529146f2c94272bef50ac2953d589\"},\"headline\":\"Santana do Para\u00edso tem 63 casos confirmados de Covid-19\",\"datePublished\":\"2020-06-01T23:52:34+00:00\",\"dateModified\":\"2020-06-01T23:52:40+00:00\",\"mainEntityOfPage\":{\"@id\":\"https:\\\/\\\/aconteceunovale.com.br\\\/portal\\\/?p=163451\"},\"wordCount\":137,\"commentCount\":0,\"image\":{\"@id\":\"https:\\\/\\\/aconteceunovale.com.br\\\/portal\\\/?p=163451#primaryimage\"},\"thumbnailUrl\":\"https:\\\/\\\/aconteceunovale.com.br\\\/portal\\\/wp-content\\\/uploads\\\/2020\\\/05\\\/santana_paraiso.jpg\",\"keywords\":[\"Casos de coronav\u00edrus em Santana do Para\u00edso\",\"Casos de covid-19 em Santana do Para\u00edso\",\"Coronav\u00edrus em Santana do Para\u00edso\",\"Covid-19 em Santana do Para\u00edso\",\"prefeitura de Santana do Para\u00edso\",\"Santana do Para\u00edso\",\"Santana do Para\u00edso registra primeiro \u00f3bito por Covid-19\",\"Santana do Para\u00edso tem 63 casos confirmados de Covid-19\",\"Sobe para 19 o n\u00famero de casos confirmados de Covid-19 em Santana do Para\u00edso\"],\"articleSection\":[\"Leste de Minas\",\"Sa\u00fade\"],\"inLanguage\":\"pt-BR\",\"potentialAction\":[{\"@type\":\"CommentAction\",\"name\":\"Comment\",\"target\":[\"https:\\\/\\\/aconteceunovale.com.br\\\/portal\\\/?p=163451#respond\"]}]},{\"@type\":\"WebPage\",\"@id\":\"https:\\\/\\\/aconteceunovale.com.br\\\/portal\\\/?p=163451\",\"url\":\"https:\\\/\\\/aconteceunovale.com.br\\\/portal\\\/?p=163451\",\"name\":\"Santana do Para\u00edso tem 63 casos confirmados de Covid-19 - Aconteceu no Vale\",\"isPartOf\":{\"@id\":\"https:\\\/\\\/aconteceunovale.com.br\\\/portal\\\/#website\"},\"primaryImageOfPage\":{\"@id\":\"https:\\\/\\\/aconteceunovale.com.br\\\/portal\\\/?p=163451#primaryimage\"},\"image\":{\"@id\":\"https:\\\/\\\/aconteceunovale.com.br\\\/portal\\\/?p=163451#primaryimage\"},\"thumbnailUrl\":\"https:\\\/\\\/aconteceunovale.com.br\\\/portal\\\/wp-content\\\/uploads\\\/2020\\\/05\\\/santana_paraiso.jpg\",\"datePublished\":\"2020-06-01T23:52:34+00:00\",\"dateModified\":\"2020-06-01T23:52:40+00:00\",\"author\":{\"@id\":\"https:\\\/\\\/aconteceunovale.com.br\\\/portal\\\/#\\\/schema\\\/person\\\/633529146f2c94272bef50ac2953d589\"},\"breadcrumb\":{\"@id\":\"https:\\\/\\\/aconteceunovale.com.br\\\/portal\\\/?p=163451#breadcrumb\"},\"inLanguage\":\"pt-BR\",\"potentialAction\":[{\"@type\":\"ReadAction\",\"target\":[\"https:\\\/\\\/aconteceunovale.com.br\\\/portal\\\/?p=163451\"]}]},{\"@type\":\"ImageObject\",\"inLanguage\":\"pt-BR\",\"@id\":\"https:\\\/\\\/aconteceunovale.com.br\\\/portal\\\/?p=163451#primaryimage\",\"url\":\"https:\\\/\\\/aconteceunovale.com.br\\\/portal\\\/wp-content\\\/uploads\\\/2020\\\/05\\\/santana_paraiso.jpg\",\"contentUrl\":\"https:\\\/\\\/aconteceunovale.com.br\\\/portal\\\/wp-content\\\/uploads\\\/2020\\\/05\\\/santana_paraiso.jpg\",\"width\":650,\"height\":436},{\"@type\":\"BreadcrumbList\",\"@id\":\"https:\\\/\\\/aconteceunovale.com.br\\\/portal\\\/?p=163451#breadcrumb\",\"itemListElement\":[{\"@type\":\"ListItem\",\"position\":1,\"name\":\"In\u00edcio\",\"item\":\"https:\\\/\\\/aconteceunovale.com.br\\\/portal\\\/\"},{\"@type\":\"ListItem\",\"position\":2,\"name\":\"Santana do Para\u00edso tem 63 casos confirmados de Covid-19\"}]},{\"@type\":\"WebSite\",\"@id\":\"https:\\\/\\\/aconteceunovale.com.br\\\/portal\\\/#website\",\"url\":\"https:\\\/\\\/aconteceunovale.com.br\\\/portal\\\/\",\"name\":\"Aconteceu no Vale\",\"description\":\"Portal de Not\u00edcias\",\"potentialAction\":[{\"@type\":\"SearchAction\",\"target\":{\"@type\":\"EntryPoint\",\"urlTemplate\":\"https:\\\/\\\/aconteceunovale.com.br\\\/portal\\\/?s={search_term_string}\"},\"query-input\":{\"@type\":\"PropertyValueSpecification\",\"valueRequired\":true,\"valueName\":\"search_term_string\"}}],\"inLanguage\":\"pt-BR\"},{\"@type\":\"Person\",\"@id\":\"https:\\\/\\\/aconteceunovale.com.br\\\/portal\\\/#\\\/schema\\\/person\\\/633529146f2c94272bef50ac2953d589\",\"name\":\"Aconteceu no Vale\",\"description\":\"Equipe de reportagem do Aconteceu no Vale, portal de not\u00edcias do Vale do Jequitinhonha, em Minas Gerais. Cobrimos as 51 cidades do Vale desde 2013. Sugest\u00f5es de pauta e pedidos de corre\u00e7\u00e3o: contato@aconteceunovale.com.br\",\"sameAs\":[\"http:\\\/\\\/www.aconteceunovale.com.br\"],\"url\":\"https:\\\/\\\/aconteceunovale.com.br\\\/portal\\\/?author=1\"}]}<\/script>\n<!-- \/ Yoast SEO plugin. -->","yoast_head_json":{"title":"Santana do Para\u00edso tem 63 casos confirmados de Covid-19 - Aconteceu no Vale","robots":{"index":"index","follow":"follow","max-snippet":"max-snippet:-1","max-image-preview":"max-image-preview:large","max-video-preview":"max-video-preview:-1"},"canonical":"https:\/\/aconteceunovale.com.br\/portal\/?p=163451","og_locale":"pt_BR","og_type":"article","og_title":"Santana do Para\u00edso tem 63 casos confirmados de Covid-19 - Aconteceu no Vale","og_description":"Mais sete casos de Covid-19 foram confirmados em Santana do Para\u00edso, no Vale do A\u00e7o, nesta segunda-feira (1\/6\/2020). De acordo com a Prefeitura Municipal, trata-se de tr\u00eas mulheres, com 33, 37 e 42 anos, uma crian\u00e7a do sexo feminino de um ano e tr\u00eas homens, com 29, 31 e 44 anos. Todos os novos pacientes [&hellip;]","og_url":"https:\/\/aconteceunovale.com.br\/portal\/?p=163451","og_site_name":"Aconteceu no Vale","article_publisher":"https:\/\/www.facebook.com\/aconteceunovale\/","article_published_time":"2020-06-01T23:52:34+00:00","article_modified_time":"2020-06-01T23:52:40+00:00","og_image":[{"width":650,"height":436,"url":"https:\/\/aconteceunovale.com.br\/portal\/wp-content\/uploads\/2020\/05\/santana_paraiso.jpg","type":"image\/jpeg"}],"author":"Aconteceu no Vale","twitter_card":"summary_large_image","twitter_creator":"@noticiadosvales","twitter_site":"@noticiadosvales","twitter_misc":{"Escrito por":"Aconteceu no Vale","Est. tempo de leitura":"1 minuto"},"schema":{"@context":"https:\/\/schema.org","@graph":[{"@type":"Article","@id":"https:\/\/aconteceunovale.com.br\/portal\/?p=163451#article","isPartOf":{"@id":"https:\/\/aconteceunovale.com.br\/portal\/?p=163451"},"author":{"name":"Aconteceu no Vale","@id":"https:\/\/aconteceunovale.com.br\/portal\/#\/schema\/person\/633529146f2c94272bef50ac2953d589"},"headline":"Santana do Para\u00edso tem 63 casos confirmados de Covid-19","datePublished":"2020-06-01T23:52:34+00:00","dateModified":"2020-06-01T23:52:40+00:00","mainEntityOfPage":{"@id":"https:\/\/aconteceunovale.com.br\/portal\/?p=163451"},"wordCount":137,"commentCount":0,"image":{"@id":"https:\/\/aconteceunovale.com.br\/portal\/?p=163451#primaryimage"},"thumbnailUrl":"https:\/\/aconteceunovale.com.br\/portal\/wp-content\/uploads\/2020\/05\/santana_paraiso.jpg","keywords":["Casos de coronav\u00edrus em Santana do Para\u00edso","Casos de covid-19 em Santana do Para\u00edso","Coronav\u00edrus em Santana do Para\u00edso","Covid-19 em Santana do Para\u00edso","prefeitura de Santana do Para\u00edso","Santana do Para\u00edso","Santana do Para\u00edso registra primeiro \u00f3bito por Covid-19","Santana do Para\u00edso tem 63 casos confirmados de Covid-19","Sobe para 19 o n\u00famero de casos confirmados de Covid-19 em Santana do Para\u00edso"],"articleSection":["Leste de Minas","Sa\u00fade"],"inLanguage":"pt-BR","potentialAction":[{"@type":"CommentAction","name":"Comment","target":["https:\/\/aconteceunovale.com.br\/portal\/?p=163451#respond"]}]},{"@type":"WebPage","@id":"https:\/\/aconteceunovale.com.br\/portal\/?p=163451","url":"https:\/\/aconteceunovale.com.br\/portal\/?p=163451","name":"Santana do Para\u00edso tem 63 casos confirmados de Covid-19 - Aconteceu no Vale","isPartOf":{"@id":"https:\/\/aconteceunovale.com.br\/portal\/#website"},"primaryImageOfPage":{"@id":"https:\/\/aconteceunovale.com.br\/portal\/?p=163451#primaryimage"},"image":{"@id":"https:\/\/aconteceunovale.com.br\/portal\/?p=163451#primaryimage"},"thumbnailUrl":"https:\/\/aconteceunovale.com.br\/portal\/wp-content\/uploads\/2020\/05\/santana_paraiso.jpg","datePublished":"2020-06-01T23:52:34+00:00","dateModified":"2020-06-01T23:52:40+00:00","author":{"@id":"https:\/\/aconteceunovale.com.br\/portal\/#\/schema\/person\/633529146f2c94272bef50ac2953d589"},"breadcrumb":{"@id":"https:\/\/aconteceunovale.com.br\/portal\/?p=163451#breadcrumb"},"inLanguage":"pt-BR","potentialAction":[{"@type":"ReadAction","target":["https:\/\/aconteceunovale.com.br\/portal\/?p=163451"]}]},{"@type":"ImageObject","inLanguage":"pt-BR","@id":"https:\/\/aconteceunovale.com.br\/portal\/?p=163451#primaryimage","url":"https:\/\/aconteceunovale.com.br\/portal\/wp-content\/uploads\/2020\/05\/santana_paraiso.jpg","contentUrl":"https:\/\/aconteceunovale.com.br\/portal\/wp-content\/uploads\/2020\/05\/santana_paraiso.jpg","width":650,"height":436},{"@type":"BreadcrumbList","@id":"https:\/\/aconteceunovale.com.br\/portal\/?p=163451#breadcrumb","itemListElement":[{"@type":"ListItem","position":1,"name":"In\u00edcio","item":"https:\/\/aconteceunovale.com.br\/portal\/"},{"@type":"ListItem","position":2,"name":"Santana do Para\u00edso tem 63 casos confirmados de Covid-19"}]},{"@type":"WebSite","@id":"https:\/\/aconteceunovale.com.br\/portal\/#website","url":"https:\/\/aconteceunovale.com.br\/portal\/","name":"Aconteceu no Vale","description":"Portal de Not\u00edcias","potentialAction":[{"@type":"SearchAction","target":{"@type":"EntryPoint","urlTemplate":"https:\/\/aconteceunovale.com.br\/portal\/?s={search_term_string}"},"query-input":{"@type":"PropertyValueSpecification","valueRequired":true,"valueName":"search_term_string"}}],"inLanguage":"pt-BR"},{"@type":"Person","@id":"https:\/\/aconteceunovale.com.br\/portal\/#\/schema\/person\/633529146f2c94272bef50ac2953d589","name":"Aconteceu no Vale","description":"Equipe de reportagem do Aconteceu no Vale, portal de not\u00edcias do Vale do Jequitinhonha, em Minas Gerais. Cobrimos as 51 cidades do Vale desde 2013. Sugest\u00f5es de pauta e pedidos de corre\u00e7\u00e3o: contato@aconteceunovale.com.br","sameAs":["http:\/\/www.aconteceunovale.com.br"],"url":"https:\/\/aconteceunovale.com.br\/portal\/?author=1"}]}},"_links":{"self":[{"href":"https:\/\/aconteceunovale.com.br\/portal\/index.php?rest_route=\/wp\/v2\/posts\/163451","targetHints":{"allow":["GET"]}}],"collection":[{"href":"https:\/\/aconteceunovale.com.br\/portal\/index.php?rest_route=\/wp\/v2\/posts"}],"about":[{"href":"https:\/\/aconteceunovale.com.br\/portal\/index.php?rest_route=\/wp\/v2\/types\/post"}],"author":[{"embeddable":true,"href":"https:\/\/aconteceunovale.com.br\/portal\/index.php?rest_route=\/wp\/v2\/users\/1"}],"replies":[{"embeddable":true,"href":"https:\/\/aconteceunovale.com.br\/portal\/index.php?rest_route=%2Fwp%2Fv2%2Fcomments&post=163451"}],"version-history":[{"count":1,"href":"https:\/\/aconteceunovale.com.br\/portal\/index.php?rest_route=\/wp\/v2\/posts\/163451\/revisions"}],"predecessor-version":[{"id":163452,"href":"https:\/\/aconteceunovale.com.br\/portal\/index.php?rest_route=\/wp\/v2\/posts\/163451\/revisions\/163452"}],"wp:featuredmedia":[{"embeddable":true,"href":"https:\/\/aconteceunovale.com.br\/portal\/index.php?rest_route=\/wp\/v2\/media\/162950"}],"wp:attachment":[{"href":"https:\/\/aconteceunovale.com.br\/portal\/index.php?rest_route=%2Fwp%2Fv2%2Fmedia&parent=163451"}],"wp:term":[{"taxonomy":"category","embeddable":true,"href":"https:\/\/aconteceunovale.com.br\/portal\/index.php?rest_route=%2Fwp%2Fv2%2Fcategories&post=163451"},{"taxonomy":"post_tag","embeddable":true,"href":"https:\/\/aconteceunovale.com.br\/portal\/index.php?rest_route=%2Fwp%2Fv2%2Ftags&post=163451"}],"curies":[{"name":"wp","href":"https:\/\/api.w.org\/{rel}","templated":true}]}}