{"id":163446,"date":"2020-06-01T20:34:58","date_gmt":"2020-06-01T23:34:58","guid":{"rendered":"https:\/\/aconteceunovale.com.br\/portal\/?p=163446"},"modified":"2026-09-02T12:13:31","modified_gmt":"2026-09-02T15:13:31","slug":"fazendeiro-e-assassinado-durante-assalto-no-municipio-de-aracuai","status":"publish","type":"post","link":"https:\/\/aconteceunovale.com.br\/portal\/?p=163446","title":{"rendered":"Fazendeiro \u00e9 assassinado durante assalto no munic\u00edpio de Ara\u00e7ua\u00ed"},"content":{"rendered":"\n<p class=\"wp-block-paragraph\">Um homem de 70 anos foi assassinado durante um assalto na regi\u00e3o do Piau\u00ed, zona rural de Ara\u00e7ua\u00ed (MG), na tarde desta segunda-feira (1\/6\/2020). As primeiras informa\u00e7\u00f5es indicam que dois bandidos armados invadiram a fazenda de Reinaldo Lopes da Silva J\u00fanior e anunciaram o roubo. Um dos autores estava armado com duas facas e o outro com um rev\u00f3lver.<\/p>\n\n\n\n<p class=\"wp-block-paragraph\">O pecuarista estava deitado em um quarto da casa e, ao se levantar para verificar o que estava acontecendo, acabou baleado no pesco\u00e7o. Reinaldo n\u00e3o resistiu ao ferimento e veio a \u00f3bito no local.<\/p>\n\n\n\n<p class=\"wp-block-paragraph\">Os assaltantes reviraram toda a casa e fugiram com R$ 600 em dinheiro, dois telefones celulares e um cord\u00e3o de ouro. A Pol\u00edcia foi acionada e realiza rastreamento na regi\u00e3o com objetivo de localizar e prender os bandidos.<\/p>\n\n\n\n<figure class=\"wp-block-gallery columns-1 is-cropped wp-block-gallery-1 is-layout-flex wp-block-gallery-is-layout-flex\"><ul class=\"blocks-gallery-grid\"><li class=\"blocks-gallery-item\"><figure><img loading=\"lazy\" decoding=\"async\" width=\"650\" height=\"426\" src=\"https:\/\/aconteceunovale.com.br\/portal\/wp-content\/uploads\/2020\/06\/fazendeiro_aracuai_2.png\" alt=\"\" data-id=\"163449\" data-full-url=\"https:\/\/aconteceunovale.com.br\/portal\/wp-content\/uploads\/2020\/06\/fazendeiro_aracuai_2.png\" data-link=\"https:\/\/aconteceunovale.com.br\/portal\/?attachment_id=163449\" class=\"wp-image-163449\" srcset=\"https:\/\/aconteceunovale.com.br\/portal\/wp-content\/uploads\/2020\/06\/fazendeiro_aracuai_2.png 650w, https:\/\/aconteceunovale.com.br\/portal\/wp-content\/uploads\/2020\/06\/fazendeiro_aracuai_2-300x197.png 300w, https:\/\/aconteceunovale.com.br\/portal\/wp-content\/uploads\/2020\/06\/fazendeiro_aracuai_2-641x420.png 641w\" sizes=\"auto, (max-width: 650px) 100vw, 650px\" \/><figcaption class=\"blocks-gallery-item__caption\"><em>V\u00edtima tinha 70 anos \u2013 Foto: Reprodu\u00e7\u00e3o<\/em><\/figcaption><\/figure><\/li><\/ul><\/figure>\n\n\n\n<h2 class=\"wp-block-heading\"><strong>Rendidos<\/strong><\/h2>\n\n\n\n<p class=\"wp-block-paragraph\">Antes de chegar \u00e0 casa de Reinaldo, os criminosos renderam um garimpeiro que estava em um barrac\u00e3o da propriedade. O homem chegou a ser levado amarrado para dentro da sede. A mulher do fazendeiro, de 69 anos, tamb\u00e9m foi rendida e amarrada.<\/p>\n\n\n\n<p class=\"has-background has-very-light-gray-background-color wp-block-paragraph\">Quer saber as not\u00edcias do <strong>Aconteceu no Vale<\/strong> em primeira m\u00e3o? Siga-nos no Facebook <a rel=\"noreferrer noopener\" href=\"http:\/\/facebook.com\/aconteceunovale\" target=\"_blank\">@aconteceunovale<\/a>, Twitter <a rel=\"noreferrer noopener\" href=\"https:\/\/twitter.com\/noticiadosvales\" target=\"_blank\">@noticiadosvales<\/a> e Instagram <a rel=\"noreferrer noopener\" href=\"https:\/\/www.instagram.com\/aconteceunovale\" target=\"_blank\">@aconteceunovale<\/a>.<\/p>\n","protected":false},"excerpt":{"rendered":"<p>Um homem de 70 anos foi assassinado durante um assalto na regi\u00e3o do Piau\u00ed, zona rural de Ara\u00e7ua\u00ed (MG), na tarde desta segunda-feira (1\/6\/2020). As primeiras informa\u00e7\u00f5es indicam que dois bandidos armados invadiram a fazenda de Reinaldo Lopes da Silva J\u00fanior e anunciaram o roubo. Um dos autores estava armado com duas facas e o [&hellip;]<\/p>\n","protected":false},"author":1,"featured_media":151866,"comment_status":"open","ping_status":"closed","sticky":false,"template":"","format":"standard","meta":{"amp_status":"","footnotes":""},"categories":[272530,120],"tags":[186,33634,1018,222855,222854,177207,20884,43603,222858,222857,43604,222856,222859,43159],"class_list":["post-163446","post","type-post","status-publish","format-standard","has-post-thumbnail","hentry","category-aracuai","category-jequi","tag-aracuai","tag-assalto-em-aracuai","tag-destaque","tag-fazendeiro-assassinado-em-aracuai","tag-fazendeiro-e-assassinado-durante-assalto-no-municipio-de-aracuai","tag-fazendeiro-morto-em-aracuai","tag-homicidio-em-aracuai","tag-latrocinio-em-aracuai","tag-morte-de-fazendeiro-em-aracuai","tag-morte-de-pecuarista-em-aracuai","tag-morto-em-aracuai","tag-pecuarista-morto-em-aracuai","tag-reinaldo-guedes-otoni","tag-violencia-em-aracuai"],"yoast_head":"<!-- This site is optimized with the Yoast SEO plugin v28.3 - https:\/\/yoast.com\/product\/yoast-seo-wordpress\/ -->\n<title>Fazendeiro \u00e9 assassinado durante assalto no munic\u00edpio de Ara\u00e7ua\u00ed - Aconteceu no Vale<\/title>\n<meta name=\"robots\" content=\"index, follow, max-snippet:-1, max-image-preview:large, max-video-preview:-1\" \/>\n<link rel=\"canonical\" href=\"https:\/\/aconteceunovale.com.br\/portal\/?p=163446\" \/>\n<meta property=\"og:locale\" content=\"pt_BR\" \/>\n<meta property=\"og:type\" content=\"article\" \/>\n<meta property=\"og:title\" content=\"Fazendeiro \u00e9 assassinado durante assalto no munic\u00edpio de Ara\u00e7ua\u00ed - Aconteceu no Vale\" \/>\n<meta property=\"og:description\" content=\"Um homem de 70 anos foi assassinado durante um assalto na regi\u00e3o do Piau\u00ed, zona rural de Ara\u00e7ua\u00ed (MG), na tarde desta segunda-feira (1\/6\/2020). As primeiras informa\u00e7\u00f5es indicam que dois bandidos armados invadiram a fazenda de Reinaldo Lopes da Silva J\u00fanior e anunciaram o roubo. Um dos autores estava armado com duas facas e o [&hellip;]\" \/>\n<meta property=\"og:url\" content=\"https:\/\/aconteceunovale.com.br\/portal\/?p=163446\" \/>\n<meta property=\"og:site_name\" content=\"Aconteceu no Vale\" \/>\n<meta property=\"article:publisher\" content=\"https:\/\/www.facebook.com\/aconteceunovale\/\" \/>\n<meta property=\"article:published_time\" content=\"2020-06-01T23:34:58+00:00\" \/>\n<meta property=\"article:modified_time\" content=\"2026-09-02T15:13:31+00:00\" \/>\n<meta property=\"og:image\" content=\"https:\/\/aconteceunovale.com.br\/portal\/wp-content\/uploads\/2019\/08\/plantao_giroflex.jpg\" \/>\n\t<meta property=\"og:image:width\" content=\"678\" \/>\n\t<meta property=\"og:image:height\" content=\"430\" \/>\n\t<meta property=\"og:image:type\" content=\"image\/jpeg\" \/>\n<meta name=\"author\" content=\"Aconteceu no Vale\" \/>\n<meta name=\"twitter:card\" content=\"summary_large_image\" \/>\n<meta name=\"twitter:creator\" content=\"@noticiadosvales\" \/>\n<meta name=\"twitter:site\" content=\"@noticiadosvales\" \/>\n<meta name=\"twitter:label1\" content=\"Escrito por\" \/>\n\t<meta name=\"twitter:data1\" content=\"Aconteceu no Vale\" \/>\n\t<meta name=\"twitter:label2\" content=\"Est. tempo de leitura\" \/>\n\t<meta name=\"twitter:data2\" content=\"1 minuto\" \/>\n<script type=\"application\/ld+json\" class=\"yoast-schema-graph\">{\"@context\":\"https:\\\/\\\/schema.org\",\"@graph\":[{\"@type\":\"Article\",\"@id\":\"https:\\\/\\\/aconteceunovale.com.br\\\/portal\\\/?p=163446#article\",\"isPartOf\":{\"@id\":\"https:\\\/\\\/aconteceunovale.com.br\\\/portal\\\/?p=163446\"},\"author\":{\"name\":\"Aconteceu no Vale\",\"@id\":\"https:\\\/\\\/aconteceunovale.com.br\\\/portal\\\/#\\\/schema\\\/person\\\/633529146f2c94272bef50ac2953d589\"},\"headline\":\"Fazendeiro \u00e9 assassinado durante assalto no munic\u00edpio de Ara\u00e7ua\u00ed\",\"datePublished\":\"2020-06-01T23:34:58+00:00\",\"dateModified\":\"2026-09-02T15:13:31+00:00\",\"mainEntityOfPage\":{\"@id\":\"https:\\\/\\\/aconteceunovale.com.br\\\/portal\\\/?p=163446\"},\"wordCount\":220,\"commentCount\":2,\"image\":{\"@id\":\"https:\\\/\\\/aconteceunovale.com.br\\\/portal\\\/?p=163446#primaryimage\"},\"thumbnailUrl\":\"https:\\\/\\\/aconteceunovale.com.br\\\/portal\\\/wp-content\\\/uploads\\\/2019\\\/08\\\/plantao_giroflex.jpg\",\"keywords\":[\"Ara\u00e7ua\u00ed\",\"assalto em ara\u00e7ua\u00ed\",\"destaque\",\"Fazendeiro assassinado em Ara\u00e7ua\u00ed\",\"Fazendeiro \u00e9 assassinado durante assalto no munic\u00edpio de Ara\u00e7ua\u00ed\",\"Fazendeiro morto em Ara\u00e7ua\u00ed\",\"homic\u00eddio em ara\u00e7ua\u00ed\",\"latroc\u00ednio em ara\u00e7ua\u00ed\",\"Morte de fazendeiro em Ara\u00e7ua\u00ed\",\"Morte de pecuarista em Ara\u00e7ua\u00ed\",\"morto em ara\u00e7ua\u00ed\",\"Pecuarista morto em Ara\u00e7ua\u00ed\",\"Reinaldo Guedes Otoni\",\"Viol\u00eancia em Ara\u00e7ua\u00ed\"],\"articleSection\":[\"Ara\u00e7ua\u00ed\",\"Vale do Jequitinhonha\"],\"inLanguage\":\"pt-BR\",\"potentialAction\":[{\"@type\":\"CommentAction\",\"name\":\"Comment\",\"target\":[\"https:\\\/\\\/aconteceunovale.com.br\\\/portal\\\/?p=163446#respond\"]}]},{\"@type\":\"WebPage\",\"@id\":\"https:\\\/\\\/aconteceunovale.com.br\\\/portal\\\/?p=163446\",\"url\":\"https:\\\/\\\/aconteceunovale.com.br\\\/portal\\\/?p=163446\",\"name\":\"Fazendeiro \u00e9 assassinado durante assalto no munic\u00edpio de Ara\u00e7ua\u00ed - Aconteceu no Vale\",\"isPartOf\":{\"@id\":\"https:\\\/\\\/aconteceunovale.com.br\\\/portal\\\/#website\"},\"primaryImageOfPage\":{\"@id\":\"https:\\\/\\\/aconteceunovale.com.br\\\/portal\\\/?p=163446#primaryimage\"},\"image\":{\"@id\":\"https:\\\/\\\/aconteceunovale.com.br\\\/portal\\\/?p=163446#primaryimage\"},\"thumbnailUrl\":\"https:\\\/\\\/aconteceunovale.com.br\\\/portal\\\/wp-content\\\/uploads\\\/2019\\\/08\\\/plantao_giroflex.jpg\",\"datePublished\":\"2020-06-01T23:34:58+00:00\",\"dateModified\":\"2026-09-02T15:13:31+00:00\",\"author\":{\"@id\":\"https:\\\/\\\/aconteceunovale.com.br\\\/portal\\\/#\\\/schema\\\/person\\\/633529146f2c94272bef50ac2953d589\"},\"breadcrumb\":{\"@id\":\"https:\\\/\\\/aconteceunovale.com.br\\\/portal\\\/?p=163446#breadcrumb\"},\"inLanguage\":\"pt-BR\",\"potentialAction\":[{\"@type\":\"ReadAction\",\"target\":[\"https:\\\/\\\/aconteceunovale.com.br\\\/portal\\\/?p=163446\"]}]},{\"@type\":\"ImageObject\",\"inLanguage\":\"pt-BR\",\"@id\":\"https:\\\/\\\/aconteceunovale.com.br\\\/portal\\\/?p=163446#primaryimage\",\"url\":\"https:\\\/\\\/aconteceunovale.com.br\\\/portal\\\/wp-content\\\/uploads\\\/2019\\\/08\\\/plantao_giroflex.jpg\",\"contentUrl\":\"https:\\\/\\\/aconteceunovale.com.br\\\/portal\\\/wp-content\\\/uploads\\\/2019\\\/08\\\/plantao_giroflex.jpg\",\"width\":678,\"height\":430},{\"@type\":\"BreadcrumbList\",\"@id\":\"https:\\\/\\\/aconteceunovale.com.br\\\/portal\\\/?p=163446#breadcrumb\",\"itemListElement\":[{\"@type\":\"ListItem\",\"position\":1,\"name\":\"In\u00edcio\",\"item\":\"https:\\\/\\\/aconteceunovale.com.br\\\/portal\\\/\"},{\"@type\":\"ListItem\",\"position\":2,\"name\":\"Fazendeiro \u00e9 assassinado durante assalto no munic\u00edpio de Ara\u00e7ua\u00ed\"}]},{\"@type\":\"WebSite\",\"@id\":\"https:\\\/\\\/aconteceunovale.com.br\\\/portal\\\/#website\",\"url\":\"https:\\\/\\\/aconteceunovale.com.br\\\/portal\\\/\",\"name\":\"Aconteceu no Vale\",\"description\":\"Portal de Not\u00edcias\",\"potentialAction\":[{\"@type\":\"SearchAction\",\"target\":{\"@type\":\"EntryPoint\",\"urlTemplate\":\"https:\\\/\\\/aconteceunovale.com.br\\\/portal\\\/?s={search_term_string}\"},\"query-input\":{\"@type\":\"PropertyValueSpecification\",\"valueRequired\":true,\"valueName\":\"search_term_string\"}}],\"inLanguage\":\"pt-BR\"},{\"@type\":\"Person\",\"@id\":\"https:\\\/\\\/aconteceunovale.com.br\\\/portal\\\/#\\\/schema\\\/person\\\/633529146f2c94272bef50ac2953d589\",\"name\":\"Aconteceu no Vale\",\"description\":\"Equipe de reportagem do Aconteceu no Vale, portal de not\u00edcias do Vale do Jequitinhonha, em Minas Gerais. Cobrimos as 51 cidades do Vale desde 2013. Sugest\u00f5es de pauta e pedidos de corre\u00e7\u00e3o: contato@aconteceunovale.com.br\",\"sameAs\":[\"http:\\\/\\\/www.aconteceunovale.com.br\"],\"url\":\"https:\\\/\\\/aconteceunovale.com.br\\\/portal\\\/?author=1\"}]}<\/script>\n<!-- \/ Yoast SEO plugin. -->","yoast_head_json":{"title":"Fazendeiro \u00e9 assassinado durante assalto no munic\u00edpio de Ara\u00e7ua\u00ed - Aconteceu no Vale","robots":{"index":"index","follow":"follow","max-snippet":"max-snippet:-1","max-image-preview":"max-image-preview:large","max-video-preview":"max-video-preview:-1"},"canonical":"https:\/\/aconteceunovale.com.br\/portal\/?p=163446","og_locale":"pt_BR","og_type":"article","og_title":"Fazendeiro \u00e9 assassinado durante assalto no munic\u00edpio de Ara\u00e7ua\u00ed - Aconteceu no Vale","og_description":"Um homem de 70 anos foi assassinado durante um assalto na regi\u00e3o do Piau\u00ed, zona rural de Ara\u00e7ua\u00ed (MG), na tarde desta segunda-feira (1\/6\/2020). As primeiras informa\u00e7\u00f5es indicam que dois bandidos armados invadiram a fazenda de Reinaldo Lopes da Silva J\u00fanior e anunciaram o roubo. Um dos autores estava armado com duas facas e o [&hellip;]","og_url":"https:\/\/aconteceunovale.com.br\/portal\/?p=163446","og_site_name":"Aconteceu no Vale","article_publisher":"https:\/\/www.facebook.com\/aconteceunovale\/","article_published_time":"2020-06-01T23:34:58+00:00","article_modified_time":"2026-09-02T15:13:31+00:00","og_image":[{"width":678,"height":430,"url":"https:\/\/aconteceunovale.com.br\/portal\/wp-content\/uploads\/2019\/08\/plantao_giroflex.jpg","type":"image\/jpeg"}],"author":"Aconteceu no Vale","twitter_card":"summary_large_image","twitter_creator":"@noticiadosvales","twitter_site":"@noticiadosvales","twitter_misc":{"Escrito por":"Aconteceu no Vale","Est. tempo de leitura":"1 minuto"},"schema":{"@context":"https:\/\/schema.org","@graph":[{"@type":"Article","@id":"https:\/\/aconteceunovale.com.br\/portal\/?p=163446#article","isPartOf":{"@id":"https:\/\/aconteceunovale.com.br\/portal\/?p=163446"},"author":{"name":"Aconteceu no Vale","@id":"https:\/\/aconteceunovale.com.br\/portal\/#\/schema\/person\/633529146f2c94272bef50ac2953d589"},"headline":"Fazendeiro \u00e9 assassinado durante assalto no munic\u00edpio de Ara\u00e7ua\u00ed","datePublished":"2020-06-01T23:34:58+00:00","dateModified":"2026-09-02T15:13:31+00:00","mainEntityOfPage":{"@id":"https:\/\/aconteceunovale.com.br\/portal\/?p=163446"},"wordCount":220,"commentCount":2,"image":{"@id":"https:\/\/aconteceunovale.com.br\/portal\/?p=163446#primaryimage"},"thumbnailUrl":"https:\/\/aconteceunovale.com.br\/portal\/wp-content\/uploads\/2019\/08\/plantao_giroflex.jpg","keywords":["Ara\u00e7ua\u00ed","assalto em ara\u00e7ua\u00ed","destaque","Fazendeiro assassinado em Ara\u00e7ua\u00ed","Fazendeiro \u00e9 assassinado durante assalto no munic\u00edpio de Ara\u00e7ua\u00ed","Fazendeiro morto em Ara\u00e7ua\u00ed","homic\u00eddio em ara\u00e7ua\u00ed","latroc\u00ednio em ara\u00e7ua\u00ed","Morte de fazendeiro em Ara\u00e7ua\u00ed","Morte de pecuarista em Ara\u00e7ua\u00ed","morto em ara\u00e7ua\u00ed","Pecuarista morto em Ara\u00e7ua\u00ed","Reinaldo Guedes Otoni","Viol\u00eancia em Ara\u00e7ua\u00ed"],"articleSection":["Ara\u00e7ua\u00ed","Vale do Jequitinhonha"],"inLanguage":"pt-BR","potentialAction":[{"@type":"CommentAction","name":"Comment","target":["https:\/\/aconteceunovale.com.br\/portal\/?p=163446#respond"]}]},{"@type":"WebPage","@id":"https:\/\/aconteceunovale.com.br\/portal\/?p=163446","url":"https:\/\/aconteceunovale.com.br\/portal\/?p=163446","name":"Fazendeiro \u00e9 assassinado durante assalto no munic\u00edpio de Ara\u00e7ua\u00ed - Aconteceu no Vale","isPartOf":{"@id":"https:\/\/aconteceunovale.com.br\/portal\/#website"},"primaryImageOfPage":{"@id":"https:\/\/aconteceunovale.com.br\/portal\/?p=163446#primaryimage"},"image":{"@id":"https:\/\/aconteceunovale.com.br\/portal\/?p=163446#primaryimage"},"thumbnailUrl":"https:\/\/aconteceunovale.com.br\/portal\/wp-content\/uploads\/2019\/08\/plantao_giroflex.jpg","datePublished":"2020-06-01T23:34:58+00:00","dateModified":"2026-09-02T15:13:31+00:00","author":{"@id":"https:\/\/aconteceunovale.com.br\/portal\/#\/schema\/person\/633529146f2c94272bef50ac2953d589"},"breadcrumb":{"@id":"https:\/\/aconteceunovale.com.br\/portal\/?p=163446#breadcrumb"},"inLanguage":"pt-BR","potentialAction":[{"@type":"ReadAction","target":["https:\/\/aconteceunovale.com.br\/portal\/?p=163446"]}]},{"@type":"ImageObject","inLanguage":"pt-BR","@id":"https:\/\/aconteceunovale.com.br\/portal\/?p=163446#primaryimage","url":"https:\/\/aconteceunovale.com.br\/portal\/wp-content\/uploads\/2019\/08\/plantao_giroflex.jpg","contentUrl":"https:\/\/aconteceunovale.com.br\/portal\/wp-content\/uploads\/2019\/08\/plantao_giroflex.jpg","width":678,"height":430},{"@type":"BreadcrumbList","@id":"https:\/\/aconteceunovale.com.br\/portal\/?p=163446#breadcrumb","itemListElement":[{"@type":"ListItem","position":1,"name":"In\u00edcio","item":"https:\/\/aconteceunovale.com.br\/portal\/"},{"@type":"ListItem","position":2,"name":"Fazendeiro \u00e9 assassinado durante assalto no munic\u00edpio de Ara\u00e7ua\u00ed"}]},{"@type":"WebSite","@id":"https:\/\/aconteceunovale.com.br\/portal\/#website","url":"https:\/\/aconteceunovale.com.br\/portal\/","name":"Aconteceu no Vale","description":"Portal de Not\u00edcias","potentialAction":[{"@type":"SearchAction","target":{"@type":"EntryPoint","urlTemplate":"https:\/\/aconteceunovale.com.br\/portal\/?s={search_term_string}"},"query-input":{"@type":"PropertyValueSpecification","valueRequired":true,"valueName":"search_term_string"}}],"inLanguage":"pt-BR"},{"@type":"Person","@id":"https:\/\/aconteceunovale.com.br\/portal\/#\/schema\/person\/633529146f2c94272bef50ac2953d589","name":"Aconteceu no Vale","description":"Equipe de reportagem do Aconteceu no Vale, portal de not\u00edcias do Vale do Jequitinhonha, em Minas Gerais. Cobrimos as 51 cidades do Vale desde 2013. Sugest\u00f5es de pauta e pedidos de corre\u00e7\u00e3o: contato@aconteceunovale.com.br","sameAs":["http:\/\/www.aconteceunovale.com.br"],"url":"https:\/\/aconteceunovale.com.br\/portal\/?author=1"}]}},"_links":{"self":[{"href":"https:\/\/aconteceunovale.com.br\/portal\/index.php?rest_route=\/wp\/v2\/posts\/163446","targetHints":{"allow":["GET"]}}],"collection":[{"href":"https:\/\/aconteceunovale.com.br\/portal\/index.php?rest_route=\/wp\/v2\/posts"}],"about":[{"href":"https:\/\/aconteceunovale.com.br\/portal\/index.php?rest_route=\/wp\/v2\/types\/post"}],"author":[{"embeddable":true,"href":"https:\/\/aconteceunovale.com.br\/portal\/index.php?rest_route=\/wp\/v2\/users\/1"}],"replies":[{"embeddable":true,"href":"https:\/\/aconteceunovale.com.br\/portal\/index.php?rest_route=%2Fwp%2Fv2%2Fcomments&post=163446"}],"version-history":[{"count":4,"href":"https:\/\/aconteceunovale.com.br\/portal\/index.php?rest_route=\/wp\/v2\/posts\/163446\/revisions"}],"predecessor-version":[{"id":175106,"href":"https:\/\/aconteceunovale.com.br\/portal\/index.php?rest_route=\/wp\/v2\/posts\/163446\/revisions\/175106"}],"wp:featuredmedia":[{"embeddable":true,"href":"https:\/\/aconteceunovale.com.br\/portal\/index.php?rest_route=\/wp\/v2\/media\/151866"}],"wp:attachment":[{"href":"https:\/\/aconteceunovale.com.br\/portal\/index.php?rest_route=%2Fwp%2Fv2%2Fmedia&parent=163446"}],"wp:term":[{"taxonomy":"category","embeddable":true,"href":"https:\/\/aconteceunovale.com.br\/portal\/index.php?rest_route=%2Fwp%2Fv2%2Fcategories&post=163446"},{"taxonomy":"post_tag","embeddable":true,"href":"https:\/\/aconteceunovale.com.br\/portal\/index.php?rest_route=%2Fwp%2Fv2%2Ftags&post=163446"}],"curies":[{"name":"wp","href":"https:\/\/api.w.org\/{rel}","templated":true}]}}