{"id":163443,"date":"2020-06-01T19:23:50","date_gmt":"2020-06-01T22:23:50","guid":{"rendered":"https:\/\/aconteceunovale.com.br\/portal\/?p=163443"},"modified":"2020-06-01T19:24:46","modified_gmt":"2020-06-01T22:24:46","slug":"prefeitura-de-teofilo-otoni-confirma-mais-14-casos-de-covid-19","status":"publish","type":"post","link":"https:\/\/aconteceunovale.com.br\/portal\/?p=163443","title":{"rendered":"Prefeitura de Te\u00f3filo Otoni confirma mais 14 casos de Covid-19"},"content":{"rendered":"\n<p class=\"wp-block-paragraph\">A Prefeitura de Te\u00f3filo Otoni (MG) confirmou quatorze novos casos de Covid-19 nas \u00faltimas 24 horas. Segundo informa\u00e7\u00f5es do boletim epidemiol\u00f3gico, atualizado na noite desta segunda-feira (1\/6\/2020), o munic\u00edpio soma 269 pessoas infectadas com o v\u00edrus.<\/p>\n\n\n\n<p class=\"wp-block-paragraph\">De acordo com a prefeitura, nove pessoas est\u00e3o internadas (quatro em leitos de UTI) e 174 em isolamento domiciliar. Dentro das estat\u00edsticas de confirmados, Te\u00f3filo Otoni tem 75 recuperados e 11 \u00f3bitos.<\/p>\n\n\n\n<p class=\"wp-block-paragraph\">Ainda segundo o boletim epidemiol\u00f3gico, 376 pessoas est\u00e3o classificadas como suspeitas de terem contra\u00eddo a doen\u00e7a. Dessas, 358 est\u00e3o em isolamento domiciliar e dezesseis internadas (quatro em leitos de UTI). Dois \u00f3bitos s\u00e3o investigados.<\/p>\n\n\n\n<p class=\"wp-block-paragraph\">At\u00e9 hoje, conforme o boletim, 299 casos foram descartados por exames laboratoriais e 681 conclu\u00edram o monitoramento por crit\u00e9rio cl\u00ednico. O n\u00famero total de notifica\u00e7\u00f5es desde o in\u00edcio da pandemia \u00e9 de 1.625.<\/p>\n\n\n\n<p class=\"wp-block-paragraph\"><strong>Confira o boletim de 1\/6\/2020:<\/strong><\/p>\n\n\n\n<figure class=\"wp-block-image size-large\"><img decoding=\"async\" src=\"https:\/\/aconteceu.info\/boletins\/corona_teo_1junho_1.jpg\" alt=\"\"\/><\/figure>\n\n\n\n<figure class=\"wp-block-image size-large\"><img decoding=\"async\" src=\"https:\/\/aconteceu.info\/boletins\/corona_teo_1junho_2.jpg\" alt=\"\"\/><\/figure>\n\n\n\n<p class=\"has-background has-very-light-gray-background-color wp-block-paragraph\">Quer saber as not\u00edcias do <strong>Aconteceu no Vale<\/strong> em primeira m\u00e3o? Siga-nos no Facebook <a rel=\"noreferrer noopener\" href=\"http:\/\/facebook.com\/aconteceunovale\" target=\"_blank\">@aconteceunovale<\/a>, Twitter <a rel=\"noreferrer noopener\" href=\"https:\/\/twitter.com\/noticiadosvales\" target=\"_blank\">@noticiadosvales<\/a> e Instagram <a rel=\"noreferrer noopener\" href=\"https:\/\/www.instagram.com\/aconteceunovale\" target=\"_blank\">@aconteceunovale<\/a>.<\/p>\n","protected":false},"excerpt":{"rendered":"<p>A Prefeitura de Te\u00f3filo Otoni (MG) confirmou quatorze novos casos de Covid-19 nas \u00faltimas 24 horas. Segundo informa\u00e7\u00f5es do boletim epidemiol\u00f3gico, atualizado na noite desta segunda-feira (1\/6\/2020), o munic\u00edpio soma 269 pessoas infectadas com o v\u00edrus. De acordo com a prefeitura, nove pessoas est\u00e3o internadas (quatro em leitos de UTI) e 174 em isolamento domiciliar. [&hellip;]<\/p>\n","protected":false},"author":1,"featured_media":163444,"comment_status":"open","ping_status":"closed","sticky":false,"template":"","format":"standard","meta":{"amp_status":"","footnotes":""},"categories":[40242,122],"tags":[221838,221839,221837,220816,214884,220365,221558,216498,220363,220815,221486,221485,221783,221483,221484,220817,222824,221836,222853,222679,221646,222462,222101,220818,222365,221096,221917,164,221956,220813,221487,220814,220812,222755,222752],"class_list":["post-163443","post","type-post","status-publish","format-standard","has-post-thumbnail","hentry","category-saude-2","category-mucuri","tag-boletim-coronavirus-teofilo-otoni","tag-boletim-covid-19-teofilo-otoni","tag-boletim-epidemiologico-teofilo-otoni","tag-casos-de-coronavirus-em-teofilo-otoni","tag-coronavirus","tag-coronavirus-em-teofilo-otoni","tag-coronavirus-prefeitura-de-teofilo-otoni-confirma-35-casos-e-dois-obitos","tag-covid-19","tag-covid-19-em-teofilo-otoni","tag-infectados-por-coronavirus-em-teofilo-otoni","tag-morte-por-coronavirus-em-teofilo-otoni","tag-morte-por-covid-19-em-teofilo-otoni","tag-numero-de-infectados-por-covid-19-em-teofilo-otoni-sobe-para-50","tag-obito-por-coronavirus-em-teofilo-otoni","tag-obito-por-covid-19-em-teofilo-otoni","tag-pacientes-de-coronavirus-em-teofilo-otoni","tag-prefeitura-de-teofilo-otoni-confirma-11a-morte-por-covid-19","tag-prefeitura-de-teofilo-otoni-confirma-mais-13-casos-de-covid-19","tag-prefeitura-de-teofilo-otoni-confirma-mais-14-casos-de-covid-19","tag-prefeitura-de-teofilo-otoni-confirma-mais-17-casos-de-covid-19","tag-prefeitura-de-teofilo-otoni-confirma-mais-sete-casos-de-covid-19","tag-prefeitura-de-teofilo-otoni-confirma-oitavo-obito-por-covid-19","tag-prefeitura-de-teofilo-otoni-confirma-quinto-obito-por-covid-19","tag-profissionais-de-saude-infectados-com-coronavirus-em-teofilo-otoni","tag-sobe-para-146-o-numero-de-casos-confirmados-de-covid-19-em-teofilo-otoni","tag-sobe-para-16-o-numero-de-casos-confirmados-de-coronavirus-em-teofilo-otoni","tag-sobe-para-71-o-numero-de-casos-confirmados-de-covid-19-em-teofilo-otoni","tag-teofilo-otoni","tag-teofilo-otoni-confirma-mais-dois-obitos-por-coronavirus","tag-teofilo-otoni-confirma-oito-casos-de-coronavirus","tag-teofilo-otoni-confirma-primeiro-obito-por-coronavirus","tag-teofilo-otoni-coronavirus","tag-teofilo-otoni-covid-19","tag-teofilo-otoni-passa-de-250-casos-de-covid-19","tag-teofilo-otoni-registra-decimo-obito-por-covid-19"],"yoast_head":"<!-- This site is optimized with the Yoast SEO plugin v28.3 - https:\/\/yoast.com\/product\/yoast-seo-wordpress\/ -->\n<title>Prefeitura de Te\u00f3filo Otoni confirma mais 14 casos de Covid-19 - Aconteceu no Vale<\/title>\n<meta name=\"robots\" content=\"index, follow, max-snippet:-1, max-image-preview:large, max-video-preview:-1\" \/>\n<link rel=\"canonical\" href=\"https:\/\/aconteceunovale.com.br\/portal\/?p=163443\" \/>\n<meta property=\"og:locale\" content=\"pt_BR\" \/>\n<meta property=\"og:type\" content=\"article\" \/>\n<meta property=\"og:title\" content=\"Prefeitura de Te\u00f3filo Otoni confirma mais 14 casos de Covid-19 - Aconteceu no Vale\" \/>\n<meta property=\"og:description\" content=\"A Prefeitura de Te\u00f3filo Otoni (MG) confirmou quatorze novos casos de Covid-19 nas \u00faltimas 24 horas. Segundo informa\u00e7\u00f5es do boletim epidemiol\u00f3gico, atualizado na noite desta segunda-feira (1\/6\/2020), o munic\u00edpio soma 269 pessoas infectadas com o v\u00edrus. De acordo com a prefeitura, nove pessoas est\u00e3o internadas (quatro em leitos de UTI) e 174 em isolamento domiciliar. [&hellip;]\" \/>\n<meta property=\"og:url\" content=\"https:\/\/aconteceunovale.com.br\/portal\/?p=163443\" \/>\n<meta property=\"og:site_name\" content=\"Aconteceu no Vale\" \/>\n<meta property=\"article:publisher\" content=\"https:\/\/www.facebook.com\/aconteceunovale\/\" \/>\n<meta property=\"article:published_time\" content=\"2020-06-01T22:23:50+00:00\" \/>\n<meta property=\"article:modified_time\" content=\"2020-06-01T22:24:46+00:00\" \/>\n<meta property=\"og:image\" content=\"https:\/\/aconteceunovale.com.br\/portal\/wp-content\/uploads\/2020\/06\/corona_teo_1junho_3.jpg\" \/>\n\t<meta property=\"og:image:width\" content=\"642\" \/>\n\t<meta property=\"og:image:height\" content=\"314\" \/>\n\t<meta property=\"og:image:type\" content=\"image\/jpeg\" \/>\n<meta name=\"author\" content=\"Aconteceu no Vale\" \/>\n<meta name=\"twitter:card\" content=\"summary_large_image\" \/>\n<meta name=\"twitter:creator\" content=\"@noticiadosvales\" \/>\n<meta name=\"twitter:site\" content=\"@noticiadosvales\" \/>\n<meta name=\"twitter:label1\" content=\"Escrito por\" \/>\n\t<meta name=\"twitter:data1\" content=\"Aconteceu no Vale\" \/>\n\t<meta name=\"twitter:label2\" content=\"Est. tempo de leitura\" \/>\n\t<meta name=\"twitter:data2\" content=\"1 minuto\" \/>\n<script type=\"application\/ld+json\" class=\"yoast-schema-graph\">{\"@context\":\"https:\\\/\\\/schema.org\",\"@graph\":[{\"@type\":\"Article\",\"@id\":\"https:\\\/\\\/aconteceunovale.com.br\\\/portal\\\/?p=163443#article\",\"isPartOf\":{\"@id\":\"https:\\\/\\\/aconteceunovale.com.br\\\/portal\\\/?p=163443\"},\"author\":{\"name\":\"Aconteceu no Vale\",\"@id\":\"https:\\\/\\\/aconteceunovale.com.br\\\/portal\\\/#\\\/schema\\\/person\\\/633529146f2c94272bef50ac2953d589\"},\"headline\":\"Prefeitura de Te\u00f3filo Otoni confirma mais 14 casos de Covid-19\",\"datePublished\":\"2020-06-01T22:23:50+00:00\",\"dateModified\":\"2020-06-01T22:24:46+00:00\",\"mainEntityOfPage\":{\"@id\":\"https:\\\/\\\/aconteceunovale.com.br\\\/portal\\\/?p=163443\"},\"wordCount\":179,\"commentCount\":0,\"image\":{\"@id\":\"https:\\\/\\\/aconteceunovale.com.br\\\/portal\\\/?p=163443#primaryimage\"},\"thumbnailUrl\":\"https:\\\/\\\/aconteceunovale.com.br\\\/portal\\\/wp-content\\\/uploads\\\/2020\\\/06\\\/corona_teo_1junho_3.jpg\",\"keywords\":[\"Boletim Coronav\u00edrus Te\u00f3filo Otoni\",\"Boletim Covid-19 Te\u00f3filo Otoni\",\"Boletim epidemiol\u00f3gico Te\u00f3filo Otoni\",\"Casos de coronav\u00edrus em Te\u00f3filo Otoni\",\"Coronav\u00edrus\",\"Coronav\u00edrus em Te\u00f3filo Otoni\",\"Coronav\u00edrus: Prefeitura de Te\u00f3filo Otoni confirma 35 casos e dois \u00f3bitos\",\"COVID-19\",\"Covid-19 em Te\u00f3filo Otoni\",\"Infectados por coronav\u00edrus em Te\u00f3filo Otoni\",\"Morte por coronav\u00edrus em Te\u00f3filo Otoni\",\"Morte por covid-19 em Te\u00f3filo Otoni\",\"N\u00famero de infectados por Covid-19 em Te\u00f3filo Otoni sobe para 50\",\"\u00d3bito por coronav\u00edrus em Te\u00f3filo Otoni\",\"\u00d3bito por covid-19 em Te\u00f3filo Otoni\",\"Pacientes de coronav\u00edrus em Te\u00f3filo Otoni\",\"Prefeitura de Te\u00f3filo Otoni confirma 11\u00aa morte por Covid-19\",\"Prefeitura de Te\u00f3filo Otoni confirma mais 13 casos de Covid-19\",\"Prefeitura de Te\u00f3filo Otoni confirma mais 14 casos de Covid-19\",\"Prefeitura de Te\u00f3filo Otoni confirma mais 17 casos de Covid-19\",\"Prefeitura de Te\u00f3filo Otoni confirma mais sete casos de Covid-19\",\"Prefeitura de Te\u00f3filo Otoni confirma oitavo \u00f3bito por Covid-19\",\"Prefeitura de Te\u00f3filo Otoni confirma quinto \u00f3bito por Covid-19\",\"Profissionais de sa\u00fade infectados com coronav\u00edrus em Te\u00f3filo Otoni\",\"Sobe para 146 o n\u00famero de casos confirmados de Covid-19 em Te\u00f3filo Otoni\",\"Sobe para 16 o n\u00famero de casos confirmados de coronav\u00edrus em Te\u00f3filo Otoni\",\"Sobe para 71 o n\u00famero de casos confirmados de Covid-19 em Te\u00f3filo Otoni\",\"Te\u00f3filo Otoni\",\"Te\u00f3filo Otoni confirma mais dois \u00f3bitos por coronav\u00edrus\",\"Te\u00f3filo Otoni confirma oito casos de coronav\u00edrus\",\"Te\u00f3filo Otoni confirma primeiro \u00f3bito por coronav\u00edrus\",\"Te\u00f3filo Otoni coronav\u00edrus\",\"Te\u00f3filo Otoni Covid-19\",\"Te\u00f3filo Otoni passa de 250 casos de Covid-19\",\"Te\u00f3filo Otoni registra d\u00e9cimo \u00f3bito por Covid-19\"],\"articleSection\":[\"Sa\u00fade\",\"Vale do Mucuri\"],\"inLanguage\":\"pt-BR\",\"potentialAction\":[{\"@type\":\"CommentAction\",\"name\":\"Comment\",\"target\":[\"https:\\\/\\\/aconteceunovale.com.br\\\/portal\\\/?p=163443#respond\"]}]},{\"@type\":\"WebPage\",\"@id\":\"https:\\\/\\\/aconteceunovale.com.br\\\/portal\\\/?p=163443\",\"url\":\"https:\\\/\\\/aconteceunovale.com.br\\\/portal\\\/?p=163443\",\"name\":\"Prefeitura de Te\u00f3filo Otoni confirma mais 14 casos de Covid-19 - Aconteceu no Vale\",\"isPartOf\":{\"@id\":\"https:\\\/\\\/aconteceunovale.com.br\\\/portal\\\/#website\"},\"primaryImageOfPage\":{\"@id\":\"https:\\\/\\\/aconteceunovale.com.br\\\/portal\\\/?p=163443#primaryimage\"},\"image\":{\"@id\":\"https:\\\/\\\/aconteceunovale.com.br\\\/portal\\\/?p=163443#primaryimage\"},\"thumbnailUrl\":\"https:\\\/\\\/aconteceunovale.com.br\\\/portal\\\/wp-content\\\/uploads\\\/2020\\\/06\\\/corona_teo_1junho_3.jpg\",\"datePublished\":\"2020-06-01T22:23:50+00:00\",\"dateModified\":\"2020-06-01T22:24:46+00:00\",\"author\":{\"@id\":\"https:\\\/\\\/aconteceunovale.com.br\\\/portal\\\/#\\\/schema\\\/person\\\/633529146f2c94272bef50ac2953d589\"},\"breadcrumb\":{\"@id\":\"https:\\\/\\\/aconteceunovale.com.br\\\/portal\\\/?p=163443#breadcrumb\"},\"inLanguage\":\"pt-BR\",\"potentialAction\":[{\"@type\":\"ReadAction\",\"target\":[\"https:\\\/\\\/aconteceunovale.com.br\\\/portal\\\/?p=163443\"]}]},{\"@type\":\"ImageObject\",\"inLanguage\":\"pt-BR\",\"@id\":\"https:\\\/\\\/aconteceunovale.com.br\\\/portal\\\/?p=163443#primaryimage\",\"url\":\"https:\\\/\\\/aconteceunovale.com.br\\\/portal\\\/wp-content\\\/uploads\\\/2020\\\/06\\\/corona_teo_1junho_3.jpg\",\"contentUrl\":\"https:\\\/\\\/aconteceunovale.com.br\\\/portal\\\/wp-content\\\/uploads\\\/2020\\\/06\\\/corona_teo_1junho_3.jpg\",\"width\":642,\"height\":314},{\"@type\":\"BreadcrumbList\",\"@id\":\"https:\\\/\\\/aconteceunovale.com.br\\\/portal\\\/?p=163443#breadcrumb\",\"itemListElement\":[{\"@type\":\"ListItem\",\"position\":1,\"name\":\"In\u00edcio\",\"item\":\"https:\\\/\\\/aconteceunovale.com.br\\\/portal\\\/\"},{\"@type\":\"ListItem\",\"position\":2,\"name\":\"Prefeitura de Te\u00f3filo Otoni confirma mais 14 casos de Covid-19\"}]},{\"@type\":\"WebSite\",\"@id\":\"https:\\\/\\\/aconteceunovale.com.br\\\/portal\\\/#website\",\"url\":\"https:\\\/\\\/aconteceunovale.com.br\\\/portal\\\/\",\"name\":\"Aconteceu no Vale\",\"description\":\"Portal de Not\u00edcias\",\"potentialAction\":[{\"@type\":\"SearchAction\",\"target\":{\"@type\":\"EntryPoint\",\"urlTemplate\":\"https:\\\/\\\/aconteceunovale.com.br\\\/portal\\\/?s={search_term_string}\"},\"query-input\":{\"@type\":\"PropertyValueSpecification\",\"valueRequired\":true,\"valueName\":\"search_term_string\"}}],\"inLanguage\":\"pt-BR\"},{\"@type\":\"Person\",\"@id\":\"https:\\\/\\\/aconteceunovale.com.br\\\/portal\\\/#\\\/schema\\\/person\\\/633529146f2c94272bef50ac2953d589\",\"name\":\"Aconteceu no Vale\",\"description\":\"Equipe de reportagem do Aconteceu no Vale, portal de not\u00edcias do Vale do Jequitinhonha, em Minas Gerais. Cobrimos as 51 cidades do Vale desde 2013. Sugest\u00f5es de pauta e pedidos de corre\u00e7\u00e3o: contato@aconteceunovale.com.br\",\"sameAs\":[\"http:\\\/\\\/www.aconteceunovale.com.br\"],\"url\":\"https:\\\/\\\/aconteceunovale.com.br\\\/portal\\\/?author=1\"}]}<\/script>\n<!-- \/ Yoast SEO plugin. -->","yoast_head_json":{"title":"Prefeitura de Te\u00f3filo Otoni confirma mais 14 casos de Covid-19 - Aconteceu no Vale","robots":{"index":"index","follow":"follow","max-snippet":"max-snippet:-1","max-image-preview":"max-image-preview:large","max-video-preview":"max-video-preview:-1"},"canonical":"https:\/\/aconteceunovale.com.br\/portal\/?p=163443","og_locale":"pt_BR","og_type":"article","og_title":"Prefeitura de Te\u00f3filo Otoni confirma mais 14 casos de Covid-19 - Aconteceu no Vale","og_description":"A Prefeitura de Te\u00f3filo Otoni (MG) confirmou quatorze novos casos de Covid-19 nas \u00faltimas 24 horas. Segundo informa\u00e7\u00f5es do boletim epidemiol\u00f3gico, atualizado na noite desta segunda-feira (1\/6\/2020), o munic\u00edpio soma 269 pessoas infectadas com o v\u00edrus. De acordo com a prefeitura, nove pessoas est\u00e3o internadas (quatro em leitos de UTI) e 174 em isolamento domiciliar. [&hellip;]","og_url":"https:\/\/aconteceunovale.com.br\/portal\/?p=163443","og_site_name":"Aconteceu no Vale","article_publisher":"https:\/\/www.facebook.com\/aconteceunovale\/","article_published_time":"2020-06-01T22:23:50+00:00","article_modified_time":"2020-06-01T22:24:46+00:00","og_image":[{"width":642,"height":314,"url":"https:\/\/aconteceunovale.com.br\/portal\/wp-content\/uploads\/2020\/06\/corona_teo_1junho_3.jpg","type":"image\/jpeg"}],"author":"Aconteceu no Vale","twitter_card":"summary_large_image","twitter_creator":"@noticiadosvales","twitter_site":"@noticiadosvales","twitter_misc":{"Escrito por":"Aconteceu no Vale","Est. tempo de leitura":"1 minuto"},"schema":{"@context":"https:\/\/schema.org","@graph":[{"@type":"Article","@id":"https:\/\/aconteceunovale.com.br\/portal\/?p=163443#article","isPartOf":{"@id":"https:\/\/aconteceunovale.com.br\/portal\/?p=163443"},"author":{"name":"Aconteceu no Vale","@id":"https:\/\/aconteceunovale.com.br\/portal\/#\/schema\/person\/633529146f2c94272bef50ac2953d589"},"headline":"Prefeitura de Te\u00f3filo Otoni confirma mais 14 casos de Covid-19","datePublished":"2020-06-01T22:23:50+00:00","dateModified":"2020-06-01T22:24:46+00:00","mainEntityOfPage":{"@id":"https:\/\/aconteceunovale.com.br\/portal\/?p=163443"},"wordCount":179,"commentCount":0,"image":{"@id":"https:\/\/aconteceunovale.com.br\/portal\/?p=163443#primaryimage"},"thumbnailUrl":"https:\/\/aconteceunovale.com.br\/portal\/wp-content\/uploads\/2020\/06\/corona_teo_1junho_3.jpg","keywords":["Boletim Coronav\u00edrus Te\u00f3filo Otoni","Boletim Covid-19 Te\u00f3filo Otoni","Boletim epidemiol\u00f3gico Te\u00f3filo Otoni","Casos de coronav\u00edrus em Te\u00f3filo Otoni","Coronav\u00edrus","Coronav\u00edrus em Te\u00f3filo Otoni","Coronav\u00edrus: Prefeitura de Te\u00f3filo Otoni confirma 35 casos e dois \u00f3bitos","COVID-19","Covid-19 em Te\u00f3filo Otoni","Infectados por coronav\u00edrus em Te\u00f3filo Otoni","Morte por coronav\u00edrus em Te\u00f3filo Otoni","Morte por covid-19 em Te\u00f3filo Otoni","N\u00famero de infectados por Covid-19 em Te\u00f3filo Otoni sobe para 50","\u00d3bito por coronav\u00edrus em Te\u00f3filo Otoni","\u00d3bito por covid-19 em Te\u00f3filo Otoni","Pacientes de coronav\u00edrus em Te\u00f3filo Otoni","Prefeitura de Te\u00f3filo Otoni confirma 11\u00aa morte por Covid-19","Prefeitura de Te\u00f3filo Otoni confirma mais 13 casos de Covid-19","Prefeitura de Te\u00f3filo Otoni confirma mais 14 casos de Covid-19","Prefeitura de Te\u00f3filo Otoni confirma mais 17 casos de Covid-19","Prefeitura de Te\u00f3filo Otoni confirma mais sete casos de Covid-19","Prefeitura de Te\u00f3filo Otoni confirma oitavo \u00f3bito por Covid-19","Prefeitura de Te\u00f3filo Otoni confirma quinto \u00f3bito por Covid-19","Profissionais de sa\u00fade infectados com coronav\u00edrus em Te\u00f3filo Otoni","Sobe para 146 o n\u00famero de casos confirmados de Covid-19 em Te\u00f3filo Otoni","Sobe para 16 o n\u00famero de casos confirmados de coronav\u00edrus em Te\u00f3filo Otoni","Sobe para 71 o n\u00famero de casos confirmados de Covid-19 em Te\u00f3filo Otoni","Te\u00f3filo Otoni","Te\u00f3filo Otoni confirma mais dois \u00f3bitos por coronav\u00edrus","Te\u00f3filo Otoni confirma oito casos de coronav\u00edrus","Te\u00f3filo Otoni confirma primeiro \u00f3bito por coronav\u00edrus","Te\u00f3filo Otoni coronav\u00edrus","Te\u00f3filo Otoni Covid-19","Te\u00f3filo Otoni passa de 250 casos de Covid-19","Te\u00f3filo Otoni registra d\u00e9cimo \u00f3bito por Covid-19"],"articleSection":["Sa\u00fade","Vale do Mucuri"],"inLanguage":"pt-BR","potentialAction":[{"@type":"CommentAction","name":"Comment","target":["https:\/\/aconteceunovale.com.br\/portal\/?p=163443#respond"]}]},{"@type":"WebPage","@id":"https:\/\/aconteceunovale.com.br\/portal\/?p=163443","url":"https:\/\/aconteceunovale.com.br\/portal\/?p=163443","name":"Prefeitura de Te\u00f3filo Otoni confirma mais 14 casos de Covid-19 - Aconteceu no Vale","isPartOf":{"@id":"https:\/\/aconteceunovale.com.br\/portal\/#website"},"primaryImageOfPage":{"@id":"https:\/\/aconteceunovale.com.br\/portal\/?p=163443#primaryimage"},"image":{"@id":"https:\/\/aconteceunovale.com.br\/portal\/?p=163443#primaryimage"},"thumbnailUrl":"https:\/\/aconteceunovale.com.br\/portal\/wp-content\/uploads\/2020\/06\/corona_teo_1junho_3.jpg","datePublished":"2020-06-01T22:23:50+00:00","dateModified":"2020-06-01T22:24:46+00:00","author":{"@id":"https:\/\/aconteceunovale.com.br\/portal\/#\/schema\/person\/633529146f2c94272bef50ac2953d589"},"breadcrumb":{"@id":"https:\/\/aconteceunovale.com.br\/portal\/?p=163443#breadcrumb"},"inLanguage":"pt-BR","potentialAction":[{"@type":"ReadAction","target":["https:\/\/aconteceunovale.com.br\/portal\/?p=163443"]}]},{"@type":"ImageObject","inLanguage":"pt-BR","@id":"https:\/\/aconteceunovale.com.br\/portal\/?p=163443#primaryimage","url":"https:\/\/aconteceunovale.com.br\/portal\/wp-content\/uploads\/2020\/06\/corona_teo_1junho_3.jpg","contentUrl":"https:\/\/aconteceunovale.com.br\/portal\/wp-content\/uploads\/2020\/06\/corona_teo_1junho_3.jpg","width":642,"height":314},{"@type":"BreadcrumbList","@id":"https:\/\/aconteceunovale.com.br\/portal\/?p=163443#breadcrumb","itemListElement":[{"@type":"ListItem","position":1,"name":"In\u00edcio","item":"https:\/\/aconteceunovale.com.br\/portal\/"},{"@type":"ListItem","position":2,"name":"Prefeitura de Te\u00f3filo Otoni confirma mais 14 casos de Covid-19"}]},{"@type":"WebSite","@id":"https:\/\/aconteceunovale.com.br\/portal\/#website","url":"https:\/\/aconteceunovale.com.br\/portal\/","name":"Aconteceu no Vale","description":"Portal de Not\u00edcias","potentialAction":[{"@type":"SearchAction","target":{"@type":"EntryPoint","urlTemplate":"https:\/\/aconteceunovale.com.br\/portal\/?s={search_term_string}"},"query-input":{"@type":"PropertyValueSpecification","valueRequired":true,"valueName":"search_term_string"}}],"inLanguage":"pt-BR"},{"@type":"Person","@id":"https:\/\/aconteceunovale.com.br\/portal\/#\/schema\/person\/633529146f2c94272bef50ac2953d589","name":"Aconteceu no Vale","description":"Equipe de reportagem do Aconteceu no Vale, portal de not\u00edcias do Vale do Jequitinhonha, em Minas Gerais. Cobrimos as 51 cidades do Vale desde 2013. Sugest\u00f5es de pauta e pedidos de corre\u00e7\u00e3o: contato@aconteceunovale.com.br","sameAs":["http:\/\/www.aconteceunovale.com.br"],"url":"https:\/\/aconteceunovale.com.br\/portal\/?author=1"}]}},"_links":{"self":[{"href":"https:\/\/aconteceunovale.com.br\/portal\/index.php?rest_route=\/wp\/v2\/posts\/163443","targetHints":{"allow":["GET"]}}],"collection":[{"href":"https:\/\/aconteceunovale.com.br\/portal\/index.php?rest_route=\/wp\/v2\/posts"}],"about":[{"href":"https:\/\/aconteceunovale.com.br\/portal\/index.php?rest_route=\/wp\/v2\/types\/post"}],"author":[{"embeddable":true,"href":"https:\/\/aconteceunovale.com.br\/portal\/index.php?rest_route=\/wp\/v2\/users\/1"}],"replies":[{"embeddable":true,"href":"https:\/\/aconteceunovale.com.br\/portal\/index.php?rest_route=%2Fwp%2Fv2%2Fcomments&post=163443"}],"version-history":[{"count":1,"href":"https:\/\/aconteceunovale.com.br\/portal\/index.php?rest_route=\/wp\/v2\/posts\/163443\/revisions"}],"predecessor-version":[{"id":163445,"href":"https:\/\/aconteceunovale.com.br\/portal\/index.php?rest_route=\/wp\/v2\/posts\/163443\/revisions\/163445"}],"wp:featuredmedia":[{"embeddable":true,"href":"https:\/\/aconteceunovale.com.br\/portal\/index.php?rest_route=\/wp\/v2\/media\/163444"}],"wp:attachment":[{"href":"https:\/\/aconteceunovale.com.br\/portal\/index.php?rest_route=%2Fwp%2Fv2%2Fmedia&parent=163443"}],"wp:term":[{"taxonomy":"category","embeddable":true,"href":"https:\/\/aconteceunovale.com.br\/portal\/index.php?rest_route=%2Fwp%2Fv2%2Fcategories&post=163443"},{"taxonomy":"post_tag","embeddable":true,"href":"https:\/\/aconteceunovale.com.br\/portal\/index.php?rest_route=%2Fwp%2Fv2%2Ftags&post=163443"}],"curies":[{"name":"wp","href":"https:\/\/api.w.org\/{rel}","templated":true}]}}