{"id":163319,"date":"2020-05-31T11:22:27","date_gmt":"2020-05-31T14:22:27","guid":{"rendered":"https:\/\/aconteceunovale.com.br\/portal\/?p=163319"},"modified":"2020-05-31T11:25:25","modified_gmt":"2020-05-31T14:25:25","slug":"prefeitura-de-diamantina-prorroga-proibicao-de-desembarque-de-passageiros-no-municipio","status":"publish","type":"post","link":"https:\/\/aconteceunovale.com.br\/portal\/?p=163319","title":{"rendered":"Prefeitura de Diamantina prorroga proibi\u00e7\u00e3o de desembarque de passageiros no munic\u00edpio"},"content":{"rendered":"\n<p>A Prefeitura de Diamantina, no Vale do Jequitinhonha, informou na tarde de s\u00e1bado (30\/5\/2020) que est\u00e1 prorrogada por 30 dias a proibi\u00e7\u00e3o de desembarque de passageiros no munic\u00edpio. O Decreto n\u00ba 236, assinado pelo prefeito Juscelino Roque em 29 de maio, tem como objetivo conter o avan\u00e7o do novo coronav\u00edrus (Covid-19).<\/p>\n\n\n\n<p><em>&#8220;Fica prorrogada, por mais 30 (trinta) dias, a medida de que trata o artigo 2\u00b0 do Decreto Municipal n\u00b0 201, de 30 de abril de 2020, qual seja, a suspens\u00e3o do desembarque de passageiros no territ\u00f3rio do Munic\u00edpio de Diamantina que cheguem por meio de transporte coletivo interestadual e\/ou intermunicipal de passageiros, nas modalidades regular, fretamento ou complementar, salvo os transportes coletivos de passageiros provenientes dos servi\u00e7os de sa\u00fade&#8221;<\/em>, diz nota da Prefeitura.<\/p>\n\n\n\n<p>Segundo o \u00faltimo boletim epidemiol\u00f3gico da Secretaria Municipal de Sa\u00fade de Diamantina, divulgado no in\u00edcio da noite de ontem (30), o munic\u00edpio tem nove casos confirmados de Covid-19. Desses, quatro pacientes est\u00e3o em isolamento domiciliar e cinco se recuperaram da doen\u00e7a. Outros tr\u00eas moradores aguardam resultado de exame laboratorial.<\/p>\n\n\n\n<p class=\"has-background has-very-light-gray-background-color\">Quer saber as not\u00edcias do <strong>Aconteceu no Vale<\/strong> em primeira m\u00e3o? Siga-nos no Facebook <a rel=\"noreferrer noopener\" href=\"http:\/\/facebook.com\/aconteceunovale\" target=\"_blank\">@aconteceunovale<\/a>, Twitter <a rel=\"noreferrer noopener\" href=\"https:\/\/twitter.com\/noticiadosvales\" target=\"_blank\">@noticiadosvales<\/a> e Instagram <a rel=\"noreferrer noopener\" href=\"https:\/\/www.instagram.com\/aconteceunovale\" target=\"_blank\">@aconteceunovale<\/a>.<\/p>\n","protected":false},"excerpt":{"rendered":"<p>A Prefeitura de Diamantina, no Vale do Jequitinhonha, informou na tarde de s\u00e1bado (30\/5\/2020) que est\u00e1 prorrogada por 30 dias a proibi\u00e7\u00e3o de desembarque de passageiros no munic\u00edpio. O Decreto n\u00ba 236, assinado pelo prefeito Juscelino Roque em 29 de maio, tem como objetivo conter o avan\u00e7o do novo coronav\u00edrus (Covid-19). &#8220;Fica prorrogada, por mais [&hellip;]<\/p>\n","protected":false},"author":1,"featured_media":163320,"comment_status":"open","ping_status":"closed","sticky":false,"template":"","format":"standard","meta":{"amp_status":"","footnotes":""},"categories":[120],"tags":[221709,221708,221707,221710,221711,198,221784,221712,221713,222693,221716,221919,221714,222429,221715,222735,221920,222599],"class_list":["post-163319","post","type-post","status-publish","format-standard","has-post-thumbnail","hentry","category-jequi","tag-caso-confirmado-de-coronavirus-em-diamantina","tag-caso-de-coronavirus-em-diamantina","tag-caso-de-covid-19-em-diamantina","tag-confirmado-o-primeiro-caso-de-coronavirus-em-diamantina","tag-coronavirus-em-diamantina","tag-diamantina","tag-diamantina-confirma-mais-quatro-casos-de-covid-19","tag-diamantina-coronavirus","tag-diamantina-covid-19","tag-diamantina-tem-cinco-pacientes-recuperados-da-covid-19","tag-diamantina-tem-primeiro-caso-confirmado-de-coronavirus","tag-novas-medidas-obrigatorias-para-os-supermercados-de-diamantina","tag-paciente-com-coronavirus-em-diamantina","tag-prefeitura-de-diamantina-confirma-mais-um-caso-de-coronavirus","tag-prefeitura-de-diamantina-confirma-primeiro-caso-de-coronavirus","tag-prefeitura-de-diamantina-prorroga-proibicao-de-desembarque-de-passageiros-no-municipio","tag-sobe-para-7-o-numero-de-casos-confirmados-de-covid-19-em-diamantina","tag-sobe-para-9-o-numero-de-casos-confirmados-de-covid-19-em-diamantina"],"_links":{"self":[{"href":"https:\/\/aconteceunovale.com.br\/portal\/index.php?rest_route=\/wp\/v2\/posts\/163319","targetHints":{"allow":["GET"]}}],"collection":[{"href":"https:\/\/aconteceunovale.com.br\/portal\/index.php?rest_route=\/wp\/v2\/posts"}],"about":[{"href":"https:\/\/aconteceunovale.com.br\/portal\/index.php?rest_route=\/wp\/v2\/types\/post"}],"author":[{"embeddable":true,"href":"https:\/\/aconteceunovale.com.br\/portal\/index.php?rest_route=\/wp\/v2\/users\/1"}],"replies":[{"embeddable":true,"href":"https:\/\/aconteceunovale.com.br\/portal\/index.php?rest_route=%2Fwp%2Fv2%2Fcomments&post=163319"}],"version-history":[{"count":2,"href":"https:\/\/aconteceunovale.com.br\/portal\/index.php?rest_route=\/wp\/v2\/posts\/163319\/revisions"}],"predecessor-version":[{"id":163322,"href":"https:\/\/aconteceunovale.com.br\/portal\/index.php?rest_route=\/wp\/v2\/posts\/163319\/revisions\/163322"}],"wp:featuredmedia":[{"embeddable":true,"href":"https:\/\/aconteceunovale.com.br\/portal\/index.php?rest_route=\/wp\/v2\/media\/163320"}],"wp:attachment":[{"href":"https:\/\/aconteceunovale.com.br\/portal\/index.php?rest_route=%2Fwp%2Fv2%2Fmedia&parent=163319"}],"wp:term":[{"taxonomy":"category","embeddable":true,"href":"https:\/\/aconteceunovale.com.br\/portal\/index.php?rest_route=%2Fwp%2Fv2%2Fcategories&post=163319"},{"taxonomy":"post_tag","embeddable":true,"href":"https:\/\/aconteceunovale.com.br\/portal\/index.php?rest_route=%2Fwp%2Fv2%2Ftags&post=163319"}],"curies":[{"name":"wp","href":"https:\/\/api.w.org\/{rel}","templated":true}]}}