{"id":163316,"date":"2020-05-31T11:09:58","date_gmt":"2020-05-31T14:09:58","guid":{"rendered":"https:\/\/aconteceunovale.com.br\/portal\/?p=163316"},"modified":"2020-05-31T11:10:25","modified_gmt":"2020-05-31T14:10:25","slug":"der-publica-edital-para-obras-no-aeroporto-regional-do-vale-do-aco","status":"publish","type":"post","link":"https:\/\/aconteceunovale.com.br\/portal\/?p=163316","title":{"rendered":"DER publica edital para obras no Aeroporto Regional do Vale do A\u00e7o"},"content":{"rendered":"\n<p>O Departamento de Edifica\u00e7\u00f5es e Estradas de Rodagem de Minas Gerais (DER-MG) publicou chamada para empresas interessadas na realiza\u00e7\u00e3o de obras no Aeroporto Regional do Vale do A\u00e7o, localizado no munic\u00edpio de Santana do Para\u00edso, pr\u00f3ximo a Ipatinga. O edital de n\u00famero 01-2020 est\u00e1 dispon\u00edvel para consultas presenciais na Sede do Departamento, na Avenida dos Andradas, 1120, sala 1009, Centro, Belo Horizonte (MG).<\/p>\n\n\n\n<p>Os servi\u00e7os est\u00e3o or\u00e7ados em R$ 12.347.964,20 e prev\u00ea-se a restaura\u00e7\u00e3o do pavimento da pista de pouso e decolagem, da \u00e1rea de taxiamento, do p\u00e1tio de aeronaves, al\u00e9m da execu\u00e7\u00e3o de uma nova sinaliza\u00e7\u00e3o horizontal das \u00e1reas mencionadas.<\/p>\n\n\n\n<p>As empresas interessadas devem oficializar as propostas para realiza\u00e7\u00e3o dos trabalhos at\u00e9 o dia 18 de junho. A abertura dos envelopes est\u00e1 prevista para o dia seguinte. O certame ser\u00e1 na modalidade concorr\u00eancia e a publica\u00e7\u00e3o pode ser conferida no site da institui\u00e7\u00e3o por meio do seguinte endere\u00e7o:\u00a0<a href=\"http:\/\/www.deer.mg.gov.br\/transparencia\/licitacoes\/concorrencias-tomada-de-precos-2020\" target=\"_blank\" rel=\"noreferrer noopener\">www.deer.mg.gov.br<\/a>.<\/p>\n\n\n\n<p>A interven\u00e7\u00e3o ser\u00e1 realizada com recursos da Uni\u00e3o, por meio de Termo de Compromisso n\u00ba 06\/2019, celebrado em dezembro de 2019 com a Secretaria Nacional de Avia\u00e7\u00e3o Civil (SAC\/MInfra), com investimento de mais de R$ 12 milh\u00f5es. A expectativa \u00e9 que as obras sejam entregues at\u00e9 dezembro de 2020.<\/p>\n\n\n\n<p class=\"has-background has-very-light-gray-background-color\">Quer saber as not\u00edcias do <strong>Aconteceu no Vale<\/strong> em primeira m\u00e3o? Siga-nos no Facebook <a rel=\"noreferrer noopener\" href=\"http:\/\/facebook.com\/aconteceunovale\" target=\"_blank\">@aconteceunovale<\/a>, Twitter <a rel=\"noreferrer noopener\" href=\"https:\/\/twitter.com\/noticiadosvales\" target=\"_blank\">@noticiadosvales<\/a> e Instagram <a rel=\"noreferrer noopener\" href=\"https:\/\/www.instagram.com\/aconteceunovale\" target=\"_blank\">@aconteceunovale<\/a>.<\/p>\n","protected":false},"excerpt":{"rendered":"<p>O Departamento de Edifica\u00e7\u00f5es e Estradas de Rodagem de Minas Gerais (DER-MG) publicou chamada para empresas interessadas na realiza\u00e7\u00e3o de obras no Aeroporto Regional do Vale do A\u00e7o, localizado no munic\u00edpio de Santana do Para\u00edso, pr\u00f3ximo a Ipatinga. O edital de n\u00famero 01-2020 est\u00e1 dispon\u00edvel para consultas presenciais na Sede do Departamento, na Avenida dos [&hellip;]<\/p>\n","protected":false},"author":1,"featured_media":163317,"comment_status":"open","ping_status":"closed","sticky":false,"template":"","format":"standard","meta":{"amp_status":"","footnotes":""},"categories":[155260,121],"tags":[99335,222729,215389,222733,222734,201,222732,222730,222731,2101],"class_list":["post-163316","post","type-post","status-publish","format-standard","has-post-thumbnail","hentry","category-editais","category-leste","tag-aeroporto-regional-do-vale-do-aco","tag-der-publica-edital-para-obras-no-aeroporto-regional-do-vale-do-aco","tag-der-mg-2","tag-edital-aeroporto-regional-do-vale-do-aco","tag-edital-obras-aeroporto-regional-do-vale-do-aco","tag-ipatinga","tag-manutencao-no-aeroporto-regional-do-vale-do-aco","tag-obras-no-aeroporto-regional-do-vale-do-aco","tag-reforma-do-aeroporto-regional-do-vale-do-aco","tag-santana-do-paraiso"],"_links":{"self":[{"href":"https:\/\/aconteceunovale.com.br\/portal\/index.php?rest_route=\/wp\/v2\/posts\/163316","targetHints":{"allow":["GET"]}}],"collection":[{"href":"https:\/\/aconteceunovale.com.br\/portal\/index.php?rest_route=\/wp\/v2\/posts"}],"about":[{"href":"https:\/\/aconteceunovale.com.br\/portal\/index.php?rest_route=\/wp\/v2\/types\/post"}],"author":[{"embeddable":true,"href":"https:\/\/aconteceunovale.com.br\/portal\/index.php?rest_route=\/wp\/v2\/users\/1"}],"replies":[{"embeddable":true,"href":"https:\/\/aconteceunovale.com.br\/portal\/index.php?rest_route=%2Fwp%2Fv2%2Fcomments&post=163316"}],"version-history":[{"count":1,"href":"https:\/\/aconteceunovale.com.br\/portal\/index.php?rest_route=\/wp\/v2\/posts\/163316\/revisions"}],"predecessor-version":[{"id":163318,"href":"https:\/\/aconteceunovale.com.br\/portal\/index.php?rest_route=\/wp\/v2\/posts\/163316\/revisions\/163318"}],"wp:featuredmedia":[{"embeddable":true,"href":"https:\/\/aconteceunovale.com.br\/portal\/index.php?rest_route=\/wp\/v2\/media\/163317"}],"wp:attachment":[{"href":"https:\/\/aconteceunovale.com.br\/portal\/index.php?rest_route=%2Fwp%2Fv2%2Fmedia&parent=163316"}],"wp:term":[{"taxonomy":"category","embeddable":true,"href":"https:\/\/aconteceunovale.com.br\/portal\/index.php?rest_route=%2Fwp%2Fv2%2Fcategories&post=163316"},{"taxonomy":"post_tag","embeddable":true,"href":"https:\/\/aconteceunovale.com.br\/portal\/index.php?rest_route=%2Fwp%2Fv2%2Ftags&post=163316"}],"curies":[{"name":"wp","href":"https:\/\/api.w.org\/{rel}","templated":true}]}}