{"id":163303,"date":"2020-05-30T22:56:56","date_gmt":"2020-05-31T01:56:56","guid":{"rendered":"https:\/\/aconteceunovale.com.br\/portal\/?p=163303"},"modified":"2020-05-30T22:59:23","modified_gmt":"2020-05-31T01:59:23","slug":"menor-sera-indenizada-por-choque-em-supermercado-em-januaria","status":"publish","type":"post","link":"https:\/\/aconteceunovale.com.br\/portal\/?p=163303","title":{"rendered":"Menor ser\u00e1 indenizada por choque em supermercado em Janu\u00e1ria"},"content":{"rendered":"\n<p>A m\u00e3e de uma menor que recebeu uma&nbsp;forte descarga el\u00e9trica, ap\u00f3s ficar presa num freezer, deve ser indenizada em R$ 15 mil pelo Supermercado Bom Pre\u00e7o, em Janu\u00e1ria (Norte de Minas).<\/p>\n\n\n\n<p>A menor, que havia tocado a m\u00e3o no freezer, teve s\u00e9rias les\u00f5es nos bra\u00e7os e pernas ap\u00f3s o choque el\u00e9trico. Tanto que foi atendida em um hospital de Janu\u00e1ria e depois encaminhada para outro de Montes Claros.<\/p>\n\n\n\n<p>A m\u00e3e relatou no processo que os representantes do supermercado n\u00e3o prestaram socorro e debocharam da situa\u00e7\u00e3o.<\/p>\n\n\n\n<p>Contudo, na defesa apresentada ao juiz Juliano Carneiro Veiga, a defesa sustentou culpa exclusiva dos pais da menor e aus\u00eancia de danos.<\/p>\n\n\n\n<p>O magistrado entendeu que os danos foram comprovados atrav\u00e9s de consultas e exames realizados para diagnosticar a les\u00e3o.&nbsp;<\/p>\n\n\n\n<p>H\u00e1, inclusive, relatos de outras testemunhas que disseram tamb\u00e9m sofrido choques no equipamento do supermercado.<\/p>\n\n\n\n<p>O juiz registrou em sua senten\u00e7a que, para a ocorr\u00eancia de dano moral, ficou demonstrado o nexo causal entre o abalo emocional sofrido pela crian\u00e7a e o choque el\u00e9trico causado por falta de manuten\u00e7\u00e3o no equipamento.<\/p>\n\n\n\n<p>O magistrado fixou o valor em R$ 7 mil. Ambas as partes recorreram.<\/p>\n\n\n\n<p><strong>Indeniza\u00e7\u00e3o majorada<\/strong><\/p>\n\n\n\n<p>Em segunda inst\u00e2ncia, os desembargadores Pedro Aleixo, Marcos Henrique Caldeira Brant e Ot\u00e1vio de Abreu Porte entenderam que a indeniza\u00e7\u00e3o o valor merece ser aumentado diante da necessidade de puni\u00e7\u00e3o do ofensor, como forma de coibir a sua reincid\u00eancia na pr\u00e1tica delituosa.<\/p>\n\n\n\n<p>\u201cNo caso posto em julgamento, considerando os par\u00e2metros acima enfocados, com respeitosa v\u00eania, tenho que a indeniza\u00e7\u00e3o arbitrada merece reparo, por n\u00e3o se adequar aos aspectos factuais que propiciaram o dano, precipuamente \u00e0 situa\u00e7\u00e3o econ\u00f4mica do ofensor\u201d, registrou o relator, desembargador Pedro Aleixo.<\/p>\n\n\n\n<ul class=\"wp-block-list\"><li><a rel=\"noreferrer noopener\" target=\"_blank\" href=\"https:\/\/www5.tjmg.jus.br\/jurisprudencia\/pesquisaNumeroCNJEspelhoAcordao.do?numeroRegistro=1&amp;totalLinhas=1&amp;linhasPorPagina=10&amp;numeroUnico=1.0352.17.008399-7%2F001&amp;pesquisaNumeroCNJ=Pesquisar\">Ac\u00f3rd\u00e3o<\/a>\u00a0e\u00a0<a rel=\"noreferrer noopener\" target=\"_blank\" href=\"https:\/\/www4.tjmg.jus.br\/juridico\/sf\/proc_resultado2.jsp?listaProcessos=10352170083997001\">movimenta\u00e7\u00e3o processual<\/a>.<\/li><\/ul>\n\n\n\n<p class=\"has-background has-very-light-gray-background-color\">Quer saber as not\u00edcias do <strong>Aconteceu no Vale<\/strong> em primeira m\u00e3o? Siga-nos no Facebook <a rel=\"noreferrer noopener\" href=\"http:\/\/facebook.com\/aconteceunovale\" target=\"_blank\">@aconteceunovale<\/a>, Twitter <a rel=\"noreferrer noopener\" href=\"https:\/\/twitter.com\/noticiadosvales\" target=\"_blank\">@noticiadosvales<\/a> e Instagram <a rel=\"noreferrer noopener\" href=\"https:\/\/www.instagram.com\/aconteceunovale\" target=\"_blank\">@aconteceunovale<\/a>.<\/p>\n","protected":false},"excerpt":{"rendered":"<p>A m\u00e3e de uma menor que recebeu uma&nbsp;forte descarga el\u00e9trica, ap\u00f3s ficar presa num freezer, deve ser indenizada em R$ 15 mil pelo Supermercado Bom Pre\u00e7o, em Janu\u00e1ria (Norte de Minas). A menor, que havia tocado a m\u00e3o no freezer, teve s\u00e9rias les\u00f5es nos bra\u00e7os e pernas ap\u00f3s o choque el\u00e9trico. Tanto que foi atendida [&hellip;]<\/p>\n","protected":false},"author":1,"featured_media":153392,"comment_status":"open","ping_status":"closed","sticky":false,"template":"","format":"standard","meta":{"amp_status":"","footnotes":""},"categories":[1236],"tags":[222713,205,222714,210,222712,222711,270],"class_list":["post-163303","post","type-post","status-publish","format-standard","has-post-thumbnail","hentry","category-norte_de_minas","tag-indenizacao-supermercado-bom-preco-januaria","tag-januaria","tag-menor-sera-indenizada-por-choque-em-supermercado-em-januaria","tag-montes-claros","tag-processo-contra-o-supermercado-bom-preco-em-januaria","tag-supermercado-bom-preco","tag-tjmg"],"_links":{"self":[{"href":"https:\/\/aconteceunovale.com.br\/portal\/index.php?rest_route=\/wp\/v2\/posts\/163303","targetHints":{"allow":["GET"]}}],"collection":[{"href":"https:\/\/aconteceunovale.com.br\/portal\/index.php?rest_route=\/wp\/v2\/posts"}],"about":[{"href":"https:\/\/aconteceunovale.com.br\/portal\/index.php?rest_route=\/wp\/v2\/types\/post"}],"author":[{"embeddable":true,"href":"https:\/\/aconteceunovale.com.br\/portal\/index.php?rest_route=\/wp\/v2\/users\/1"}],"replies":[{"embeddable":true,"href":"https:\/\/aconteceunovale.com.br\/portal\/index.php?rest_route=%2Fwp%2Fv2%2Fcomments&post=163303"}],"version-history":[{"count":2,"href":"https:\/\/aconteceunovale.com.br\/portal\/index.php?rest_route=\/wp\/v2\/posts\/163303\/revisions"}],"predecessor-version":[{"id":163305,"href":"https:\/\/aconteceunovale.com.br\/portal\/index.php?rest_route=\/wp\/v2\/posts\/163303\/revisions\/163305"}],"wp:featuredmedia":[{"embeddable":true,"href":"https:\/\/aconteceunovale.com.br\/portal\/index.php?rest_route=\/wp\/v2\/media\/153392"}],"wp:attachment":[{"href":"https:\/\/aconteceunovale.com.br\/portal\/index.php?rest_route=%2Fwp%2Fv2%2Fmedia&parent=163303"}],"wp:term":[{"taxonomy":"category","embeddable":true,"href":"https:\/\/aconteceunovale.com.br\/portal\/index.php?rest_route=%2Fwp%2Fv2%2Fcategories&post=163303"},{"taxonomy":"post_tag","embeddable":true,"href":"https:\/\/aconteceunovale.com.br\/portal\/index.php?rest_route=%2Fwp%2Fv2%2Ftags&post=163303"}],"curies":[{"name":"wp","href":"https:\/\/api.w.org\/{rel}","templated":true}]}}