{"id":163296,"date":"2020-05-30T22:49:43","date_gmt":"2020-05-31T01:49:43","guid":{"rendered":"https:\/\/aconteceunovale.com.br\/portal\/?p=163296"},"modified":"2020-05-30T22:49:53","modified_gmt":"2020-05-31T01:49:53","slug":"pecanha-tem-novo-forum","status":"publish","type":"post","link":"https:\/\/aconteceunovale.com.br\/portal\/?p=163296","title":{"rendered":"Pe\u00e7anha tem novo f\u00f3rum"},"content":{"rendered":"\n<p>Pe\u00e7anha, no Vale do Rio Doce, recebeu nesta sexta-feira (29\/5\/2020) o rec\u00e9m-constru\u00eddo F\u00f3rum Desembargador Forjaz de Lacerda, entregue pelo presidente do Tribunal de Justi\u00e7a de Minas Gerais (TJMG), desembargador Nelson Missias de Morais.\u00a0<\/p>\n\n\n\n<p>A cerim\u00f4nia, marcada pela emo\u00e7\u00e3o, mais uma vez foi r\u00e1pida, com a presen\u00e7a de poucos convidados e extremamente segura em fun\u00e7\u00e3o da pandemia do novo coronavirus. O uso de m\u00e1scaras e \u00e1lcool em gel foi obrigat\u00f3rio a todos os participantes, seguindo rigorosas recomenda\u00e7\u00f5es sanit\u00e1rias.<\/p>\n\n\n\n<p>Participaram oo evento o presidente Nelson Missias de Morais;\u00a0a 2\u00aa Vice-Presidente do TJMG, desembargadora \u00c1urea Maria Brasil Santos Perez; o corregedor-Geral de Justi\u00e7a de Minas Gerais, desembargador Jos\u00e9 Geraldo Saldanha da Fonseca;\u00a0o superintendente de Obras do Tribunal, desembargador Amauri Pinto Ferreira;\u00a0a desembargadora Maria Luiza de Marilac Alvarenga Ara\u00fajo; o desembargador Elias Camilo dos Santos Sobrinho;\u00a0o desembargador Geraldo Domingos Coelho; o diretor do Foro da\u00a0Comarca de Pe\u00e7anha, juiz\u00a0 Alan Raschke Jardim e\u00a0representantes dos poderes executivo e legislativo locais.<\/p>\n\n\n\n<figure class=\"wp-block-gallery columns-1 is-cropped wp-block-gallery-1 is-layout-flex wp-block-gallery-is-layout-flex\"><ul class=\"blocks-gallery-grid\"><li class=\"blocks-gallery-item\"><figure><img loading=\"lazy\" decoding=\"async\" width=\"678\" height=\"441\" src=\"https:\/\/aconteceunovale.com.br\/portal\/wp-content\/uploads\/2020\/05\/forum_pecanha_1.jpg\" alt=\"\" data-id=\"163297\" data-full-url=\"https:\/\/aconteceunovale.com.br\/portal\/wp-content\/uploads\/2020\/05\/forum_pecanha_1.jpg\" data-link=\"https:\/\/aconteceunovale.com.br\/portal\/?attachment_id=163297\" class=\"wp-image-163297\" srcset=\"https:\/\/aconteceunovale.com.br\/portal\/wp-content\/uploads\/2020\/05\/forum_pecanha_1.jpg 678w, https:\/\/aconteceunovale.com.br\/portal\/wp-content\/uploads\/2020\/05\/forum_pecanha_1-300x195.jpg 300w, https:\/\/aconteceunovale.com.br\/portal\/wp-content\/uploads\/2020\/05\/forum_pecanha_1-646x420.jpg 646w\" sizes=\"auto, (max-width: 678px) 100vw, 678px\" \/><figcaption class=\"blocks-gallery-item__caption\"><em>Presidente do TJMG Nelson Missias de Morais descerra a placa de inaugura\u00e7\u00e3o com a desembargadora Maria Luiza de Marilac, natural de Pe\u00e7anha (Foto: Robert Leal \/ TJMG)<\/em><\/figcaption><\/figure><\/li><\/ul><\/figure>\n\n\n\n<p><strong>Homenagem<\/strong><\/p>\n\n\n\n<p>O presidente Nelson Missias iniciou seu discurso muito emocionado, logo ap\u00f3s ouvir a fala da desembargadora Maria Luiza de Marilac, nascida em Pe\u00e7anha.<\/p>\n\n\n\n<p>\u201cNo in\u00edcio desta semana estive na minha terra, Jo\u00e3o Pinheiro, inaugurando um f\u00f3rum e n\u00e3o pude dar um abra\u00e7o no meu pai por causa da pandemia. O mesmo ocorreu hoje, aqui em Pe\u00e7anha com voc\u00ea, minha amiga, minha irm\u00e3, Maria, que n\u00e3o p\u00f4de abra\u00e7ar sua m\u00e3e\u201d, lamentou o presidente, dirigindo a palavra diretamente \u00e0 colega de magistratura.<\/p>\n\n\n\n<p>Ele agradeceu \u00e0&nbsp;desembargadora Maria Luiza pelo empenho na elabora\u00e7\u00e3o e constru\u00e7\u00e3o do novo f\u00f3rum da Comarca de Pe\u00e7anha. Lembrou dos sonhos da desembargadora, que deixou a cidade natal ainda muito jovem e foi atr\u00e1s das conquistas na capital mineira.<\/p>\n\n\n\n<p>\u201cE seus sonhos se concretizaram, minha irm\u00e3, gra\u00e7as ao seu esfor\u00e7o, talento e sensibilidade. E voc\u00ea, Maria, \u00e9 uma das melhores ju\u00edzas de Minas Gerais. Sempre digo que voc\u00ea \u00e9 a grande refer\u00eancia em mat\u00e9ria de direito penal, n\u00e3o apenas pelos seus conhecimentos, mas tamb\u00e9m pela sua sensibilidade humana. N\u00e3o \u00e9 \u00e0 toa que voc\u00ea est\u00e1 h\u00e1 tantos anos na Escola Judicial, formando ju\u00edzes\u201d, afirmou o presidente.<\/p>\n\n\n\n<figure class=\"wp-block-gallery columns-1 is-cropped wp-block-gallery-2 is-layout-flex wp-block-gallery-is-layout-flex\"><ul class=\"blocks-gallery-grid\"><li class=\"blocks-gallery-item\"><figure><img loading=\"lazy\" decoding=\"async\" width=\"678\" height=\"441\" src=\"https:\/\/aconteceunovale.com.br\/portal\/wp-content\/uploads\/2020\/05\/forum_pecanha_2.jpg\" alt=\"\" data-id=\"163298\" data-full-url=\"https:\/\/aconteceunovale.com.br\/portal\/wp-content\/uploads\/2020\/05\/forum_pecanha_2.jpg\" data-link=\"https:\/\/aconteceunovale.com.br\/portal\/?attachment_id=163298\" class=\"wp-image-163298\" srcset=\"https:\/\/aconteceunovale.com.br\/portal\/wp-content\/uploads\/2020\/05\/forum_pecanha_2.jpg 678w, https:\/\/aconteceunovale.com.br\/portal\/wp-content\/uploads\/2020\/05\/forum_pecanha_2-300x195.jpg 300w, https:\/\/aconteceunovale.com.br\/portal\/wp-content\/uploads\/2020\/05\/forum_pecanha_2-646x420.jpg 646w\" sizes=\"auto, (max-width: 678px) 100vw, 678px\" \/><figcaption class=\"blocks-gallery-item__caption\"><em>O presidente do TJMG, Nelson Missias de Morais, homenageou a desembargadora Maria Luiza de Marilac (Foto: Robert Leal \/ TJMG)<\/em><\/figcaption><\/figure><\/li><\/ul><\/figure>\n\n\n\n<p>Neste momento, a 2\u00aa Vice-Presidente, desembargadora Aurea Maria Brasil, que compunha a mesa, colega da desembargadora Maria Luiza de Marilac na Escola Judicial Ed\u00e9sio Fernandes (Ejef), sorriu e balan\u00e7ou a cabe\u00e7a, em concord\u00e2ncia com o presidente.<\/p>\n\n\n\n<p>Para o presidente \u00e9 justamente esta forma\u00e7\u00e3o que faz\u00a0com que os magistrados sejam mais capacitados, mas sobretudo humanos, tendo total conhecimento da necessidade de igualar for\u00e7as entre os fortes e os fracos\u00a0durante um embate judicial. \u201cEu n\u00e3o poderia jamais deixar de vir aqui a Pe\u00e7anha, na terra da minha irm\u00e3 querida, inaugurar este f\u00f3rum ao seu lado\u201d, acrescentou o presidente.<\/p>\n\n\n\n<p>Com orgulho, Nelson Missias lembrou novamente que h\u00e1 nove meses esteve na cidade anunciando as obras do novo f\u00f3rum de Pe\u00e7anha e de Santa Maria de Sua\u00e7ui e que agora, em tempo recorde, retorna \u00e0s&nbsp;duas cidades para a inaugura\u00e7\u00e3o dos pr\u00e9dios que transformam a vida da justi\u00e7a nas cidades.<\/p>\n\n\n\n<p>\u201cMuito obrigado, prezada desembargadora, pela conviv\u00eancia que temos no Tribunal de Justi\u00e7a e, principalmente, pela decisiva colabora\u00e7\u00e3o que Vossa Excel\u00eancia tem prestado \u00e0 nossa gest\u00e3o, participando ativamente, ao lado da querida desembargadora \u00c1urea Brasil, na gest\u00e3o da Escola Judicial Ed\u00e9sio Fernandes. A popula\u00e7\u00e3o de Pe\u00e7anha, com certeza, saber\u00e1 agradecer e reconhecer suas iniciativas em favor da cidade\u201d, acrescentou o presidente.<\/p>\n\n\n\n<p><strong>Progressos<\/strong><\/p>\n\n\n\n<p>Nelson Missias pediu perd\u00e3o aos presentes pela repeti\u00e7\u00e3o em seus discursos, mas esclarece que o conceito de expans\u00e3o dos f\u00f3runs em Minas Gerais \u00e9 \u00fanico, e por tal raz\u00e3o, \u00e9 necess\u00e1rio que seja repetido.<\/p>\n\n\n\n<p>\u201c\u00c9 aqui, nos balc\u00f5es de atendimento do f\u00f3rum de cada comarca, que est\u00e1 o passo inicial e insubstitu\u00edvel da boa presta\u00e7\u00e3o jurisdicional. E para que esse atendimento se concretize, \u00e9 indispens\u00e1vel que magistrados e servidores tenham boas condi\u00e7\u00f5es de trabalho. E \u00e9 isto o que estamos oferecendo\u201d, enfatizou o presidente durante seu discurso.<\/p>\n\n\n\n<p>O presidente discorreu sobre os progressos obtidos pelo Tribunal de Justi\u00e7a durante sua administra\u00e7\u00e3o, n\u00e3o apenas na&nbsp;constru\u00e7\u00e3o dos novos f\u00f3runs, muitos a serem inaugurados pelo pr\u00f3ximo presidente, mas principalmente pela for\u00e7a do Departamento de Inform\u00e1tica do TJMG (Dirfor)&nbsp;que em pouco tempo implantou o PJe nas 297 comarcas mineiras.<\/p>\n\n\n\n<p>\u201cA Justi\u00e7a eletr\u00f4nica n\u00e3o \u00e9 mais um futuro. \u00c9 um presente aqui em Minas Gerais. E j\u00e1 imaginaram se n\u00e3o tiv\u00e9ssemos colocado em pr\u00e1tica este projeto, com a chegada da pandemia? Tudo seria muito mais dif\u00edcil\u201d, observou o presidente, lembrando a\u00a0importante marca de 10 milh\u00f5es de atos processuais\u00a0executados por meio eletr\u00f4nico desde o in\u00edcio da pandemia at\u00e9 a \u00faltima contagem.\u00a0<\/p>\n\n\n\n<p>Nelson Missias atribuiu todo o m\u00e9rito para se chegar a esta marca hist\u00f3rica aos servidores e magistrados, destacando o trabalho das equipes de Engenharia e Inform\u00e1tica, sob a lideran\u00e7a do desembargador Amauri Pinto Ferreira e dos ju\u00edzes auxiliares Jair Francisco dos Santos e Delvan Barcelos J\u00fanior, al\u00e9m dos diretores Marcelo Junqueira e Ant\u00f4nio Rolla.<\/p>\n\n\n\n<figure class=\"wp-block-gallery columns-1 is-cropped wp-block-gallery-3 is-layout-flex wp-block-gallery-is-layout-flex\"><ul class=\"blocks-gallery-grid\"><li class=\"blocks-gallery-item\"><figure><img loading=\"lazy\" decoding=\"async\" width=\"678\" height=\"443\" src=\"https:\/\/aconteceunovale.com.br\/portal\/wp-content\/uploads\/2020\/05\/forum_pecanha_3.jpg\" alt=\"\" data-id=\"163299\" data-full-url=\"https:\/\/aconteceunovale.com.br\/portal\/wp-content\/uploads\/2020\/05\/forum_pecanha_3.jpg\" data-link=\"https:\/\/aconteceunovale.com.br\/portal\/?attachment_id=163299\" class=\"wp-image-163299\" srcset=\"https:\/\/aconteceunovale.com.br\/portal\/wp-content\/uploads\/2020\/05\/forum_pecanha_3.jpg 678w, https:\/\/aconteceunovale.com.br\/portal\/wp-content\/uploads\/2020\/05\/forum_pecanha_3-300x196.jpg 300w, https:\/\/aconteceunovale.com.br\/portal\/wp-content\/uploads\/2020\/05\/forum_pecanha_3-643x420.jpg 643w\" sizes=\"auto, (max-width: 678px) 100vw, 678px\" \/><figcaption class=\"blocks-gallery-item__caption\"><em>A desembargadora Maria Luiza de Marilac ficou bastante emocionada e disse que o novo f\u00f3rum \u00e9 um &#8220;orgulho para a nossa cidade&#8221; (Foto: Robert Leal \/ TJMG)<\/em><\/figcaption><\/figure><\/li><\/ul><\/figure>\n\n\n\n<p><strong>L\u00e1grimas e emo\u00e7\u00e3o<\/strong><\/p>\n\n\n\n<p>A desembargadora Maria Luiza de Marilac fez um discurso emocionado. Ela se disse muito grata ao antigo pr\u00e9dio que abrigava o f\u00f3rum, mas com o passar do tempo tornou-se obsoleto em fun\u00e7\u00e3o do crescimento das cidades que comp\u00f5em a Comarca de Pe\u00e7anha.<\/p>\n\n\n\n<p>\u201cMeu cora\u00e7\u00e3o est\u00e1 cheio de alegria em retornar \u00e0 minha terra para inaugurar o novo f\u00f3rum, que \u00e9 um orgulho para a nossa cidade\u201d, destacou a desembargadora, que em v\u00e1rios momentos interrompeu seu discurso para conter as l\u00e1grimas.<\/p>\n\n\n\n<p>Ela ainda lembrou que a atual gest\u00e3o do Tribunal de Justi\u00e7a j\u00e1 entrou para hist\u00f3ria por fazer uma grande revolu\u00e7\u00e3o na Justi\u00e7a mineira, principalmente no \u00e2mbito da primeira inst\u00e2ncia, com a constru\u00e7\u00e3o de novos f\u00f3runs pelo Estado de Minas Gerais.<\/p>\n\n\n\n<figure class=\"wp-block-gallery columns-1 is-cropped wp-block-gallery-4 is-layout-flex wp-block-gallery-is-layout-flex\"><ul class=\"blocks-gallery-grid\"><li class=\"blocks-gallery-item\"><figure><img loading=\"lazy\" decoding=\"async\" width=\"678\" height=\"439\" src=\"https:\/\/aconteceunovale.com.br\/portal\/wp-content\/uploads\/2020\/05\/forum_pecanha_4.jpg\" alt=\"\" data-id=\"163300\" data-full-url=\"https:\/\/aconteceunovale.com.br\/portal\/wp-content\/uploads\/2020\/05\/forum_pecanha_4.jpg\" data-link=\"https:\/\/aconteceunovale.com.br\/portal\/?attachment_id=163300\" class=\"wp-image-163300\" srcset=\"https:\/\/aconteceunovale.com.br\/portal\/wp-content\/uploads\/2020\/05\/forum_pecanha_4.jpg 678w, https:\/\/aconteceunovale.com.br\/portal\/wp-content\/uploads\/2020\/05\/forum_pecanha_4-300x194.jpg 300w, https:\/\/aconteceunovale.com.br\/portal\/wp-content\/uploads\/2020\/05\/forum_pecanha_4-649x420.jpg 649w\" sizes=\"auto, (max-width: 678px) 100vw, 678px\" \/><figcaption class=\"blocks-gallery-item__caption\"><em>A nova sede do Judici\u00e1rio local ser\u00e1 comandada pelo jovem juiz Alan Raschke Jardim, que assumiu a comarca em 2019 (Foto: Robert Leal \/ TJMG)<\/em><\/figcaption><\/figure><\/li><\/ul><\/figure>\n\n\n\n<p><strong>Acessibilidade<\/strong><\/p>\n\n\n\n<p>O jovem juiz de Pe\u00e7anha, Alan Raschke Jardim iniciou sua carreira de magistrado em dezembro de 2019 em Pe\u00e7anha, sua primeira comarca. Natural de Porto Alegre, Rio Grande do Sul, o ga\u00facho logo adaptou-se ao jeito mineiro, povo que&nbsp;classifica como extremamente acolhedor.<\/p>\n\n\n\n<p>\u201cQuando cheguei me avisaram que teria muito trabalho, em fun\u00e7\u00e3o da complexidade da Comarca de Pe\u00e7anha, mas receberia o apoio dos mineiros. E foi o que realmente aconteceu\u201d, lembrou o magistrado.<\/p>\n\n\n\n<p>Ele lembrou que o antigo pr\u00e9dio, onde a comarca funcionava desde 1892, \u00e9 muito bonito e hist\u00f3rico, mas n\u00e3o comportava o volume de processos que ali tramitavam, al\u00e9m da falta de acessibilidade aos cidad\u00e3os idosos ou com algum tipo de defici\u00eancia f\u00edsica. \u201cOs servidores e o povo da regi\u00e3o mereciam uma nova estrutura\u201d, afirmou o juiz.<\/p>\n\n\n\n<p>A nova edifica\u00e7\u00e3o tamb\u00e9m foi constru\u00edda em tempo recorde e j\u00e1 est\u00e1 preparada para abrigar duas varas, ou seja, passar de primeira entr\u00e2ncia para segunda entr\u00e2ncia, o que dever\u00e1 ocorrer em breve, com a chegada de mais um magistrado.<\/p>\n\n\n\n<p>O edif\u00edcio tem&nbsp;dois pavimentos com 1.500 metros quadrados de \u00e1rea constru\u00edda, espa\u00e7o para duas varas, Cejusc, Juizado Especial, Tribunal do J\u00fari, setores de apoio,&nbsp;estacionamento para carros, motos e biciclet\u00e1rio, e total acessibilidade. Todo o atendimento jurisdicional fica concentrado em um s\u00f3 local.<\/p>\n\n\n\n<p>A Comarca de Pe\u00e7anha\u00a0\u00e9 ainda composta pelos munic\u00edpios de Cantagalo, Coaraci, Frei Lagonegro, Nacip Raydan, S\u00e3o Jos\u00e9 do Jacuri, S\u00e3o Pedro do Sua\u00e7u\u00ed\u00a0e Virgol\u00e2ndia. Em 2019, a comarca tinha aproximadamente 7,2 mil processos ativos.<\/p>\n\n\n\n<figure class=\"wp-block-gallery columns-1 is-cropped wp-block-gallery-5 is-layout-flex wp-block-gallery-is-layout-flex\"><ul class=\"blocks-gallery-grid\"><li class=\"blocks-gallery-item\"><figure><img loading=\"lazy\" decoding=\"async\" width=\"678\" height=\"443\" src=\"https:\/\/aconteceunovale.com.br\/portal\/wp-content\/uploads\/2020\/05\/forum_pecanha_5.jpg\" alt=\"\" data-id=\"163301\" data-full-url=\"https:\/\/aconteceunovale.com.br\/portal\/wp-content\/uploads\/2020\/05\/forum_pecanha_5.jpg\" data-link=\"https:\/\/aconteceunovale.com.br\/portal\/?attachment_id=163301\" class=\"wp-image-163301\" srcset=\"https:\/\/aconteceunovale.com.br\/portal\/wp-content\/uploads\/2020\/05\/forum_pecanha_5.jpg 678w, https:\/\/aconteceunovale.com.br\/portal\/wp-content\/uploads\/2020\/05\/forum_pecanha_5-300x196.jpg 300w, https:\/\/aconteceunovale.com.br\/portal\/wp-content\/uploads\/2020\/05\/forum_pecanha_5-643x420.jpg 643w\" sizes=\"auto, (max-width: 678px) 100vw, 678px\" \/><figcaption class=\"blocks-gallery-item__caption\"><em>No f\u00f3rum funcionar\u00e1 mais uma vara para atender a comarca composta por oito munic\u00edpios (Foto: Robert Leal \/ TJMG)<\/em><\/figcaption><\/figure><\/li><\/ul><\/figure>\n\n\n\n<p class=\"has-background has-very-light-gray-background-color\">Quer saber as not\u00edcias do <strong>Aconteceu no Vale<\/strong> em primeira m\u00e3o? Siga-nos no Facebook <a rel=\"noreferrer noopener\" href=\"http:\/\/facebook.com\/aconteceunovale\" target=\"_blank\">@aconteceunovale<\/a>, Twitter <a rel=\"noreferrer noopener\" href=\"https:\/\/twitter.com\/noticiadosvales\" target=\"_blank\">@noticiadosvales<\/a> e Instagram <a rel=\"noreferrer noopener\" href=\"https:\/\/www.instagram.com\/aconteceunovale\" target=\"_blank\">@aconteceunovale<\/a>.<\/p>\n","protected":false},"excerpt":{"rendered":"<p>Pe\u00e7anha, no Vale do Rio Doce, recebeu nesta sexta-feira (29\/5\/2020) o rec\u00e9m-constru\u00eddo F\u00f3rum Desembargador Forjaz de Lacerda, entregue pelo presidente do Tribunal de Justi\u00e7a de Minas Gerais (TJMG), desembargador Nelson Missias de Morais.\u00a0 A cerim\u00f4nia, marcada pela emo\u00e7\u00e3o, mais uma vez foi r\u00e1pida, com a presen\u00e7a de poucos convidados e extremamente segura em fun\u00e7\u00e3o da [&hellip;]<\/p>\n","protected":false},"author":1,"featured_media":163301,"comment_status":"open","ping_status":"closed","sticky":false,"template":"","format":"standard","meta":{"amp_status":"","footnotes":""},"categories":[121],"tags":[222710,278,56978,177587,222708,222706,291,222704,222709,222707,303,222705,222703,306,222702,321,322,270,92646,333],"class_list":["post-163296","post","type-post","status-publish","format-standard","has-post-thumbnail","hentry","category-leste","tag-alan-raschke-jardim","tag-cantagalo","tag-coaraci","tag-desembargador-nelson-missias-de-morais","tag-desembargadora-maria-luiza-de-marilac","tag-forum-desembargador-forjaz-de-lacerda","tag-frei-lagonegro","tag-inauguracao-do-forum-de-pecanha","tag-juiz-de-pecanha","tag-maria-luiza-de-marilac","tag-nacip-raydan","tag-novas-instalacoes-do-forum-de-pecanha","tag-novo-forum-de-pecanha","tag-pecanha","tag-pecanha-tem-novo-forum","tag-sao-jose-do-jacuri","tag-sao-pedro-do-suacui","tag-tjmg","tag-tribunal-de-justica-de-minas-gerais","tag-virgolandia"],"_links":{"self":[{"href":"https:\/\/aconteceunovale.com.br\/portal\/index.php?rest_route=\/wp\/v2\/posts\/163296","targetHints":{"allow":["GET"]}}],"collection":[{"href":"https:\/\/aconteceunovale.com.br\/portal\/index.php?rest_route=\/wp\/v2\/posts"}],"about":[{"href":"https:\/\/aconteceunovale.com.br\/portal\/index.php?rest_route=\/wp\/v2\/types\/post"}],"author":[{"embeddable":true,"href":"https:\/\/aconteceunovale.com.br\/portal\/index.php?rest_route=\/wp\/v2\/users\/1"}],"replies":[{"embeddable":true,"href":"https:\/\/aconteceunovale.com.br\/portal\/index.php?rest_route=%2Fwp%2Fv2%2Fcomments&post=163296"}],"version-history":[{"count":1,"href":"https:\/\/aconteceunovale.com.br\/portal\/index.php?rest_route=\/wp\/v2\/posts\/163296\/revisions"}],"predecessor-version":[{"id":163302,"href":"https:\/\/aconteceunovale.com.br\/portal\/index.php?rest_route=\/wp\/v2\/posts\/163296\/revisions\/163302"}],"wp:featuredmedia":[{"embeddable":true,"href":"https:\/\/aconteceunovale.com.br\/portal\/index.php?rest_route=\/wp\/v2\/media\/163301"}],"wp:attachment":[{"href":"https:\/\/aconteceunovale.com.br\/portal\/index.php?rest_route=%2Fwp%2Fv2%2Fmedia&parent=163296"}],"wp:term":[{"taxonomy":"category","embeddable":true,"href":"https:\/\/aconteceunovale.com.br\/portal\/index.php?rest_route=%2Fwp%2Fv2%2Fcategories&post=163296"},{"taxonomy":"post_tag","embeddable":true,"href":"https:\/\/aconteceunovale.com.br\/portal\/index.php?rest_route=%2Fwp%2Fv2%2Ftags&post=163296"}],"curies":[{"name":"wp","href":"https:\/\/api.w.org\/{rel}","templated":true}]}}