{"id":163287,"date":"2020-05-30T22:31:17","date_gmt":"2020-05-31T01:31:17","guid":{"rendered":"https:\/\/aconteceunovale.com.br\/portal\/?p=163287"},"modified":"2020-05-30T22:31:28","modified_gmt":"2020-05-31T01:31:28","slug":"novo-forum-e-entregue-a-populacao-de-santa-maria-do-suacui","status":"publish","type":"post","link":"https:\/\/aconteceunovale.com.br\/portal\/?p=163287","title":{"rendered":"Novo f\u00f3rum \u00e9 entregue \u00e0 popula\u00e7\u00e3o de Santa Maria do Sua\u00e7u\u00ed"},"content":{"rendered":"\n<p>A promessa virou d\u00edvida e a d\u00edvida foi paga nesta sexta-feira (29\/5\/2020)\u00a0pelo presidente do Tribunal de Justi\u00e7a de Minas Gerais (TJMG), desembargador Nelson Missias de Morais, ao povo da pequena Santa Maria do Sua\u00e7ui, Vale do Rio Doce, com a entrega do novo f\u00f3rum da comarca.<\/p>\n\n\n\n<p>A atual casa da Justi\u00e7a substitui\u00a0o antigo f\u00f3rum, j\u00e1 obsoleto e sem capacidade para atender as demandas de Santa Maria do Sua\u00e7ui. Foi inaugurado tamb\u00e9m o Centro Judici\u00e1rio de Solu\u00e7\u00e3o de Conflitos e Cidadania (Cejusc).<\/p>\n\n\n\n<p>Al\u00e9m do presidente Nelson Missias de Morais, participaram da cerim\u00f4nia de entrega do f\u00f3rum de Santa Maria do Sua\u00e7u\u00ed\u00a0a 2\u00aa vice-presidente, desembargadora \u00c1urea Maria Brasil Santos Perez;\u00a0o corregedor-geral de Justi\u00e7a de Minas Gerais, desembargador Jos\u00e9 Geraldo Saldanha da Fonseca;\u00a0o superintendente de Obras do Tribunal, desembargador Amauri Pinto Ferreira;\u00a0o desembargador Elias Camilo dos Santos Sobrinho;\u00a0a desembargadora Maria Luiza de Marilac Alvarenga Araujo;\u00a0o desembargador Geraldo Domingos Coelho;\u00a0 o diretor do Foro da\u00a0Comarca, Rafael Arriero Continentino e\u00a0o juiz auxiliar da Presid\u00eancia, Jair Francisco dos Santos.\u00a0<\/p>\n\n\n\n<figure class=\"wp-block-gallery columns-1 is-cropped wp-block-gallery-1 is-layout-flex wp-block-gallery-is-layout-flex\"><ul class=\"blocks-gallery-grid\"><li class=\"blocks-gallery-item\"><figure><img loading=\"lazy\" decoding=\"async\" width=\"678\" height=\"443\" src=\"https:\/\/aconteceunovale.com.br\/portal\/wp-content\/uploads\/2020\/05\/forum_tjm_sms_1.jpg\" alt=\"\" data-id=\"163288\" data-full-url=\"https:\/\/aconteceunovale.com.br\/portal\/wp-content\/uploads\/2020\/05\/forum_tjm_sms_1.jpg\" data-link=\"https:\/\/aconteceunovale.com.br\/portal\/?attachment_id=163288\" class=\"wp-image-163288\" srcset=\"https:\/\/aconteceunovale.com.br\/portal\/wp-content\/uploads\/2020\/05\/forum_tjm_sms_1.jpg 678w, https:\/\/aconteceunovale.com.br\/portal\/wp-content\/uploads\/2020\/05\/forum_tjm_sms_1-300x196.jpg 300w, https:\/\/aconteceunovale.com.br\/portal\/wp-content\/uploads\/2020\/05\/forum_tjm_sms_1-643x420.jpg 643w\" sizes=\"auto, (max-width: 678px) 100vw, 678px\" \/><figcaption class=\"blocks-gallery-item__caption\"><em>Presidente do TJMG, Nelson Missias de Morais e juiz diretor do foro, Rafael Arriero Continentino descerram a placa de inaugura\u00e7\u00e3o do novo f\u00f3rum (Foto: Robert Leal \/ TJMG)<\/em><\/figcaption><\/figure><\/li><\/ul><\/figure>\n\n\n\n<p>Estiveram tamb\u00e9m presentes os representantes dos poderes legislativo e executivo de Santa Maria de Sua\u00e7ui. Como tem acontecido em fun\u00e7\u00e3o da pandemia da covid-19, a\u00a0cerim\u00f4nia foi r\u00e1pida, restrita e cercada de cuidados.<\/p>\n\n\n\n<p><strong>Padrinho<\/strong><\/p>\n\n\n\n<p>Em setembro de 2019,\u00a0o presidente Nelson Missias desembarcou em Santa Maria do Sua\u00e7u\u00ed\u00a0para anunciar o novo f\u00f3rum. A promessa de entrega de um edif\u00edcio moderno e muito mais confort\u00e1vel foi vista com certa desconfian\u00e7a pelo povo de Santa Maria do Sua\u00e7ui. N\u00e3o\u00a0acreditavam que, depois de apenas nove meses, o presidente retornaria \u00e0 cidade trazendo as chaves nas m\u00e3os.\u00a0<\/p>\n\n\n\n<figure class=\"wp-block-gallery columns-1 is-cropped wp-block-gallery-2 is-layout-flex wp-block-gallery-is-layout-flex\"><ul class=\"blocks-gallery-grid\"><li class=\"blocks-gallery-item\"><figure><img loading=\"lazy\" decoding=\"async\" width=\"678\" height=\"442\" src=\"https:\/\/aconteceunovale.com.br\/portal\/wp-content\/uploads\/2020\/05\/forum_tjm_sms_2.jpg\" alt=\"\" data-id=\"163289\" data-full-url=\"https:\/\/aconteceunovale.com.br\/portal\/wp-content\/uploads\/2020\/05\/forum_tjm_sms_2.jpg\" data-link=\"https:\/\/aconteceunovale.com.br\/portal\/?attachment_id=163289\" class=\"wp-image-163289\" srcset=\"https:\/\/aconteceunovale.com.br\/portal\/wp-content\/uploads\/2020\/05\/forum_tjm_sms_2.jpg 678w, https:\/\/aconteceunovale.com.br\/portal\/wp-content\/uploads\/2020\/05\/forum_tjm_sms_2-300x196.jpg 300w, https:\/\/aconteceunovale.com.br\/portal\/wp-content\/uploads\/2020\/05\/forum_tjm_sms_2-644x420.jpg 644w\" sizes=\"auto, (max-width: 678px) 100vw, 678px\" \/><figcaption class=\"blocks-gallery-item__caption\"><em>Al\u00e9m do novo pr\u00e9dio, houve tamb\u00e9m a implanta\u00e7\u00e3o do Cejusc: cerim\u00f4nia contou com o presidente, parte da diretoria do TJMG, desembargadores e autoridades locais (Foto: Robert Leal \/ TJMG)<\/em><\/figcaption><\/figure><\/li><\/ul><\/figure>\n\n\n\n<p>\u201cEstive aqui h\u00e1 nove meses e hoje, cumprindo o compromisso que eu e o desembargador Amauri Pinto Ferreira assumimos naquela ocasi\u00e3o, voltamos para entregar o novo f\u00f3rum \u00e0 comunidade de Santa Maria e seus distritos\u201d, anunciou o presidente, lembrando-se do fato.\u00a0Mas Nelson Missias de Morais n\u00e3o estava s\u00f3. Ele fez quest\u00e3o de dizer que o padrinho do novo f\u00f3rum \u00e9 o filho de Santa Maria do Sua\u00e7u\u00ed, desembargador Elias Camilo.<\/p>\n\n\n\n<p>\u201cTenho que lhe agradecer, meu caro Elias Camilo, por nos ter alertado para a necessidade de dar um novo f\u00f3rum \u00e0 comarca e oferecer melhores condi\u00e7\u00f5es de trabalho aos magistrados, servidores, colaboradores da Justi\u00e7a, bem como a todos os cidad\u00e3os e profissionais que necessitam dos nossos servi\u00e7os\u201d, frisou o presidente.<\/p>\n\n\n\n<figure class=\"wp-block-gallery columns-1 is-cropped wp-block-gallery-3 is-layout-flex wp-block-gallery-is-layout-flex\"><ul class=\"blocks-gallery-grid\"><li class=\"blocks-gallery-item\"><figure><img loading=\"lazy\" decoding=\"async\" width=\"678\" height=\"441\" src=\"https:\/\/aconteceunovale.com.br\/portal\/wp-content\/uploads\/2020\/05\/forum_tjm_sms_3.jpg\" alt=\"\" data-id=\"163290\" data-full-url=\"https:\/\/aconteceunovale.com.br\/portal\/wp-content\/uploads\/2020\/05\/forum_tjm_sms_3.jpg\" data-link=\"https:\/\/aconteceunovale.com.br\/portal\/?attachment_id=163290\" class=\"wp-image-163290\" srcset=\"https:\/\/aconteceunovale.com.br\/portal\/wp-content\/uploads\/2020\/05\/forum_tjm_sms_3.jpg 678w, https:\/\/aconteceunovale.com.br\/portal\/wp-content\/uploads\/2020\/05\/forum_tjm_sms_3-300x195.jpg 300w, https:\/\/aconteceunovale.com.br\/portal\/wp-content\/uploads\/2020\/05\/forum_tjm_sms_3-646x420.jpg 646w\" sizes=\"auto, (max-width: 678px) 100vw, 678px\" \/><figcaption class=\"blocks-gallery-item__caption\"><em>Desembargador Elias Camilo, nascido na cidade, foi chamado pelo presidente Nelson Missias de &#8220;padrinho do novo f\u00f3rum&#8221; (Foto: Robert Leal \/ TJMG)<\/em><\/figcaption><\/figure><\/li><\/ul><\/figure>\n\n\n\n<p>O desembargador Elias Camilo dos Santos lembrou do seu passado na comarca, onde trabalhou como escriv\u00e3o, e&nbsp;agradeceu ao presidente pelo novo f\u00f3rum.<\/p>\n\n\n\n<p>\u201cA gente via as dificuldades enfrentadas pelos ju\u00edzes, servidores e o p\u00fablico que frequentava o f\u00f3rum antigo. Saber que a comarca agora conta com um pr\u00e9dio bonito, moderno e muito \u00fatil \u00e9 extremamente gratificante\u201d, comemorou o desembargador que, de acordo com o presidente Nelson Missias, acompanhou a obra de perto, do in\u00edcio ao fim.<\/p>\n\n\n\n<p><strong>Veja o v\u00eddeo que mostra a entrega do novo f\u00f3rum \u00e0 popula\u00e7\u00e3o de Santa Maria do Sua\u00e7u\u00ed:<\/strong><\/p>\n\n\n\n<figure><iframe loading=\"lazy\" width=\"100%\" height=\"400\" src=\"https:\/\/www.youtube.com\/embed\/naq39eIj7y0\" allowfullscreen=\"\"><\/iframe><\/figure>\n\n\n\n<p><strong>Gest\u00e3o compartilhada<\/strong><\/p>\n\n\n\n<p>O presidente Nelson Missias tamb\u00e9m lembrou que o novo pr\u00e9dio prioriza a funcionalidade e sustentabilidade, caracter\u00edsticas de todos os projetos de obras do TJMG desde julho de 2018. Naquele m\u00eas, ele e sua diretoria assumiram a presid\u00eancia e deram o pontap\u00e9 inicial no Plano de Acelera\u00e7\u00e3o de Obras, que prev\u00ea a constru\u00e7\u00e3o de dezenas de novos f\u00f3runs.<\/p>\n\n\n\n<p>\u201cDespertamos a desconfian\u00e7a de muitos que n\u00e3o acreditavam nessa possibilidade, diante da propalada crise do estado de Minas Gerais. Superamos essa desconfian\u00e7a, j\u00e1 entregamos novos f\u00f3runs a mais de dez comarcas, desde o in\u00edcio deste m\u00eas. At\u00e9\u00a0o final de junho pr\u00f3ximo, entregaremos outros e chegaremos a quase tr\u00eas dezenas. Mais do que isto, deixaremos outras quatro ou cinco dezenas em andamento para serem entregues nos pr\u00f3ximos meses\u201d, garantiu o presidente, que terminar\u00e1 sua din\u00e2mica gest\u00e3o daqui a pouco mais de um m\u00eas.\u00a0<\/p>\n\n\n\n<figure class=\"wp-block-gallery columns-1 is-cropped wp-block-gallery-4 is-layout-flex wp-block-gallery-is-layout-flex\"><ul class=\"blocks-gallery-grid\"><li class=\"blocks-gallery-item\"><figure><img loading=\"lazy\" decoding=\"async\" width=\"678\" height=\"441\" src=\"https:\/\/aconteceunovale.com.br\/portal\/wp-content\/uploads\/2020\/05\/forum_tjm_sms_4.jpg\" alt=\"\" data-id=\"163291\" data-full-url=\"https:\/\/aconteceunovale.com.br\/portal\/wp-content\/uploads\/2020\/05\/forum_tjm_sms_4.jpg\" data-link=\"https:\/\/aconteceunovale.com.br\/portal\/?attachment_id=163291\" class=\"wp-image-163291\" srcset=\"https:\/\/aconteceunovale.com.br\/portal\/wp-content\/uploads\/2020\/05\/forum_tjm_sms_4.jpg 678w, https:\/\/aconteceunovale.com.br\/portal\/wp-content\/uploads\/2020\/05\/forum_tjm_sms_4-300x195.jpg 300w, https:\/\/aconteceunovale.com.br\/portal\/wp-content\/uploads\/2020\/05\/forum_tjm_sms_4-646x420.jpg 646w\" sizes=\"auto, (max-width: 678px) 100vw, 678px\" \/><figcaption class=\"blocks-gallery-item__caption\"><em>Nove meses ap\u00f3s o lan\u00e7amento da obra, o moderno e funcional pr\u00e9dio da Justi\u00e7a foi entregue (Foto: Robert Leal \/ TJMG)<\/em><\/figcaption><\/figure><\/li><\/ul><\/figure>\n\n\n\n<p>O presidente atribui esse momento especial a duas raz\u00f5es. Uma delas \u00e9 o modelo de gest\u00e3o compartilhada e participativa adotado em sua administra\u00e7\u00e3o, o que uniu magistrados, servidores e colaboradores. A outra est\u00e1 balizada na compet\u00eancia e dedica\u00e7\u00e3o dos servidores, de modo especial da Diretoria de Engenharia, sob a coordena\u00e7\u00e3o do desembargador Amauri Pinto Ferreira e do juiz auxiliar Jair Francisco dos Santos, e a dire\u00e7\u00e3o executiva do engenheiro Marcelo Junqueira.<\/p>\n\n\n\n<p>O presidente agradeceu o esfor\u00e7o de todos e citou o juiz auxiliar Jair Francisco dos Santos: \u201cMeu caro Jair, o meu muito obrigado. Voc\u00ea \u00e9 daqueles que a gente liga durante um final de semana para reportar algum problema em determinada obra&nbsp;e, na segunda-feira cedo, j\u00e1 pega um carro e segue para o local para dar solu\u00e7\u00e3o\u201d, lembrou Nelson Missias. &nbsp;O presidente tamb\u00e9m fez quest\u00e3o de agradecer o engenheiro e respons\u00e1vel pela obra, Paul Franklin Faustino Lopes,&nbsp;presente na solenidade.<\/p>\n\n\n\n<p>\u201cO objetivo que nos tem levado a investir em novos f\u00f3runs, bem aparelhados e modernos, \u00e9 o mesmo que nos tem guiado nessa travessia de dois anos \u00e0 frente do Tribunal, prestes a se concluir: entregar \u00e0 popula\u00e7\u00e3o de Minas uma presta\u00e7\u00e3o jurisdicional cada vez mais c\u00e9lere e eficaz\u201d, acrescentou o presidente. O desembargador frisou mais uma vez a import\u00e2ncia de se fortalecer a primeira inst\u00e2ncia da Justi\u00e7a.<\/p>\n\n\n\n<figure class=\"wp-block-gallery columns-1 is-cropped wp-block-gallery-5 is-layout-flex wp-block-gallery-is-layout-flex\"><ul class=\"blocks-gallery-grid\"><li class=\"blocks-gallery-item\"><figure><img loading=\"lazy\" decoding=\"async\" width=\"678\" height=\"442\" src=\"https:\/\/aconteceunovale.com.br\/portal\/wp-content\/uploads\/2020\/05\/forum_tjm_sms_5.jpg\" alt=\"\" data-id=\"163292\" data-full-url=\"https:\/\/aconteceunovale.com.br\/portal\/wp-content\/uploads\/2020\/05\/forum_tjm_sms_5.jpg\" data-link=\"https:\/\/aconteceunovale.com.br\/portal\/?attachment_id=163292\" class=\"wp-image-163292\" srcset=\"https:\/\/aconteceunovale.com.br\/portal\/wp-content\/uploads\/2020\/05\/forum_tjm_sms_5.jpg 678w, https:\/\/aconteceunovale.com.br\/portal\/wp-content\/uploads\/2020\/05\/forum_tjm_sms_5-300x196.jpg 300w, https:\/\/aconteceunovale.com.br\/portal\/wp-content\/uploads\/2020\/05\/forum_tjm_sms_5-644x420.jpg 644w\" sizes=\"auto, (max-width: 678px) 100vw, 678px\" \/><figcaption class=\"blocks-gallery-item__caption\"><em>Desembargadores e autoridades locais presentes \u00e0 cerim\u00f4nia usaram m\u00e1scara todo o tempo e mantiveram o distanciamento (Foto: Robert Leal \/ TJMG)<\/em><\/figcaption><\/figure><\/li><\/ul><\/figure>\n\n\n\n<p>O presidente Nelson Missias tamb\u00e9m lembrou que o novo pr\u00e9dio n\u00e3o \u00e9 apenas \u201cum pr\u00e9dio novo\u201d, mas sim uma moderna estrutura de atendimento: &#8220;A&nbsp;Justi\u00e7a digital n\u00e3o \u00e9 mais o futuro e sim o presente dentro do TJMG&#8221;, ressaltou.<\/p>\n\n\n\n<p>Ele citou&nbsp;como exemplo a amplia\u00e7\u00e3o dos processos eletr\u00f4nicos (PJe) que, no in\u00edcio da sua gest\u00e3o, atingiam apenas 12% das comarcas mineiras e hoje est\u00e3o presentes em todas as 297 unidades.<\/p>\n\n\n\n<p>O pr\u00f3ximo passo \u00e9 expandir os processos eletr\u00f4nicos para a \u00e1rea criminal, afirmou o presidente. O PJe criminal foi\u00a0todo elaborado pela equipe de tecnologia do TJMG e o\u00a0projeto-piloto ser\u00e1 lan\u00e7ado no pr\u00f3ximo dia 1\u00ba de junho\u00a0(pr\u00f3xima segunda-feira), na 2\u00aa Vara Criminal da Comarca de Belo Horizonte.<\/p>\n\n\n\n<p><strong>Trabalho remoto<\/strong><\/p>\n\n\n\n<p>O presidente referiu-se \u00e0 nova realidade ao TJMG, trazida pela da covid-19, com magistrados, servidores e colaboradores trabalhando de casa, mas com alt\u00edssima produtividade. \u201cDo in\u00edcio da pandemia\u00a0at\u00e9 o come\u00e7o desta semana superamos a\u00a0marca de 10 milh\u00f5es de atos processuais\u00a0executados por meio eletr\u00f4nico, com mais de 500 mil senten\u00e7as e decis\u00f5es\u201d, salientou. Ele fez um agradecimento especial \u00e0 Diretoria de Inform\u00e1tica do Tribunal (Dirfor), sob a lideran\u00e7a do magistrado Delvan Barcelos e do diretor Ant\u00f4nio Rolla.<\/p>\n\n\n\n<p>Ao final do seu discurso, o presidente Nelson Missias arrancou aplausos da pequena, por\u00e9m barulhenta, plateia ao se referir aos novos f\u00f3runs inaugurados&nbsp;e os que ser\u00e3o entregues pelo pr\u00f3ximo presidente do TJMG, desembargador Gilson Soares Lemes:<\/p>\n\n\n\n<p>\u201cAs sementes foram lan\u00e7adas por toda Minas Gerais e a \u00e1rvore j\u00e1 est\u00e1 crescendo. Daqui a pouco ser\u00e1 frondosa e gerar\u00e1 frutos, porque haveremos de mudar o cen\u00e1rio de Minas Gerais em termos de comodidade e conforto para os nossos servidores\u201d.&nbsp;<\/p>\n\n\n\n<p><strong>Goteiras e morcegos<\/strong><\/p>\n\n\n\n<p>O novo f\u00f3rum possui 750 metros quadrados de \u00e1rea construida, espa\u00e7o para uma vara, Cejusc, Juizado Especial, Tribunal do J\u00fari, setores de apoio,\u00a0estacionamento para carros, motos e bicicletas, sistema contra inc\u00eandio e total acessbilidade. Todo o atendimento jurisdicional ser\u00e1 feito em um s\u00f3 local.<\/p>\n\n\n\n<figure class=\"wp-block-gallery columns-1 is-cropped wp-block-gallery-6 is-layout-flex wp-block-gallery-is-layout-flex\"><ul class=\"blocks-gallery-grid\"><li class=\"blocks-gallery-item\"><figure><img loading=\"lazy\" decoding=\"async\" width=\"678\" height=\"441\" src=\"https:\/\/aconteceunovale.com.br\/portal\/wp-content\/uploads\/2020\/05\/forum_tjm_sms_6.jpg\" alt=\"\" data-id=\"163293\" data-full-url=\"https:\/\/aconteceunovale.com.br\/portal\/wp-content\/uploads\/2020\/05\/forum_tjm_sms_6.jpg\" data-link=\"https:\/\/aconteceunovale.com.br\/portal\/?attachment_id=163293\" class=\"wp-image-163293\" srcset=\"https:\/\/aconteceunovale.com.br\/portal\/wp-content\/uploads\/2020\/05\/forum_tjm_sms_6.jpg 678w, https:\/\/aconteceunovale.com.br\/portal\/wp-content\/uploads\/2020\/05\/forum_tjm_sms_6-300x195.jpg 300w, https:\/\/aconteceunovale.com.br\/portal\/wp-content\/uploads\/2020\/05\/forum_tjm_sms_6-646x420.jpg 646w\" sizes=\"auto, (max-width: 678px) 100vw, 678px\" \/><figcaption class=\"blocks-gallery-item__caption\"><em>Contente com as novas instala\u00e7\u00f5es, o juiz Rafael Arriero Continentino enumerou as dificuldades do antigo f\u00f3rum (Foto: Robert Leal \/ TJMG)<\/em><\/figcaption><\/figure><\/li><\/ul><\/figure>\n\n\n\n<p>O&nbsp;jovem diretor do Foro da Comarca de Santa Maria do Sua\u00e7u\u00ed, juiz Rafael Arriero Continentino, que&nbsp;est\u00e1 na cidade desde 2017, quando iniciou sua carreira de magistrado,&nbsp;lembrou&nbsp;que conviveu com v\u00e1rios problemas no antigo pr\u00e9dio, um casar\u00e3o antigo e hist\u00f3rico, mas em p\u00e9ssimas condi\u00e7\u00f5es de conserva\u00e7\u00e3o.<\/p>\n\n\n\n<p>Agora ele at\u00e9 brinca com a situa\u00e7\u00e3o, mas recorda alguns epis\u00f3dios no m\u00ednimo bizarros do cotidiano no f\u00f3rum, como por exemplo, quando sentia um forte odor dentro do pr\u00e9dio e que ningu\u00e9m sabia do que se tratava.<\/p>\n\n\n\n<p>\u201cParte do forro foi retirado e descobrimos um grande ac\u00famulo de fezes de morcego, raz\u00e3o do&nbsp;mau cheiro. Neste dia, fiz v\u00e1rias fotos e encaminhei para o dr. Jair, em Belo Horizonte,&nbsp;que acompanhava o processo de mudan\u00e7a e aprova\u00e7\u00e3o da obra, para mostrar a ele que a situa\u00e7\u00e3o era realmente calamitosa\u201d, lembra o magistrado,&nbsp;sem esconder o sorriso de satisfa\u00e7\u00e3o.<\/p>\n\n\n\n<p>Havia outros problemas graves. No andar de cima, onde eram feitas as audi\u00eancias, as&nbsp;goteiras&nbsp;que inundavam a sala quando chovia eram um s\u00e9rio desafio.<\/p>\n\n\n\n<p>Ele tamb\u00e9m lembra que, por falta de acessibilidade, muitas vezes era obrigado a realizar audi\u00eancias em salas improvisadas no andar de baixo, principalmente quando idosos e deficientes participavam, pois n\u00e3o conseguiam subir as escadas.<\/p>\n\n\n\n<p><strong>Pistolagem<\/strong><\/p>\n\n\n\n<p>Quando Rafael Continentino, natural de Belo Horizonte,&nbsp;chegou na comarca, havia mais de 6 mil processos ativos. Ele conseguiu reduzir tal n\u00famero para atuais 4,6 mil, mesmo acumulando a fun\u00e7\u00e3o de diretor do Foro da Comarca de Capelinha, para onde dever\u00e1 ser transferido em breve. \u201cDeixo para o meu sucessor uma comarca mais organizada e agora em um pr\u00e9dio que d\u00e1 gosto trabalhar pela popula\u00e7\u00e3o\u201d, disse.<\/p>\n\n\n\n<p>H\u00e1 pouco mais de 300 km de Belo Horizonte, a&nbsp;Comarca de Santa Maria de Sua\u00e7ui est\u00e1 em uma regi\u00e3o de Minas Gerais que, durante os anos de 1980 e 1990, se notabilizou por diversos crimes de pistolagem, principalmente motivados por brigas entre fam\u00edlias por causa de terras.<\/p>\n\n\n\n<p>Um destaque foi a fam\u00edlia Leite, envolvida na famosa Chacina de Malacacheta. De acordo com o magistrado, as brigas familiares diminu\u00edram&nbsp;mas deram lugar ao intenso tr\u00e1fico de drogas, que continua&nbsp;gerando muitos homic\u00eddios.<\/p>\n\n\n\n<p>Santa Maria\u00a0do Sua\u00e7u\u00ed tem\u00a0quase 15 mil habitantes. A comarca de primeira entr\u00e2ncia \u00e9\u00a0composta tamb\u00e9m por Jos\u00e9 Raydan, S\u00e3o Jos\u00e9 da Safira e S\u00e3o Sebasti\u00e3o do Maranh\u00e3o, totalizando 35 mil moradores.\u00a0<\/p>\n\n\n\n<figure class=\"wp-block-gallery columns-1 is-cropped wp-block-gallery-7 is-layout-flex wp-block-gallery-is-layout-flex\"><ul class=\"blocks-gallery-grid\"><li class=\"blocks-gallery-item\"><figure><img loading=\"lazy\" decoding=\"async\" width=\"678\" height=\"441\" src=\"https:\/\/aconteceunovale.com.br\/portal\/wp-content\/uploads\/2020\/05\/forum_tjm_sms_7.jpg\" alt=\"\" data-id=\"163294\" data-full-url=\"https:\/\/aconteceunovale.com.br\/portal\/wp-content\/uploads\/2020\/05\/forum_tjm_sms_7.jpg\" data-link=\"https:\/\/aconteceunovale.com.br\/portal\/?attachment_id=163294\" class=\"wp-image-163294\" srcset=\"https:\/\/aconteceunovale.com.br\/portal\/wp-content\/uploads\/2020\/05\/forum_tjm_sms_7.jpg 678w, https:\/\/aconteceunovale.com.br\/portal\/wp-content\/uploads\/2020\/05\/forum_tjm_sms_7-300x195.jpg 300w, https:\/\/aconteceunovale.com.br\/portal\/wp-content\/uploads\/2020\/05\/forum_tjm_sms_7-646x420.jpg 646w\" sizes=\"auto, (max-width: 678px) 100vw, 678px\" \/><\/figure><\/li><\/ul><\/figure>\n\n\n\n<p class=\"has-background has-very-light-gray-background-color\">Quer saber as not\u00edcias do <strong>Aconteceu no Vale<\/strong> em primeira m\u00e3o? Siga-nos no Facebook <a rel=\"noreferrer noopener\" href=\"http:\/\/facebook.com\/aconteceunovale\" target=\"_blank\">@aconteceunovale<\/a>, Twitter <a rel=\"noreferrer noopener\" href=\"https:\/\/twitter.com\/noticiadosvales\" target=\"_blank\">@noticiadosvales<\/a> e Instagram <a rel=\"noreferrer noopener\" href=\"https:\/\/www.instagram.com\/aconteceunovale\" target=\"_blank\">@aconteceunovale<\/a>.<\/p>\n","protected":false},"excerpt":{"rendered":"<p>A promessa virou d\u00edvida e a d\u00edvida foi paga nesta sexta-feira (29\/5\/2020)\u00a0pelo presidente do Tribunal de Justi\u00e7a de Minas Gerais (TJMG), desembargador Nelson Missias de Morais, ao povo da pequena Santa Maria do Sua\u00e7ui, Vale do Rio Doce, com a entrega do novo f\u00f3rum da comarca. A atual casa da Justi\u00e7a substitui\u00a0o antigo f\u00f3rum, j\u00e1 [&hellip;]<\/p>\n","protected":false},"author":1,"featured_media":163291,"comment_status":"open","ping_status":"closed","sticky":false,"template":"","format":"standard","meta":{"amp_status":"","footnotes":""},"categories":[121],"tags":[132,222700,222701,222695,222698,299,177588,222699,222697,222696,240,319,324,270,92646],"class_list":["post-163287","post","type-post","status-publish","format-standard","has-post-thumbnail","hentry","category-leste","tag-capelinha","tag-desembargador-elias-camilo","tag-elias-camilo","tag-entrega-do-novo-forum-a-populacao-de-santa-maria-do-suacui","tag-inauguracao-do-forum-de-santa-maria-do-suacui","tag-jose-raydan","tag-nelson-missias-de-morais","tag-novas-instalacoes-da-justica-em-santa-maria-do-suacui","tag-novo-forum-de-santa-maria-do-suacui","tag-novo-forum-e-entregue-a-populacao-de-santa-maria-do-suacui","tag-santa-maria-do-suacui","tag-sao-jose-da-safira","tag-sao-sebastiao-do-maranhao","tag-tjmg","tag-tribunal-de-justica-de-minas-gerais"],"_links":{"self":[{"href":"https:\/\/aconteceunovale.com.br\/portal\/index.php?rest_route=\/wp\/v2\/posts\/163287","targetHints":{"allow":["GET"]}}],"collection":[{"href":"https:\/\/aconteceunovale.com.br\/portal\/index.php?rest_route=\/wp\/v2\/posts"}],"about":[{"href":"https:\/\/aconteceunovale.com.br\/portal\/index.php?rest_route=\/wp\/v2\/types\/post"}],"author":[{"embeddable":true,"href":"https:\/\/aconteceunovale.com.br\/portal\/index.php?rest_route=\/wp\/v2\/users\/1"}],"replies":[{"embeddable":true,"href":"https:\/\/aconteceunovale.com.br\/portal\/index.php?rest_route=%2Fwp%2Fv2%2Fcomments&post=163287"}],"version-history":[{"count":1,"href":"https:\/\/aconteceunovale.com.br\/portal\/index.php?rest_route=\/wp\/v2\/posts\/163287\/revisions"}],"predecessor-version":[{"id":163295,"href":"https:\/\/aconteceunovale.com.br\/portal\/index.php?rest_route=\/wp\/v2\/posts\/163287\/revisions\/163295"}],"wp:featuredmedia":[{"embeddable":true,"href":"https:\/\/aconteceunovale.com.br\/portal\/index.php?rest_route=\/wp\/v2\/media\/163291"}],"wp:attachment":[{"href":"https:\/\/aconteceunovale.com.br\/portal\/index.php?rest_route=%2Fwp%2Fv2%2Fmedia&parent=163287"}],"wp:term":[{"taxonomy":"category","embeddable":true,"href":"https:\/\/aconteceunovale.com.br\/portal\/index.php?rest_route=%2Fwp%2Fv2%2Fcategories&post=163287"},{"taxonomy":"post_tag","embeddable":true,"href":"https:\/\/aconteceunovale.com.br\/portal\/index.php?rest_route=%2Fwp%2Fv2%2Ftags&post=163287"}],"curies":[{"name":"wp","href":"https:\/\/api.w.org\/{rel}","templated":true}]}}