{"id":163283,"date":"2020-05-30T20:37:50","date_gmt":"2020-05-30T23:37:50","guid":{"rendered":"https:\/\/aconteceunovale.com.br\/portal\/?p=163283"},"modified":"2020-05-30T20:59:56","modified_gmt":"2020-05-30T23:59:56","slug":"brasil-tem-quase-500-mil-casos-confirmados-de-covid-19-e-28-834-mortes","status":"publish","type":"post","link":"https:\/\/aconteceunovale.com.br\/portal\/?p=163283","title":{"rendered":"Brasil tem quase 500 mil casos confirmados de Covid-19 e 28.834 mortes"},"content":{"rendered":"\n<p>O Brasil registrou 956 novas mortes por Covid-19 nas \u00faltimas 24 horas, chegando ao total de 28.834. O resultado representou um aumento de 3,4% em rela\u00e7\u00e3o a ontem (29), quando foram contabilizados 27.878 \u00f3bitos provocados pela doen\u00e7a. Os n\u00fameros foram divulgados, no in\u00edcio da noite de hoje (30\/5\/2020), no balan\u00e7o di\u00e1rio do Minist\u00e9rio da Sa\u00fade.<\/p>\n\n\n\n<p>Foram inclu\u00eddas nas estat\u00edsticas 33.274 novas pessoas infectadas com o novo coronav\u00edrus, somando 498.440 casos confirmados. O resultado marcou um acr\u00e9scimo de 7,2% em rela\u00e7\u00e3o a ontem, quando o n\u00famero de pessoas infectadas estava em 465.166.<\/p>\n\n\n\n<p>Do total de casos confirmados, 268.714 (53,9%) est\u00e3o em acompanhamento e 200.892 (40,3%) pacientes se recuperaram. H\u00e1 ainda 3.862 \u00f3bitos sendo analisados.<\/p>\n\n\n\n<p>S\u00e3o Paulo se mant\u00e9m como epicentro da pandemia no pa\u00eds, concentrando o maior n\u00famero de mortes (7.532). O estado \u00e9 seguido pelo Rio de Janeiro (5.277), Cear\u00e1 (2.956), Par\u00e1 (2.900) e Pernambuco (2.740).<\/p>\n\n\n\n<p>Al\u00e9m disso, foram registradas mortes no Amazonas (2.047), Maranh\u00e3o (932), Bahia (638), Esp\u00edrito Santo (583), Alagoas (424), Para\u00edba (347), Rio Grande do Norte (305), Minas Gerais (263), Rio Grande do Sul (218), Amap\u00e1 (215), Paran\u00e1 (181), Piau\u00ed (157), Rond\u00f4nia (151), Distrito Federal (162), Santa Catarina (136), Sergipe (149), Acre (142), Goi\u00e1s (122), Roraima (110), Tocantins (71), Mato Grosso (57) e Mato Grosso do Sul (19).<\/p>\n\n\n\n<p>J\u00e1 em n\u00famero de casos confirmados, aparecem nas primeiras posi\u00e7\u00f5es do ranking S\u00e3o Paulo (107.642), Rio de Janeiro (52.420), Cear\u00e1 (46.056), Amazonas (40.560) e Par\u00e1 (37.296). Entre as unidades da federa\u00e7\u00e3o com mais pessoas infectadas est\u00e3o ainda Pernambuco (33.427), Maranh\u00e3o (32.620), Bahia (17.626), Esp\u00edrito Santo (13.437) e Para\u00edba (12.862).<\/p>\n\n\n\n<h2 class=\"wp-block-heading\"><strong>Registros de \u00f3bitos por Covid-19 em S\u00e3o Paulo ultrapassam 7,5 mil<\/strong><\/h2>\n\n\n\n<p>O n\u00famero de \u00f3bitos, causados por Covid-19, registrados no estado de S\u00e3o Paulo, chegou&nbsp;hoje&nbsp;(30) a 7.532. Nas \u00faltimas 24 horas, ocorreram 257 mortes em decorr\u00eancia da doen\u00e7a. O n\u00famero de infectados, que&nbsp;ontem&nbsp;era de 101.556,&nbsp;hoje&nbsp;subiu para 107.142. Os dados s\u00e3o da Secretaria de Estado da Sa\u00fade.<\/p>\n\n\n\n<p>A taxa de ocupa\u00e7\u00e3o dos leitos de unidades de terapia intensiva (UTI) na Grande S\u00e3o Paulo est\u00e1 em 83,1% &#8211; a mesma de&nbsp;ontem&nbsp;\u2013 e, em todo o estado, subiu para 71.6% &#8211;&nbsp;ontem&nbsp;era 70,7%. O n\u00famero de pacientes com covid-19 atualmente internados \u00e9 de 12.988: 8.190 em enfermarias e 4.798 em unidades de terapia intensiva.&nbsp;<\/p>\n\n\n\n<p>Desde o in\u00edcio da pandemia, o estado registrou 49.285 pessoas recuperadas de covid-19. Dessas, 20.461 precisaram ser internadas e j\u00e1 receberam alta hospitalar.<\/p>\n\n\n\n<h2 class=\"wp-block-heading\"><strong>Rio de Janeiro tem 5.277 mortes por Covid-19<\/strong><\/h2>\n\n\n\n<p>O estado do Rio de Janeiro chegou a 5.277 mortes por Covid-19, segundo dados divulgados hoje (30) pela Secretaria Estadual de Sa\u00fade. S\u00e3o 198 \u00f3bitos registrados nas \u00faltimas 24 horas. No total, s\u00e3o 52.420 casos confirmados, dos quais 37.470 j\u00e1 se recuperaram da doen\u00e7a.<\/p>\n\n\n\n<p>A cidade do Rio de Janeiro tem 28.481 casos e 3.525 mortes. Duque de Caxias \u00e9 o segundo munic\u00edpio do estado com mais mortes (250), segundo o boletim divulgado hoje.<\/p>\n\n\n\n<p>Do total de 52.420 casos, 10.929 resultaram em interna\u00e7\u00f5es e 4.355 precisaram ser internados em leitos de terapia intensiva (UTI).<\/p>\n\n\n\n<p class=\"has-background has-very-light-gray-background-color\">Quer saber as not\u00edcias do <strong>Aconteceu no Vale<\/strong> em primeira m\u00e3o? Siga-nos no Facebook <a rel=\"noreferrer noopener\" href=\"http:\/\/facebook.com\/aconteceunovale\" target=\"_blank\">@aconteceunovale<\/a>, Twitter <a rel=\"noreferrer noopener\" href=\"https:\/\/twitter.com\/noticiadosvales\" target=\"_blank\">@noticiadosvales<\/a> e Instagram <a rel=\"noreferrer noopener\" href=\"https:\/\/www.instagram.com\/aconteceunovale\" target=\"_blank\">@aconteceunovale<\/a>.<\/p>\n","protected":false},"excerpt":{"rendered":"<p>O Brasil registrou 956 novas mortes por Covid-19 nas \u00faltimas 24 horas, chegando ao total de 28.834. O resultado representou um aumento de 3,4% em rela\u00e7\u00e3o a ontem (29), quando foram contabilizados 27.878 \u00f3bitos provocados pela doen\u00e7a. Os n\u00fameros foram divulgados, no in\u00edcio da noite de hoje (30\/5\/2020), no balan\u00e7o di\u00e1rio do Minist\u00e9rio da Sa\u00fade. [&hellip;]<\/p>\n","protected":false},"author":1,"featured_media":162802,"comment_status":"open","ping_status":"closed","sticky":false,"template":"","format":"standard","meta":{"amp_status":"","footnotes":""},"categories":[6,40242],"tags":[4785,220477,222694,220660,219520,218049,218205,214884,215394,216498,218043,1018,19326,220349,218044,218045,215653,218206,219105,219104,218876,219519,140166,217692,220478,220479,220944,220945],"class_list":["post-163283","post","type-post","status-publish","format-standard","has-post-thumbnail","hentry","category-br","category-saude-2","tag-brasil","tag-brasil-bate-recorde-de-obitos-e-casos-confirmados-em-um-dia","tag-brasil-tem-quase-500-mil-casos-confirmados-de-covid-19-e-28-834-mortes","tag-brasil-ultrapassa-marca-de-4-mil-obitos-por-covid-19","tag-casos-confirmados-e-obitos-no-brasil","tag-casos-de-coronavirus-no-brasil","tag-casos-de-covid-19-no-brasil","tag-coronavirus","tag-coronavirus-no-brasil","tag-covid-19","tag-covid-19-no-brasil","tag-destaque","tag-ministerio-da-saude","tag-ministerio-da-saude-atualiza-numeros-do-coronavirus-no-brasil","tag-mortes-por-coronavirus-no-brasil","tag-mortes-por-covid-19-no-brasil","tag-novo-coronavirus","tag-numero-de-casos-de-covid-19-confirmados-no-brasil","tag-numeros-da-covid-19-no-brasil","tag-numeros-do-coronavirus-no-brasil","tag-obitos-por-coronavirus-no-brasil","tag-obitos-por-covid-19-no-brasil","tag-pandemia","tag-pandemia-de-coronavirus","tag-recorde-de-obitos-por-coronavirus-no-brasil","tag-recorde-de-obitos-por-covid-19-no-brasil","tag-virus-vai-atingir-70-da-populacao","tag-virus-vai-atingir-70-da-populacao-diz-jair-bolsonaro"],"_links":{"self":[{"href":"https:\/\/aconteceunovale.com.br\/portal\/index.php?rest_route=\/wp\/v2\/posts\/163283","targetHints":{"allow":["GET"]}}],"collection":[{"href":"https:\/\/aconteceunovale.com.br\/portal\/index.php?rest_route=\/wp\/v2\/posts"}],"about":[{"href":"https:\/\/aconteceunovale.com.br\/portal\/index.php?rest_route=\/wp\/v2\/types\/post"}],"author":[{"embeddable":true,"href":"https:\/\/aconteceunovale.com.br\/portal\/index.php?rest_route=\/wp\/v2\/users\/1"}],"replies":[{"embeddable":true,"href":"https:\/\/aconteceunovale.com.br\/portal\/index.php?rest_route=%2Fwp%2Fv2%2Fcomments&post=163283"}],"version-history":[{"count":1,"href":"https:\/\/aconteceunovale.com.br\/portal\/index.php?rest_route=\/wp\/v2\/posts\/163283\/revisions"}],"predecessor-version":[{"id":163284,"href":"https:\/\/aconteceunovale.com.br\/portal\/index.php?rest_route=\/wp\/v2\/posts\/163283\/revisions\/163284"}],"wp:featuredmedia":[{"embeddable":true,"href":"https:\/\/aconteceunovale.com.br\/portal\/index.php?rest_route=\/wp\/v2\/media\/162802"}],"wp:attachment":[{"href":"https:\/\/aconteceunovale.com.br\/portal\/index.php?rest_route=%2Fwp%2Fv2%2Fmedia&parent=163283"}],"wp:term":[{"taxonomy":"category","embeddable":true,"href":"https:\/\/aconteceunovale.com.br\/portal\/index.php?rest_route=%2Fwp%2Fv2%2Fcategories&post=163283"},{"taxonomy":"post_tag","embeddable":true,"href":"https:\/\/aconteceunovale.com.br\/portal\/index.php?rest_route=%2Fwp%2Fv2%2Ftags&post=163283"}],"curies":[{"name":"wp","href":"https:\/\/api.w.org\/{rel}","templated":true}]}}