{"id":163281,"date":"2020-05-30T20:23:12","date_gmt":"2020-05-30T23:23:12","guid":{"rendered":"https:\/\/aconteceunovale.com.br\/portal\/?p=163281"},"modified":"2020-05-30T20:23:26","modified_gmt":"2020-05-30T23:23:26","slug":"diamantina-tem-cinco-pacientes-recuperados-da-covid-19","status":"publish","type":"post","link":"https:\/\/aconteceunovale.com.br\/portal\/?p=163281","title":{"rendered":"Diamantina tem cinco pacientes recuperados da Covid-19"},"content":{"rendered":"\n<p>Dos nove casos de infec\u00e7\u00e3o pelo novo coronav\u00edrus (Covid-19) confirmados em Diamantina at\u00e9 este s\u00e1bado (30\/5\/2020), cinco est\u00e3o recuperados, segundo dados do boletim epidemiol\u00f3gico divulgado pela prefeitura do munic\u00edpio. Os outros quatro pacientes est\u00e3o em isolamento domiciliar.<\/p>\n\n\n\n<p>Ainda segundo o boletim epidemiol\u00f3gico, 71 pessoas est\u00e3o classificadas como suspeitas de terem contra\u00eddo a doen\u00e7a. Dessas, duas est\u00e3o internadas e tr\u00eas aguardam resultado de exames.<\/p>\n\n\n\n<p>At\u00e9 este s\u00e1bado, conforme o boletim, 121 casos foram descartados por exames laboratoriais e 108 conclu\u00edram o monitoramento por crit\u00e9rio cl\u00ednico.<\/p>\n\n\n\n<p><strong>Confira o boletim de 30\/05\/2020:<\/strong><\/p>\n\n\n\n<figure class=\"wp-block-image size-large\"><img decoding=\"async\" src=\"https:\/\/aconteceu.info\/boletins\/corona_diamantina_30maio.png\" alt=\"\"\/><\/figure>\n\n\n\n<p class=\"has-background has-very-light-gray-background-color\">Quer saber as not\u00edcias do <strong>Aconteceu no Vale<\/strong> em primeira m\u00e3o? Siga-nos no Facebook <a rel=\"noreferrer noopener\" href=\"http:\/\/facebook.com\/aconteceunovale\" target=\"_blank\">@aconteceunovale<\/a>, Twitter <a rel=\"noreferrer noopener\" href=\"https:\/\/twitter.com\/noticiadosvales\" target=\"_blank\">@noticiadosvales<\/a> e Instagram <a rel=\"noreferrer noopener\" href=\"https:\/\/www.instagram.com\/aconteceunovale\" target=\"_blank\">@aconteceunovale<\/a>.<\/p>\n","protected":false},"excerpt":{"rendered":"<p>Dos nove casos de infec\u00e7\u00e3o pelo novo coronav\u00edrus (Covid-19) confirmados em Diamantina at\u00e9 este s\u00e1bado (30\/5\/2020), cinco est\u00e3o recuperados, segundo dados do boletim epidemiol\u00f3gico divulgado pela prefeitura do munic\u00edpio. Os outros quatro pacientes est\u00e3o em isolamento domiciliar. Ainda segundo o boletim epidemiol\u00f3gico, 71 pessoas est\u00e3o classificadas como suspeitas de terem contra\u00eddo a doen\u00e7a. Dessas, duas [&hellip;]<\/p>\n","protected":false},"author":1,"featured_media":162139,"comment_status":"open","ping_status":"closed","sticky":false,"template":"","format":"standard","meta":{"amp_status":"","footnotes":""},"categories":[40242,120],"tags":[221709,221708,221707,221710,221711,198,221784,221712,221713,222693,221716,221919,221714,222429,221715,221920,222599],"class_list":["post-163281","post","type-post","status-publish","format-standard","has-post-thumbnail","hentry","category-saude-2","category-jequi","tag-caso-confirmado-de-coronavirus-em-diamantina","tag-caso-de-coronavirus-em-diamantina","tag-caso-de-covid-19-em-diamantina","tag-confirmado-o-primeiro-caso-de-coronavirus-em-diamantina","tag-coronavirus-em-diamantina","tag-diamantina","tag-diamantina-confirma-mais-quatro-casos-de-covid-19","tag-diamantina-coronavirus","tag-diamantina-covid-19","tag-diamantina-tem-cinco-pacientes-recuperados-da-covid-19","tag-diamantina-tem-primeiro-caso-confirmado-de-coronavirus","tag-novas-medidas-obrigatorias-para-os-supermercados-de-diamantina","tag-paciente-com-coronavirus-em-diamantina","tag-prefeitura-de-diamantina-confirma-mais-um-caso-de-coronavirus","tag-prefeitura-de-diamantina-confirma-primeiro-caso-de-coronavirus","tag-sobe-para-7-o-numero-de-casos-confirmados-de-covid-19-em-diamantina","tag-sobe-para-9-o-numero-de-casos-confirmados-de-covid-19-em-diamantina"],"_links":{"self":[{"href":"https:\/\/aconteceunovale.com.br\/portal\/index.php?rest_route=\/wp\/v2\/posts\/163281","targetHints":{"allow":["GET"]}}],"collection":[{"href":"https:\/\/aconteceunovale.com.br\/portal\/index.php?rest_route=\/wp\/v2\/posts"}],"about":[{"href":"https:\/\/aconteceunovale.com.br\/portal\/index.php?rest_route=\/wp\/v2\/types\/post"}],"author":[{"embeddable":true,"href":"https:\/\/aconteceunovale.com.br\/portal\/index.php?rest_route=\/wp\/v2\/users\/1"}],"replies":[{"embeddable":true,"href":"https:\/\/aconteceunovale.com.br\/portal\/index.php?rest_route=%2Fwp%2Fv2%2Fcomments&post=163281"}],"version-history":[{"count":1,"href":"https:\/\/aconteceunovale.com.br\/portal\/index.php?rest_route=\/wp\/v2\/posts\/163281\/revisions"}],"predecessor-version":[{"id":163282,"href":"https:\/\/aconteceunovale.com.br\/portal\/index.php?rest_route=\/wp\/v2\/posts\/163281\/revisions\/163282"}],"wp:featuredmedia":[{"embeddable":true,"href":"https:\/\/aconteceunovale.com.br\/portal\/index.php?rest_route=\/wp\/v2\/media\/162139"}],"wp:attachment":[{"href":"https:\/\/aconteceunovale.com.br\/portal\/index.php?rest_route=%2Fwp%2Fv2%2Fmedia&parent=163281"}],"wp:term":[{"taxonomy":"category","embeddable":true,"href":"https:\/\/aconteceunovale.com.br\/portal\/index.php?rest_route=%2Fwp%2Fv2%2Fcategories&post=163281"},{"taxonomy":"post_tag","embeddable":true,"href":"https:\/\/aconteceunovale.com.br\/portal\/index.php?rest_route=%2Fwp%2Fv2%2Ftags&post=163281"}],"curies":[{"name":"wp","href":"https:\/\/api.w.org\/{rel}","templated":true}]}}