{"id":163263,"date":"2020-05-30T19:11:51","date_gmt":"2020-05-30T22:11:51","guid":{"rendered":"https:\/\/aconteceunovale.com.br\/portal\/?p=163263"},"modified":"2020-05-30T19:12:34","modified_gmt":"2020-05-30T22:12:34","slug":"maes-menores-de-idade-podem-pedir-auxilio-emergencial-a-partir-de-hoje","status":"publish","type":"post","link":"https:\/\/aconteceunovale.com.br\/portal\/?p=163263","title":{"rendered":"M\u00e3es menores de idade podem pedir aux\u00edlio emergencial a partir de hoje"},"content":{"rendered":"\n<p>A partir de hoje (30\/5), as m\u00e3es com menos de 18 anos podem pedir o aux\u00edlio emergencial de R$ 600 (R$ 1,2 mil para m\u00e3es solteiras). A novidade est\u00e1 dispon\u00edvel na 16\u00aa vers\u00e3o do aplicativo <a href=\"https:\/\/auxilio.caixa.gov.br\/#\/inicio\" target=\"_blank\" rel=\"noreferrer noopener\">Caixa Aux\u00edlio Emergencial<\/a>, que est\u00e1 sendo liberada hoje pela Caixa Econ\u00f4mica Federal.<\/p>\n\n\n\n<p>Inclu\u00edda pelo Congresso durante a tramita\u00e7\u00e3o da medida provis\u00f3ria que instituiu o benef\u00edcio, a extens\u00e3o do aux\u00edlio emergencial para m\u00e3es menores de idade havia sido\u00a0sancionada pelo presidente\u00a0Jair Bolsonaro no \u00faltimo dia 15. O cadastro no aux\u00edlio emergencial pode ser pedido at\u00e9 3 de junho.<\/p>\n\n\n\n<p>A vice-presidente de Tecnologia da Caixa, Tatiana Thom\u00e9, explicou como funcionar\u00e1 a novidade em entrevista coletiva hoje \u00e0 tarde. A m\u00e3e menor de idade precisa cadastrar pelo menos dois membros da fam\u00edlia (ela pr\u00f3pria mais um filho, no m\u00ednimo). Caso a adolescente perten\u00e7a a uma fam\u00edlia maior, com algum membro que tenha se cadastrado no aux\u00edlio emergencial, precisar\u00e1 fazer o cadastro compat\u00edvel com o do outro membro da fam\u00edlia.<\/p>\n\n\n\n<p>M\u00e3es gr\u00e1vidas n\u00e3o poder\u00e3o fazer o cadastro porque o aplicativo pedir\u00e1 o Cadastro de Pessoas F\u00edsicas (CPF) do filho. O processo se dar\u00e1 de forma igual ao dos demais cadastramentos. Ao entrar no aplicativo, a m\u00e3e digitar\u00e1 nome completo, n\u00famero do CPF, nome da m\u00e3e e data de nascimento, conforme constam nos cadastros da Receita Federal. O aplicativo oferece a op\u00e7\u00e3o \u201cm\u00e3e desconhecida\u201d, caso a requerente n\u00e3o conhe\u00e7a a m\u00e3e.<\/p>\n\n\n\n<p>Finalizado o cadastro, os dados ser\u00e3o enviados \u00e0 Dataprev, empresa estatal de tecnologia, que comparar\u00e1 as informa\u00e7\u00f5es prestadas com as 17 bases de dados dispon\u00edveis para ver se o requerente cumpre as condi\u00e7\u00f5es da lei para receber o aux\u00edlio emergencial. A usu\u00e1ria poder\u00e1 acompanhar, no pr\u00f3prio aplicativo, se o benef\u00edcio foi aprovado, negado ou se o cadastro foi considerado inconclusivo (quando as informa\u00e7\u00f5es prestadas n\u00e3o conferem com os bancos de dados do governo).<\/p>\n\n\n\n<p class=\"has-background has-very-light-gray-background-color\">Quer saber as not\u00edcias do <strong>Aconteceu no Vale<\/strong> em primeira m\u00e3o? Siga-nos no Facebook <a rel=\"noreferrer noopener\" href=\"http:\/\/facebook.com\/aconteceunovale\" target=\"_blank\">@aconteceunovale<\/a>, Twitter <a rel=\"noreferrer noopener\" href=\"https:\/\/twitter.com\/noticiadosvales\" target=\"_blank\">@noticiadosvales<\/a> e Instagram <a rel=\"noreferrer noopener\" href=\"https:\/\/www.instagram.com\/aconteceunovale\" target=\"_blank\">@aconteceunovale<\/a>.<\/p>\n","protected":false},"excerpt":{"rendered":"<p>A partir de hoje (30\/5), as m\u00e3es com menos de 18 anos podem pedir o aux\u00edlio emergencial de R$ 600 (R$ 1,2 mil para m\u00e3es solteiras). A novidade est\u00e1 dispon\u00edvel na 16\u00aa vers\u00e3o do aplicativo Caixa Aux\u00edlio Emergencial, que est\u00e1 sendo liberada hoje pela Caixa Econ\u00f4mica Federal. Inclu\u00edda pelo Congresso durante a tramita\u00e7\u00e3o da medida [&hellip;]<\/p>\n","protected":false},"author":1,"featured_media":161592,"comment_status":"open","ping_status":"closed","sticky":false,"template":"","format":"standard","meta":{"amp_status":"","footnotes":""},"categories":[6],"tags":[222664,222666,219405,219383,23072,76285,214884,216498,4610,222676,140166,222665,37100,222667],"class_list":["post-163263","post","type-post","status-publish","format-standard","has-post-thumbnail","hentry","category-br","tag-acordo-preve-maximo-de-20-dias-para-analise-de-auxilio-emergencial","tag-analise-do-auxilio-emergencial","tag-auxilio-de-r-600","tag-auxilio-emergencial","tag-caixa","tag-caixa-economica","tag-coronavirus","tag-covid-19","tag-governo-federal","tag-maes-menores-de-idade-podem-pedir-auxilio-emergencial-a-partir-de-hoje","tag-pandemia","tag-prazo-para-analise-do-auxilio-emergencial","tag-programas-sociais","tag-tempo-para-analise-do-auxilio-emergencial"],"_links":{"self":[{"href":"https:\/\/aconteceunovale.com.br\/portal\/index.php?rest_route=\/wp\/v2\/posts\/163263","targetHints":{"allow":["GET"]}}],"collection":[{"href":"https:\/\/aconteceunovale.com.br\/portal\/index.php?rest_route=\/wp\/v2\/posts"}],"about":[{"href":"https:\/\/aconteceunovale.com.br\/portal\/index.php?rest_route=\/wp\/v2\/types\/post"}],"author":[{"embeddable":true,"href":"https:\/\/aconteceunovale.com.br\/portal\/index.php?rest_route=\/wp\/v2\/users\/1"}],"replies":[{"embeddable":true,"href":"https:\/\/aconteceunovale.com.br\/portal\/index.php?rest_route=%2Fwp%2Fv2%2Fcomments&post=163263"}],"version-history":[{"count":1,"href":"https:\/\/aconteceunovale.com.br\/portal\/index.php?rest_route=\/wp\/v2\/posts\/163263\/revisions"}],"predecessor-version":[{"id":163264,"href":"https:\/\/aconteceunovale.com.br\/portal\/index.php?rest_route=\/wp\/v2\/posts\/163263\/revisions\/163264"}],"wp:featuredmedia":[{"embeddable":true,"href":"https:\/\/aconteceunovale.com.br\/portal\/index.php?rest_route=\/wp\/v2\/media\/161592"}],"wp:attachment":[{"href":"https:\/\/aconteceunovale.com.br\/portal\/index.php?rest_route=%2Fwp%2Fv2%2Fmedia&parent=163263"}],"wp:term":[{"taxonomy":"category","embeddable":true,"href":"https:\/\/aconteceunovale.com.br\/portal\/index.php?rest_route=%2Fwp%2Fv2%2Fcategories&post=163263"},{"taxonomy":"post_tag","embeddable":true,"href":"https:\/\/aconteceunovale.com.br\/portal\/index.php?rest_route=%2Fwp%2Fv2%2Ftags&post=163263"}],"curies":[{"name":"wp","href":"https:\/\/api.w.org\/{rel}","templated":true}]}}