{"id":163249,"date":"2020-05-30T17:06:31","date_gmt":"2020-05-30T20:06:31","guid":{"rendered":"https:\/\/aconteceunovale.com.br\/portal\/?p=163249"},"modified":"2020-05-30T17:07:22","modified_gmt":"2020-05-30T20:07:22","slug":"projeto-para-ampliar-cultivo-de-uvas-viniferas-e-azeitonas-e-desenvolvido-no-municipio-de-diamantina","status":"publish","type":"post","link":"https:\/\/aconteceunovale.com.br\/portal\/?p=163249","title":{"rendered":"Projeto para ampliar cultivo de uvas vin\u00edferas e azeitonas \u00e9 desenvolvido no munic\u00edpio de Diamantina"},"content":{"rendered":"\n<p>A\u00a0<a rel=\"noreferrer noopener\" href=\"http:\/\/www.epamig.br\/\" target=\"_blank\">Empresa de\u00a0Pesquisa Agropecu\u00e1ria de Minas Gerais (Epamig)<\/a>\u00a0desenvolve um projeto para ampliar o cultivo de uvas e azeitonas no munic\u00edpio de Diamantina. A demanda surgiu da Associa\u00e7\u00e3o de Viticultores e Olivicultores de Diamantina e Alto Jequitinhonha (Avodaj), que tamb\u00e9m busca melhorias no sistema produtivo da regi\u00e3o.<\/p>\n\n\n\n<p>O cultivo de uvas vin\u00edferas em Diamantina e no Alto Jequitinhonha teve in\u00edcio em 2005, com implanta\u00e7\u00e3o de vinhedos de uvas Syrah para condu\u00e7\u00e3o em manejo sob dupla poda, t\u00e9cnica desenvolvida pela Epamig, que desloca o per\u00edodo de colheita das uvas para o inverno.<\/p>\n\n\n\n<p>O bom desenvolvimento das plantas e a qualidade dos vinhos atra\u00edram novos produtores. Hoje, a Associa\u00e7\u00e3o conta com dez vitivinicultores associados e uma \u00e1rea geral com 52 mil plantas de diferentes cultivares.<\/p>\n\n\n\n<p>Os produtores tamb\u00e9m se interessaram pelo cultivo das azeitonas, por\u00e9m a olivicultura na regi\u00e3o ainda n\u00e3o est\u00e1 consolidada. \u201cDiamantina est\u00e1 entre as dez cidades mais altas de Minas, o que faz com que o clima seja favor\u00e1vel para o cultivo das azeitonas. O projeto visa desenvolver e adaptar tecnologias j\u00e1 empregadas, avaliar e selecionar cultivares adaptadas e caracterizar a produ\u00e7\u00e3o e qualidade do azeite produzido na regi\u00e3o, garantindo seguran\u00e7a e confian\u00e7a aos que desejarem iniciar na atividade\u201d, ressalta o coordenador do Programa Estadual de Pesquisa em Olivicultura da Epamig, Luiz Fernando de Oliveira.<\/p>\n\n\n\n<figure class=\"wp-block-gallery columns-1 is-cropped wp-block-gallery-1 is-layout-flex wp-block-gallery-is-layout-flex\"><ul class=\"blocks-gallery-grid\"><li class=\"blocks-gallery-item\"><figure><img loading=\"lazy\" decoding=\"async\" width=\"675\" height=\"450\" src=\"https:\/\/aconteceunovale.com.br\/portal\/wp-content\/uploads\/2020\/05\/azeitona_mg.jpg\" alt=\"\" data-id=\"163250\" data-full-url=\"https:\/\/aconteceunovale.com.br\/portal\/wp-content\/uploads\/2020\/05\/azeitona_mg.jpg\" data-link=\"https:\/\/aconteceunovale.com.br\/portal\/?attachment_id=163250\" class=\"wp-image-163250\" srcset=\"https:\/\/aconteceunovale.com.br\/portal\/wp-content\/uploads\/2020\/05\/azeitona_mg.jpg 675w, https:\/\/aconteceunovale.com.br\/portal\/wp-content\/uploads\/2020\/05\/azeitona_mg-300x200.jpg 300w, https:\/\/aconteceunovale.com.br\/portal\/wp-content\/uploads\/2020\/05\/azeitona_mg-630x420.jpg 630w\" sizes=\"auto, (max-width: 675px) 100vw, 675px\" \/><figcaption class=\"blocks-gallery-item__caption\"><em>Cultivo de azeitonas ainda n\u00e3o est\u00e1 consolidado na regi\u00e3o &#8211; Foto: Ascom\/Epam<\/em>ig<\/figcaption><\/figure><\/li><\/ul><\/figure>\n\n\n\n<p><strong>Funcionamento<\/strong><\/p>\n\n\n\n<p>S\u00e3o realizadas&nbsp;visitas para efetuar diagn\u00f3sticos e trabalhar as demandas espec\u00edficas dos produtores, mas, em decorr\u00eancia da pandemia de covid-19, os acompanhamentos est\u00e3o sendo realizados virtualmente.&nbsp;<\/p>\n\n\n\n<p>\u201cRecebemos v\u00eddeos dos produtores relatando suas principais demandas sobre o cultivo da uva e a vinifica\u00e7\u00e3o. Como n\u00e3o est\u00e1 sendo poss\u00edvel o deslocamento dos t\u00e9cnicos para capacita\u00e7\u00e3o em nossos campo experimentais, estamos gravando v\u00eddeos dos manejos em nossos vinhedos e orientando os produtores. Faremos o mesmo para a produ\u00e7\u00e3o de vinhos, manejo dos olivais e processamento do azeite\u201d, explica&nbsp;a&nbsp;chefe do Departamento de Pesquisas da Epamig, Beatriz Cordenonsi.<\/p>\n\n\n\n<p>Ap\u00f3s o t\u00e9rmino do per\u00edodo de isolamento social, os t\u00e9cnicos ser\u00e3o recebidos nas unidades da Epamig em Caldas e Maria da F\u00e9.<\/p>\n\n\n\n<p>O projeto envolve a&nbsp;Universidade Federal dos Vales do Jequitinhonha e Mucuri (UFVJM), onde ser\u00e1 instalada uma unidade demonstrativa de oliveiras. Outra unidade tamb\u00e9m ser\u00e1 instalada em Maria da F\u00e9.<\/p>\n\n\n\n<p>O encerramento do projeto est\u00e1 previsto para 2021, com a realiza\u00e7\u00e3o de um evento para abordar o diagn\u00f3stico das pesquisas.<\/p>\n\n\n\n<p class=\"has-background has-very-light-gray-background-color\">Quer saber as not\u00edcias do <strong>Aconteceu no Vale<\/strong> em primeira m\u00e3o? Siga-nos no Facebook <a rel=\"noreferrer noopener\" href=\"http:\/\/facebook.com\/aconteceunovale\" target=\"_blank\">@aconteceunovale<\/a>, Twitter <a rel=\"noreferrer noopener\" href=\"https:\/\/twitter.com\/noticiadosvales\" target=\"_blank\">@noticiadosvales<\/a> e Instagram <a rel=\"noreferrer noopener\" href=\"https:\/\/www.instagram.com\/aconteceunovale\" target=\"_blank\">@aconteceunovale<\/a>.<\/p>\n","protected":false},"excerpt":{"rendered":"<p>A\u00a0Empresa de\u00a0Pesquisa Agropecu\u00e1ria de Minas Gerais (Epamig)\u00a0desenvolve um projeto para ampliar o cultivo de uvas e azeitonas no munic\u00edpio de Diamantina. A demanda surgiu da Associa\u00e7\u00e3o de Viticultores e Olivicultores de Diamantina e Alto Jequitinhonha (Avodaj), que tamb\u00e9m busca melhorias no sistema produtivo da regi\u00e3o. O cultivo de uvas vin\u00edferas em Diamantina e no Alto [&hellip;]<\/p>\n","protected":false},"author":1,"featured_media":163250,"comment_status":"open","ping_status":"closed","sticky":false,"template":"","format":"standard","meta":{"amp_status":"","footnotes":""},"categories":[120],"tags":[222647,222642,222645,3686,222643,222646,222644,1018,198,25886,25884,37558,37546,222648,222649,250,7129],"class_list":["post-163249","post","type-post","status-publish","format-standard","has-post-thumbnail","hentry","category-jequi","tag-associacao-de-viticultores-e-olivicultores-de-diamantina-e-alto-jequitinhonha","tag-avodaj","tag-beatriz-cordenonsi","tag-caldas","tag-cultivo-de-azeitonas-em-diamantina","tag-cultivo-de-uvas-em-diamantina","tag-cultivo-de-uvas-viniferas-em-diamantina","tag-destaque","tag-diamantina","tag-empresa-de-pesquisa-agropecuaria-de-minas-gerais","tag-epamig","tag-luiz-fernando-de-oliveira","tag-maria-da-fe","tag-pesquisas-da-epamig","tag-projeto-para-ampliar-cultivo-de-uvas-viniferas-e-azeitonas-e-desenvolvido-no-municipio-de-diamantina","tag-ufvjm","tag-universidade-federal-dos-vales-do-jequitinhonha-e-mucuri"],"_links":{"self":[{"href":"https:\/\/aconteceunovale.com.br\/portal\/index.php?rest_route=\/wp\/v2\/posts\/163249","targetHints":{"allow":["GET"]}}],"collection":[{"href":"https:\/\/aconteceunovale.com.br\/portal\/index.php?rest_route=\/wp\/v2\/posts"}],"about":[{"href":"https:\/\/aconteceunovale.com.br\/portal\/index.php?rest_route=\/wp\/v2\/types\/post"}],"author":[{"embeddable":true,"href":"https:\/\/aconteceunovale.com.br\/portal\/index.php?rest_route=\/wp\/v2\/users\/1"}],"replies":[{"embeddable":true,"href":"https:\/\/aconteceunovale.com.br\/portal\/index.php?rest_route=%2Fwp%2Fv2%2Fcomments&post=163249"}],"version-history":[{"count":1,"href":"https:\/\/aconteceunovale.com.br\/portal\/index.php?rest_route=\/wp\/v2\/posts\/163249\/revisions"}],"predecessor-version":[{"id":163251,"href":"https:\/\/aconteceunovale.com.br\/portal\/index.php?rest_route=\/wp\/v2\/posts\/163249\/revisions\/163251"}],"wp:featuredmedia":[{"embeddable":true,"href":"https:\/\/aconteceunovale.com.br\/portal\/index.php?rest_route=\/wp\/v2\/media\/163250"}],"wp:attachment":[{"href":"https:\/\/aconteceunovale.com.br\/portal\/index.php?rest_route=%2Fwp%2Fv2%2Fmedia&parent=163249"}],"wp:term":[{"taxonomy":"category","embeddable":true,"href":"https:\/\/aconteceunovale.com.br\/portal\/index.php?rest_route=%2Fwp%2Fv2%2Fcategories&post=163249"},{"taxonomy":"post_tag","embeddable":true,"href":"https:\/\/aconteceunovale.com.br\/portal\/index.php?rest_route=%2Fwp%2Fv2%2Ftags&post=163249"}],"curies":[{"name":"wp","href":"https:\/\/api.w.org\/{rel}","templated":true}]}}