{"id":163247,"date":"2020-05-30T16:41:06","date_gmt":"2020-05-30T19:41:06","guid":{"rendered":"https:\/\/aconteceunovale.com.br\/portal\/?p=163247"},"modified":"2020-05-30T16:42:34","modified_gmt":"2020-05-30T19:42:34","slug":"ipatinga-confirma-mais-dois-obitos-por-covid-19","status":"publish","type":"post","link":"https:\/\/aconteceunovale.com.br\/portal\/?p=163247","title":{"rendered":"Ipatinga confirma mais dois \u00f3bitos por Covid-19"},"content":{"rendered":"\n<p>A Prefeitura de Ipatinga (MG) confirmou na tarde deste s\u00e1bado (30\/5\/2020) a terceira morte por Covid-19 no munic\u00edpio. Trata-se de uma mulher, de 85 anos, que residia no bairro Bom Jardim. Ela veio a \u00f3bito na manh\u00e3 de hoje no Hospital Municipal Eliane Martins (HMEM).<\/p>\n\n\n\n<p>\u201cA administra\u00e7\u00e3o municipal reitera que o HMEM forneceu \u00e0 fam\u00edlia todas as informa\u00e7\u00f5es quanto \u00e0 causa da morte e, de acordo com o protocolo recomendado pelo Minist\u00e9rio da Sa\u00fade, repassou as orienta\u00e7\u00f5es quanto aos tr\u00e2mites que deveriam ser seguidos no vel\u00f3rio e sepultamento, os procedimentos em rela\u00e7\u00e3o ao conv\u00edvio familiar por um per\u00edodo, ap\u00f3s o falecimento da v\u00edtima\u201d, informou a prefeitura.<\/p>\n\n\n\n<p><strong>Segundo \u00f3bito<\/strong><\/p>\n\n\n\n<p>A segunda morte pela doen\u00e7a em Ipatinga foi confirmada na manh\u00e3 deste s\u00e1bado. Trata-se de uma mulher, de 96 anos, que morava no bairro Beth\u00e2nia. Ela faleceu na noite de sexta-feira (29) no Hospital M\u00e1rcio Cunha.<\/p>\n\n\n\n<p>O primeiro \u00f3bito foi informado pela prefeitura na tarde da \u00faltima segunda-feira (25). Trata-se de um homem, de 70 anos, que residia no bairro Esperan\u00e7a, e estava internado no Hospital Municipal.<\/p>\n\n\n\n<p><strong>\u00daltimo boletim<\/strong><\/p>\n\n\n\n<p>Segundo o \u00faltimo boletim epidemiol\u00f3gico, o n\u00famero de casos confirmados subiu para 220, sendo que 89 pacientes est\u00e3o recuperados, 16 internados e 114 em isolamento domiciliar.<\/p>\n\n\n\n<p><strong>Com\u00e9rcio deve fechar novamente<\/strong><\/p>\n\n\n\n<p>Com o aumento no n\u00famero mortes por Covid-19 em Ipatinga, o prefeito Nardyello Rocha antecipou neste s\u00e1bado (30) que j\u00e1 solicitou para a pr\u00f3xima segunda-feira (1\/6) a convoca\u00e7\u00e3o de uma reuni\u00e3o extraordin\u00e1ria com membros do \u201cComit\u00ea Gestor de Crise\u201d.<\/p>\n\n\n\n<p>O objetivo \u00e9 reavaliar a decis\u00e3o de funcionamento de diversos segmentos do com\u00e9rcio, mesmo em hor\u00e1rios e dias restritos.<\/p>\n\n\n\n<p>Diante do agravamento da situa\u00e7\u00e3o, o prefeito de Ipatinga adiantou que sua recomenda\u00e7\u00e3o ser\u00e1 pela suspens\u00e3o de todas as atividades comerciais, com exce\u00e7\u00e3o dos estabelecimentos considerados essenciais, como por exemplo, farm\u00e1cias, padarias, postos de combust\u00edveis e supermercados.<\/p>\n\n\n\n<p class=\"has-background has-very-light-gray-background-color\">Quer saber as not\u00edcias do <strong>Aconteceu no Vale<\/strong> em primeira m\u00e3o? Siga-nos no Facebook <a rel=\"noreferrer noopener\" href=\"http:\/\/facebook.com\/aconteceunovale\" target=\"_blank\">@aconteceunovale<\/a>, Twitter <a rel=\"noreferrer noopener\" href=\"https:\/\/twitter.com\/noticiadosvales\" target=\"_blank\">@noticiadosvales<\/a> e Instagram <a rel=\"noreferrer noopener\" href=\"https:\/\/www.instagram.com\/aconteceunovale\" target=\"_blank\">@aconteceunovale<\/a>.<\/p>\n","protected":false},"excerpt":{"rendered":"<p>A Prefeitura de Ipatinga (MG) confirmou na tarde deste s\u00e1bado (30\/5\/2020) a terceira morte por Covid-19 no munic\u00edpio. Trata-se de uma mulher, de 85 anos, que residia no bairro Bom Jardim. Ela veio a \u00f3bito na manh\u00e3 de hoje no Hospital Municipal Eliane Martins (HMEM). \u201cA administra\u00e7\u00e3o municipal reitera que o HMEM forneceu \u00e0 fam\u00edlia [&hellip;]<\/p>\n","protected":false},"author":1,"featured_media":163074,"comment_status":"open","ping_status":"closed","sticky":false,"template":"","format":"standard","meta":{"amp_status":"","footnotes":""},"categories":[121,40242],"tags":[222294,222296,214884,217741,216498,201,222596,222641,222370,222369,222368,46322,222295,222417],"class_list":["post-163247","post","type-post","status-publish","format-standard","has-post-thumbnail","hentry","category-leste","category-saude-2","tag-casos-confirmados-de-coronavirus-em-ipatinga","tag-casos-confirmados-de-covid-19-em-ipatinga","tag-coronavirus","tag-coronavirus-em-ipatinga","tag-covid-19","tag-ipatinga","tag-ipatinga-chega-a-200-casos-de-covid-19","tag-ipatinga-confirma-mais-dois-obitos-por-covid-19","tag-ipatinga-registra-o-primeiro-obito-por-covid-19","tag-obito-por-coronavirus-em-ipatinga","tag-obito-por-covid-19-em-ipatinga","tag-prefeitura-de-ipatinga","tag-sobe-para-102-o-numero-de-casos-confirmados-de-covid-19-em-ipatinga","tag-sobe-para-149-o-numero-de-casos-confirmados-de-coronavirus-em-ipatinga"],"_links":{"self":[{"href":"https:\/\/aconteceunovale.com.br\/portal\/index.php?rest_route=\/wp\/v2\/posts\/163247","targetHints":{"allow":["GET"]}}],"collection":[{"href":"https:\/\/aconteceunovale.com.br\/portal\/index.php?rest_route=\/wp\/v2\/posts"}],"about":[{"href":"https:\/\/aconteceunovale.com.br\/portal\/index.php?rest_route=\/wp\/v2\/types\/post"}],"author":[{"embeddable":true,"href":"https:\/\/aconteceunovale.com.br\/portal\/index.php?rest_route=\/wp\/v2\/users\/1"}],"replies":[{"embeddable":true,"href":"https:\/\/aconteceunovale.com.br\/portal\/index.php?rest_route=%2Fwp%2Fv2%2Fcomments&post=163247"}],"version-history":[{"count":1,"href":"https:\/\/aconteceunovale.com.br\/portal\/index.php?rest_route=\/wp\/v2\/posts\/163247\/revisions"}],"predecessor-version":[{"id":163248,"href":"https:\/\/aconteceunovale.com.br\/portal\/index.php?rest_route=\/wp\/v2\/posts\/163247\/revisions\/163248"}],"wp:featuredmedia":[{"embeddable":true,"href":"https:\/\/aconteceunovale.com.br\/portal\/index.php?rest_route=\/wp\/v2\/media\/163074"}],"wp:attachment":[{"href":"https:\/\/aconteceunovale.com.br\/portal\/index.php?rest_route=%2Fwp%2Fv2%2Fmedia&parent=163247"}],"wp:term":[{"taxonomy":"category","embeddable":true,"href":"https:\/\/aconteceunovale.com.br\/portal\/index.php?rest_route=%2Fwp%2Fv2%2Fcategories&post=163247"},{"taxonomy":"post_tag","embeddable":true,"href":"https:\/\/aconteceunovale.com.br\/portal\/index.php?rest_route=%2Fwp%2Fv2%2Ftags&post=163247"}],"curies":[{"name":"wp","href":"https:\/\/api.w.org\/{rel}","templated":true}]}}