{"id":163226,"date":"2020-05-29T16:23:08","date_gmt":"2020-05-29T19:23:08","guid":{"rendered":"https:\/\/aconteceunovale.com.br\/portal\/?p=163226"},"modified":"2020-05-29T16:23:36","modified_gmt":"2020-05-29T19:23:36","slug":"teofilo-otoni-aviso-de-chamamento-publico","status":"publish","type":"post","link":"https:\/\/aconteceunovale.com.br\/portal\/?p=163226","title":{"rendered":"TE\u00d3FILO OTONI: Aviso de Chamamento P\u00fablico"},"content":{"rendered":"\n<p class=\"has-background has-very-light-gray-background-color\" align='justify'>CHAMAMENTO P\u00daBLICO n.\u00ba 05\/2020 &#8211; PGEA 20.02.0300.0001108\/2020-43 &#8211; Prospec\u00e7\u00e3o no mercado imobili\u00e1rio visando a aquisi\u00e7\u00e3o de im\u00f3vel edificado ou em fase final de constru\u00e7\u00e3o para abrigar a sede pr\u00f3pria da Procuradoria Regional do Trabalho em TE\u00d3FILO OTONI\/MG. Entrega dos envelopes por correspond\u00eancia registrada ou pessoalmente at\u00e9 o dia 12\/06\/2020. Disponibilidade dos Editais: a partir de 25\/05\/2020, no portal eletr\u00f4nico <a href=\"http:\/\/www.prt3.mpt.mp.br\/\" target=\"_blank\" rel=\"noreferrer noopener\">www.prt3.mpt.mp.br<\/a>. Esclarecimentos adicionais pelos telefones: (31) 9 8489-8417 ou (31) 9 9921-5989 ou pelo e-mail:\u00a0 <a href=\"mailto:prt03.diretorregional@mpt.mp.br\" target=\"_blank\" rel=\"noreferrer noopener\">prt03.diretorregional@mpt.mp.br<\/a> &#8211; Minist\u00e9rio P\u00fablico do Trabalho &#8211; Arl\u00e9lio de Carvalho Lage, Procurador Chefe.<\/p>\n\n\n\n<p><em>Publicado em 29\/05\/2020, \u00e0s 16h21 | <a rel=\"noreferrer noopener\" href=\"https:\/\/www.aconteceunovale.com.br\/portal\/\" target=\"_blank\">Aconteceu no Vale<\/a><\/em><\/p>\n","protected":false},"excerpt":{"rendered":"<p>CHAMAMENTO P\u00daBLICO n.\u00ba 05\/2020 &#8211; PGEA 20.02.0300.0001108\/2020-43 &#8211; Prospec\u00e7\u00e3o no mercado imobili\u00e1rio visando a aquisi\u00e7\u00e3o de im\u00f3vel edificado ou em fase final de constru\u00e7\u00e3o para abrigar a sede pr\u00f3pria da Procuradoria Regional do Trabalho em TE\u00d3FILO OTONI\/MG. Entrega dos envelopes por correspond\u00eancia registrada ou pessoalmente at\u00e9 o dia 12\/06\/2020. Disponibilidade dos Editais: a partir de [&hellip;]<\/p>\n","protected":false},"author":1,"featured_media":163227,"comment_status":"open","ping_status":"closed","sticky":false,"template":"","format":"standard","meta":{"amp_status":"","footnotes":""},"categories":[155260,122],"tags":[222630,222634,222631,222629,128066,222628,152120,222633,222632,164],"class_list":["post-163226","post","type-post","status-publish","format-standard","has-post-thumbnail","hentry","category-editais","category-mucuri","tag-arlelio-de-carvalho-lage","tag-chamamento-publico-mpt-teofilo-otoni","tag-chamamento-publico-procuradoria-regional-do-trabalho-em-teofilo-otoni","tag-construcao-da-nova-sede-da-procuradoria-regional-do-trabalho-em-teofilo-otoni","tag-ministerio-publico-do-trabalho","tag-mpt-teofilo-otoni","tag-mpt-mg","tag-nova-sede-da-procuradoria-regional-do-trabalho-em-teofilo-otoni","tag-procuradoria-regional-do-trabalho-em-teofilo-otoni","tag-teofilo-otoni"],"_links":{"self":[{"href":"https:\/\/aconteceunovale.com.br\/portal\/index.php?rest_route=\/wp\/v2\/posts\/163226","targetHints":{"allow":["GET"]}}],"collection":[{"href":"https:\/\/aconteceunovale.com.br\/portal\/index.php?rest_route=\/wp\/v2\/posts"}],"about":[{"href":"https:\/\/aconteceunovale.com.br\/portal\/index.php?rest_route=\/wp\/v2\/types\/post"}],"author":[{"embeddable":true,"href":"https:\/\/aconteceunovale.com.br\/portal\/index.php?rest_route=\/wp\/v2\/users\/1"}],"replies":[{"embeddable":true,"href":"https:\/\/aconteceunovale.com.br\/portal\/index.php?rest_route=%2Fwp%2Fv2%2Fcomments&post=163226"}],"version-history":[{"count":1,"href":"https:\/\/aconteceunovale.com.br\/portal\/index.php?rest_route=\/wp\/v2\/posts\/163226\/revisions"}],"predecessor-version":[{"id":163228,"href":"https:\/\/aconteceunovale.com.br\/portal\/index.php?rest_route=\/wp\/v2\/posts\/163226\/revisions\/163228"}],"wp:featuredmedia":[{"embeddable":true,"href":"https:\/\/aconteceunovale.com.br\/portal\/index.php?rest_route=\/wp\/v2\/media\/163227"}],"wp:attachment":[{"href":"https:\/\/aconteceunovale.com.br\/portal\/index.php?rest_route=%2Fwp%2Fv2%2Fmedia&parent=163226"}],"wp:term":[{"taxonomy":"category","embeddable":true,"href":"https:\/\/aconteceunovale.com.br\/portal\/index.php?rest_route=%2Fwp%2Fv2%2Fcategories&post=163226"},{"taxonomy":"post_tag","embeddable":true,"href":"https:\/\/aconteceunovale.com.br\/portal\/index.php?rest_route=%2Fwp%2Fv2%2Ftags&post=163226"}],"curies":[{"name":"wp","href":"https:\/\/api.w.org\/{rel}","templated":true}]}}