{"id":163218,"date":"2020-05-29T12:33:29","date_gmt":"2020-05-29T15:33:29","guid":{"rendered":"https:\/\/aconteceunovale.com.br\/portal\/?p=163218"},"modified":"2020-05-29T12:34:52","modified_gmt":"2020-05-29T15:34:52","slug":"regional-de-saude-de-diamantina-alerta-sobre-avanco-da-dengue-em-alguns-municipios-do-jequitinhonha","status":"publish","type":"post","link":"https:\/\/aconteceunovale.com.br\/portal\/?p=163218","title":{"rendered":"Regional de Sa\u00fade de Diamantina alerta sobre avan\u00e7o da Dengue em alguns munic\u00edpios do Jequitinhonha"},"content":{"rendered":"\n<p>Apesar do intenso trabalho para combater o avan\u00e7o do coronav\u00edrus na regi\u00e3o, a equipe de Vigil\u00e2ncia Epidemiologia da Regional de Sa\u00fade de Diamantina n\u00e3o perdeu o foco no enfrentamento das Arboviroses, cujo transmissor \u00e9 o&nbsp;Aedes Aegypti, mais conhecido como mosquito da dengue.<\/p>\n\n\n\n<p>Neste sentido, foi realizada, na \u00faltima quarta-feira, 27\/05, uma videoconfer\u00eancia com os coordenadores da epidemiologia da macrorregi\u00e3o do Jequitinhonha para apresenta\u00e7\u00e3o e atualiza\u00e7\u00e3o de notas t\u00e9cnicas e alertas sobre a alta incid\u00eancia de casos notificados de dengue em alguns munic\u00edpios. A reuni\u00e3o foi conduzida pelo coordenador da epidemiologia da Regional, Jos\u00e9 Vicente Honorato, e contou com o apoio da refer\u00eancia t\u00e9cnica das Arboviroses, Kesley Duarte de Jesus, e da coordenadora da vigil\u00e2ncia em sa\u00fade, Mariana Cristina Rocha.<\/p>\n\n\n\n<p>\u201cNa videoconfer\u00eancia apresentamos aos coordenadores notas t\u00e9cnicas atualizadas pelo Minist\u00e9rio da Sa\u00fade e secretaria de sa\u00fade que visam nortear e gerar mais seguran\u00e7a nas atividades realizadas pelos Agentes Comunit\u00e1rios de Sa\u00fade (ACS) e pelos Agentes Comunit\u00e1rios de Endemias (ACE) durante a pandemia, incluindo o cuidado com o trabalhador sintom\u00e1tico. Al\u00e9m disso, destacamos a nota t\u00e9cnica n\u00ba 08\/2020, que orienta sobre a\u00e7\u00f5es com medidas n\u00e3o farmacol\u00f3gicas no enfrentamento ao Aedes Aegypti, bem como a import\u00e2ncia da realiza\u00e7\u00e3o de todos os ciclos de visitas\u201d, destacou a refer\u00eancia t\u00e9cnica das Arboviroses, Kesley Duarte de Jesus<\/p>\n\n\n\n<p>Conforme dados do Sistema de Informa\u00e7\u00e3o de Agravos de Notifica\u00e7\u00e3o (SINAN), alguns munic\u00edpios aparecem em alta e muito alta incid\u00eancia para dengue, como \u00e9 o caso de Ara\u00e7ua\u00ed, com 294 casos; Chapada do Norte, com 57 casos; Coronel Murta, com 22 casos; Minas Novas, com 44 casos; Senador Modestino Gon\u00e7alves, com 20 casos; Turmalina, com 50 casos; e Virgem da Lapa, com 58 casos prov\u00e1veis nas \u00faltimas 4 semanas.<\/p>\n\n\n\n<p>\u201cDiante do alerta de muito alta incid\u00eancia para dengue, nos casos dos munic\u00edpios de Senador Modestino Gon\u00e7alves e Chapada do Norte, os mesmos j\u00e1 formalizaram junto \u00e0 Regional de Sa\u00fade de Diamantina a solicita\u00e7\u00e3o de ajuda da For\u00e7a Tarefa Estadual. Tal solicita\u00e7\u00e3o foi acatada, em car\u00e1ter de urg\u00eancia, e encaminhada ao N\u00edvel Central da Secretaria de Estado de Sa\u00fade de Minas Gerais (SES-MG). Em breve a nossa for\u00e7a-tarefa ser\u00e1 enviada para dar suporte aos munic\u00edpios\u201d, salientou o coordenador da Epidemiologia da Regional, Jos\u00e9 Vicente Honorato.<\/p>\n\n\n\n<p>Ao final da reuni\u00e3o, Maria Aparecida de F\u00e1tima Oliveira, coordenadora de Vigil\u00e2ncia em Sa\u00fade do munic\u00edpio de Capelinha, refor\u00e7ou a import\u00e2ncia da uni\u00e3o para superar tantos desafios. \u201cVamos superar esse momento. \u00c9 s\u00f3 mantermos a uniformidade nas a\u00e7\u00f5es, pois a derrota de um refletir\u00e1 nos vizinhos; mas o \u00eaxito de um munic\u00edpio ser\u00e1 de grande incentivo para todos\u201d, concluiu F\u00e1tima.<\/p>\n\n\n\n<figure class=\"wp-block-gallery columns-1 is-cropped wp-block-gallery-1 is-layout-flex wp-block-gallery-is-layout-flex\"><ul class=\"blocks-gallery-grid\"><li class=\"blocks-gallery-item\"><figure><img loading=\"lazy\" decoding=\"async\" width=\"640\" height=\"400\" src=\"https:\/\/aconteceunovale.com.br\/portal\/wp-content\/uploads\/2020\/05\/reuniao_ses_dtna.jpg\" alt=\"\" data-id=\"163219\" data-full-url=\"https:\/\/aconteceunovale.com.br\/portal\/wp-content\/uploads\/2020\/05\/reuniao_ses_dtna.jpg\" data-link=\"https:\/\/aconteceunovale.com.br\/portal\/?attachment_id=163219\" class=\"wp-image-163219\" srcset=\"https:\/\/aconteceunovale.com.br\/portal\/wp-content\/uploads\/2020\/05\/reuniao_ses_dtna.jpg 640w, https:\/\/aconteceunovale.com.br\/portal\/wp-content\/uploads\/2020\/05\/reuniao_ses_dtna-300x188.jpg 300w\" sizes=\"auto, (max-width: 640px) 100vw, 640px\" \/><\/figure><\/li><\/ul><\/figure>\n\n\n\n<p class=\"has-background has-very-light-gray-background-color\">Quer saber as not\u00edcias do <strong>Aconteceu no Vale<\/strong> em primeira m\u00e3o? Siga-nos no Facebook <a rel=\"noreferrer noopener\" href=\"http:\/\/facebook.com\/aconteceunovale\" target=\"_blank\">@aconteceunovale<\/a>, Twitter <a rel=\"noreferrer noopener\" href=\"https:\/\/twitter.com\/noticiadosvales\" target=\"_blank\">@noticiadosvales<\/a> e Instagram <a rel=\"noreferrer noopener\" href=\"https:\/\/www.instagram.com\/aconteceunovale\" target=\"_blank\">@aconteceunovale<\/a>.<\/p>\n","protected":false},"excerpt":{"rendered":"<p>Apesar do intenso trabalho para combater o avan\u00e7o do coronav\u00edrus na regi\u00e3o, a equipe de Vigil\u00e2ncia Epidemiologia da Regional de Sa\u00fade de Diamantina n\u00e3o perdeu o foco no enfrentamento das Arboviroses, cujo transmissor \u00e9 o&nbsp;Aedes Aegypti, mais conhecido como mosquito da dengue. Neste sentido, foi realizada, na \u00faltima quarta-feira, 27\/05, uma videoconfer\u00eancia com os coordenadores [&hellip;]<\/p>\n","protected":false},"author":1,"featured_media":161202,"comment_status":"open","ping_status":"closed","sticky":false,"template":"","format":"standard","meta":{"amp_status":"","footnotes":""},"categories":[40242,120],"tags":[186,132,481,483,1344,222625,198,222622,222623,222627,221019,137,206976,222626,439,178,222624,482],"class_list":["post-163218","post","type-post","status-publish","format-standard","has-post-thumbnail","hentry","category-saude-2","category-jequi","tag-aracuai","tag-capelinha","tag-chapada-do-norte","tag-coronel-murta","tag-dengue","tag-dengue-na-regional-de-diamantina","tag-diamantina","tag-jose-vicente-honorato","tag-kesley-duarte-de-jesus","tag-maria-aparecida-de-fatima-oliveira","tag-mariana-cristina-rocha","tag-minas-novas","tag-regional-de-saude-de-diamantina","tag-regional-de-saude-de-diamantina-alerta-sobre-avanco-da-dengue-em-alguns-municipios-do-alto-jequitinhonha","tag-senador-modestino-goncalves","tag-turmalina","tag-vigilancia-epidemiologia-da-regional-de-saude-de-diamantina","tag-virgem-da-lapa"],"_links":{"self":[{"href":"https:\/\/aconteceunovale.com.br\/portal\/index.php?rest_route=\/wp\/v2\/posts\/163218","targetHints":{"allow":["GET"]}}],"collection":[{"href":"https:\/\/aconteceunovale.com.br\/portal\/index.php?rest_route=\/wp\/v2\/posts"}],"about":[{"href":"https:\/\/aconteceunovale.com.br\/portal\/index.php?rest_route=\/wp\/v2\/types\/post"}],"author":[{"embeddable":true,"href":"https:\/\/aconteceunovale.com.br\/portal\/index.php?rest_route=\/wp\/v2\/users\/1"}],"replies":[{"embeddable":true,"href":"https:\/\/aconteceunovale.com.br\/portal\/index.php?rest_route=%2Fwp%2Fv2%2Fcomments&post=163218"}],"version-history":[{"count":1,"href":"https:\/\/aconteceunovale.com.br\/portal\/index.php?rest_route=\/wp\/v2\/posts\/163218\/revisions"}],"predecessor-version":[{"id":163220,"href":"https:\/\/aconteceunovale.com.br\/portal\/index.php?rest_route=\/wp\/v2\/posts\/163218\/revisions\/163220"}],"wp:featuredmedia":[{"embeddable":true,"href":"https:\/\/aconteceunovale.com.br\/portal\/index.php?rest_route=\/wp\/v2\/media\/161202"}],"wp:attachment":[{"href":"https:\/\/aconteceunovale.com.br\/portal\/index.php?rest_route=%2Fwp%2Fv2%2Fmedia&parent=163218"}],"wp:term":[{"taxonomy":"category","embeddable":true,"href":"https:\/\/aconteceunovale.com.br\/portal\/index.php?rest_route=%2Fwp%2Fv2%2Fcategories&post=163218"},{"taxonomy":"post_tag","embeddable":true,"href":"https:\/\/aconteceunovale.com.br\/portal\/index.php?rest_route=%2Fwp%2Fv2%2Ftags&post=163218"}],"curies":[{"name":"wp","href":"https:\/\/api.w.org\/{rel}","templated":true}]}}