{"id":163214,"date":"2020-05-29T12:00:50","date_gmt":"2020-05-29T15:00:50","guid":{"rendered":"https:\/\/aconteceunovale.com.br\/portal\/?p=163214"},"modified":"2020-05-29T12:01:53","modified_gmt":"2020-05-29T15:01:53","slug":"suspeitos-de-varios-crimes-em-nova-serrana-e-regiao-sao-presos-durante-operacao-em-agua-boa","status":"publish","type":"post","link":"https:\/\/aconteceunovale.com.br\/portal\/?p=163214","title":{"rendered":"Suspeitos de v\u00e1rios crimes em Nova Serrana e regi\u00e3o s\u00e3o presos durante opera\u00e7\u00e3o em \u00c1gua Boa"},"content":{"rendered":"\n<p>A 7\u00aa Delegacia de Pol\u00edcia Civil (DPC) de \u00c1gua Boa (MG) \u2013 2\u00aa Regional de Capelinha, em opera\u00e7\u00e3o conjunta com o 2\u00ba Grupamento da Pol\u00edcia Militar (GP PM), prendeu na manh\u00e3 desta sexta-feira (29\/5\/2020) dois indiv\u00edduos envolvidos em v\u00e1rios delitos na cidade de Nova Serrana e regi\u00e3o.<\/p>\n\n\n\n<p>Segundo a Pol\u00edcia Civil, J.P.M.S e J.V.G s\u00e3o suspeitos do furto de uma motocicleta em \u00c1gua Boa na \u00faltima segunda-feira (25\/5). Uma garrucha cal.32 e uma espingarda polveira de fabrica\u00e7\u00e3o artesanal foram encontradas a dupla.<\/p>\n\n\n\n<p>J.P.M.S e J.V.G foram encaminhados ao Sistema Prisional e permanecem \u00e0 disposi\u00e7\u00e3o da Justi\u00e7a.<\/p>\n\n\n\n<figure class=\"wp-block-gallery columns-1 is-cropped wp-block-gallery-1 is-layout-flex wp-block-gallery-is-layout-flex\"><ul class=\"blocks-gallery-grid\"><li class=\"blocks-gallery-item\"><figure><img loading=\"lazy\" decoding=\"async\" width=\"664\" height=\"450\" src=\"https:\/\/aconteceunovale.com.br\/portal\/wp-content\/uploads\/2020\/05\/presos_agua_boa_1.jpg\" alt=\"\" data-id=\"163216\" data-full-url=\"https:\/\/aconteceunovale.com.br\/portal\/wp-content\/uploads\/2020\/05\/presos_agua_boa_1.jpg\" data-link=\"https:\/\/aconteceunovale.com.br\/portal\/?attachment_id=163216\" class=\"wp-image-163216\" srcset=\"https:\/\/aconteceunovale.com.br\/portal\/wp-content\/uploads\/2020\/05\/presos_agua_boa_1.jpg 664w, https:\/\/aconteceunovale.com.br\/portal\/wp-content\/uploads\/2020\/05\/presos_agua_boa_1-300x203.jpg 300w, https:\/\/aconteceunovale.com.br\/portal\/wp-content\/uploads\/2020\/05\/presos_agua_boa_1-620x420.jpg 620w\" sizes=\"auto, (max-width: 664px) 100vw, 664px\" \/><figcaption class=\"blocks-gallery-item__caption\"><em>Foto: Divulga\u00e7\u00e3o \/ PCMG<\/em><\/figcaption><\/figure><\/li><li class=\"blocks-gallery-item\"><figure><img loading=\"lazy\" decoding=\"async\" width=\"678\" height=\"442\" src=\"https:\/\/aconteceunovale.com.br\/portal\/wp-content\/uploads\/2020\/05\/presos_agua_boa_2.jpg\" alt=\"\" data-id=\"163215\" data-full-url=\"https:\/\/aconteceunovale.com.br\/portal\/wp-content\/uploads\/2020\/05\/presos_agua_boa_2.jpg\" data-link=\"https:\/\/aconteceunovale.com.br\/portal\/?attachment_id=163215\" class=\"wp-image-163215\" srcset=\"https:\/\/aconteceunovale.com.br\/portal\/wp-content\/uploads\/2020\/05\/presos_agua_boa_2.jpg 678w, https:\/\/aconteceunovale.com.br\/portal\/wp-content\/uploads\/2020\/05\/presos_agua_boa_2-300x196.jpg 300w, https:\/\/aconteceunovale.com.br\/portal\/wp-content\/uploads\/2020\/05\/presos_agua_boa_2-644x420.jpg 644w\" sizes=\"auto, (max-width: 678px) 100vw, 678px\" \/><figcaption class=\"blocks-gallery-item__caption\"><em>Foto: Divulga\u00e7\u00e3o \/ PCMG<\/em><\/figcaption><\/figure><\/li><\/ul><\/figure>\n\n\n\n<figure class=\"wp-block-gallery columns-1 is-cropped wp-block-gallery-2 is-layout-flex wp-block-gallery-is-layout-flex\"><ul class=\"blocks-gallery-grid\"><li class=\"blocks-gallery-item\"><figure><img decoding=\"async\" src=\"https:\/\/aconteceu.info\/boletins\/presos_agua_boa_3.jpg\" alt=\"\"\/><figcaption class=\"blocks-gallery-item__caption\"><em>Foto: Divulga\u00e7\u00e3o \/ PCMG<\/em><\/figcaption><\/figure><\/li><\/ul><\/figure>\n\n\n\n<p class=\"has-background has-very-light-gray-background-color\">Quer saber as not\u00edcias do <strong>Aconteceu no Vale<\/strong> em primeira m\u00e3o? Siga-nos no Facebook <a rel=\"noreferrer noopener\" href=\"http:\/\/facebook.com\/aconteceunovale\" target=\"_blank\">@aconteceunovale<\/a>, Twitter <a rel=\"noreferrer noopener\" href=\"https:\/\/twitter.com\/noticiadosvales\" target=\"_blank\">@noticiadosvales<\/a> e Instagram <a rel=\"noreferrer noopener\" href=\"https:\/\/www.instagram.com\/aconteceunovale\" target=\"_blank\">@aconteceunovale<\/a>.<\/p>\n","protected":false},"excerpt":{"rendered":"<p>A 7\u00aa Delegacia de Pol\u00edcia Civil (DPC) de \u00c1gua Boa (MG) \u2013 2\u00aa Regional de Capelinha, em opera\u00e7\u00e3o conjunta com o 2\u00ba Grupamento da Pol\u00edcia Militar (GP PM), prendeu na manh\u00e3 desta sexta-feira (29\/5\/2020) dois indiv\u00edduos envolvidos em v\u00e1rios delitos na cidade de Nova Serrana e regi\u00e3o. Segundo a Pol\u00edcia Civil, J.P.M.S e J.V.G s\u00e3o [&hellip;]<\/p>\n","protected":false},"author":1,"featured_media":163216,"comment_status":"open","ping_status":"closed","sticky":false,"template":"","format":"standard","meta":{"amp_status":"","footnotes":""},"categories":[121],"tags":[130,222618,1018,222617,1515,222614,222616,157974,222621,222619,222620,222615],"class_list":["post-163214","post","type-post","status-publish","format-standard","has-post-thumbnail","hentry","category-leste","tag-agua-boa","tag-criminosos-presos-em-agua-boa","tag-destaque","tag-furto-de-moto-em-agua-boa","tag-nova-serrana","tag-policia-civil-de-agua-boa","tag-policia-militar-de-agua-boa","tag-presos-em-agua-boa","tag-presos-por-roubo-em-agua-boa","tag-roubo-em-agua-boa","tag-suspeitos-de-varios-crimes-em-nova-serrana-e-regiao-sao-presos-durante-operacao-em-agua-boa","tag-suspeitos-de-varios-crimes-sao-presos-em-agua-boa"],"_links":{"self":[{"href":"https:\/\/aconteceunovale.com.br\/portal\/index.php?rest_route=\/wp\/v2\/posts\/163214","targetHints":{"allow":["GET"]}}],"collection":[{"href":"https:\/\/aconteceunovale.com.br\/portal\/index.php?rest_route=\/wp\/v2\/posts"}],"about":[{"href":"https:\/\/aconteceunovale.com.br\/portal\/index.php?rest_route=\/wp\/v2\/types\/post"}],"author":[{"embeddable":true,"href":"https:\/\/aconteceunovale.com.br\/portal\/index.php?rest_route=\/wp\/v2\/users\/1"}],"replies":[{"embeddable":true,"href":"https:\/\/aconteceunovale.com.br\/portal\/index.php?rest_route=%2Fwp%2Fv2%2Fcomments&post=163214"}],"version-history":[{"count":1,"href":"https:\/\/aconteceunovale.com.br\/portal\/index.php?rest_route=\/wp\/v2\/posts\/163214\/revisions"}],"predecessor-version":[{"id":163217,"href":"https:\/\/aconteceunovale.com.br\/portal\/index.php?rest_route=\/wp\/v2\/posts\/163214\/revisions\/163217"}],"wp:featuredmedia":[{"embeddable":true,"href":"https:\/\/aconteceunovale.com.br\/portal\/index.php?rest_route=\/wp\/v2\/media\/163216"}],"wp:attachment":[{"href":"https:\/\/aconteceunovale.com.br\/portal\/index.php?rest_route=%2Fwp%2Fv2%2Fmedia&parent=163214"}],"wp:term":[{"taxonomy":"category","embeddable":true,"href":"https:\/\/aconteceunovale.com.br\/portal\/index.php?rest_route=%2Fwp%2Fv2%2Fcategories&post=163214"},{"taxonomy":"post_tag","embeddable":true,"href":"https:\/\/aconteceunovale.com.br\/portal\/index.php?rest_route=%2Fwp%2Fv2%2Ftags&post=163214"}],"curies":[{"name":"wp","href":"https:\/\/api.w.org\/{rel}","templated":true}]}}